{"id":59381,"date":"2024-08-06T05:31:02","date_gmt":"2024-08-06T03:31:02","guid":{"rendered":"https:\/\/www.infokuryr.cz\/n\/?p=59381"},"modified":"2024-08-06T05:31:02","modified_gmt":"2024-08-06T03:31:02","slug":"bidenovo-odchazeni","status":"publish","type":"post","link":"https:\/\/www.infokuryr.cz\/n\/2024\/08\/06\/bidenovo-odchazeni\/","title":{"rendered":"Bidenovo odch\u00e1zen\u00ed"},"content":{"rendered":"<div id=\"fb-root\"><\/div>\n<p><strong>V noci z 21. na 22. \u010dervence vy\u0161lo najevo, \u017ee Biden v rozporu se sv\u00fdmi prohl\u00e1\u0161en\u00edmi a pravd\u011bpodobn\u011b i proti sv\u00e9 v\u016fli opustil volebn\u00ed kl\u00e1n\u00ed. Dostate\u010dn\u011b brzy pot\u00e9 obdr\u017eela americk\u00e1 Feder\u00e1ln\u00ed volebn\u00ed komise ozn\u00e1men\u00ed o nominaci b\u00fdval\u00e9 viceprezidentsk\u00e9 kandid\u00e1tky Kamaly Harrisov\u00e9 na post hlavy st\u00e1tu. Mnoz\u00ed odborn\u00edci, v\u010detn\u011b t\u011bch ze Spojen\u00fdch st\u00e1t\u016f, se z\u00e1rove\u0148 domn\u00edvaj\u00ed, \u017ee podpora Harrisov\u00e9 ze strany demokrat\u016f nen\u00ed politickou, ale finan\u010dn\u00ed z\u00e1le\u017eitost\u00ed, nebo\u0165 b\u011bhem prob\u00edhaj\u00edc\u00ed kampan\u011b Biden-Harrisov\u00e1 byly vybr\u00e1ny stovky milion\u016f dolar\u016f. Nyn\u00ed mus\u00ed alespo\u0148 jeden z tohoto tandemu z\u016fstat na volebn\u00edm l\u00edstku, jinak by bylo pou\u017eit\u00ed t\u011bchto prost\u0159edk\u016f demokraty nez\u00e1konn\u00e9.<\/strong><\/p>\n<p>Na druhou stranu severoamerick\u00e1 fundraisingov\u00e1 platforma ActBlue uv\u00e1d\u00ed, \u017ee b\u011bhem p\u011bti hodin pot\u00e9, co Biden st\u00e1hl svou kandidaturu a Harrisov\u00e1 se stala nejpravd\u011bpodobn\u011bj\u0161\u00ed n\u00e1stupkyn\u00ed, darovali ob\u010dan\u00e9 USA p\u0159ibli\u017en\u011b 28 milion\u016f dolar\u016f, co\u017e je nejv\u011bt\u0161\u00ed a nejmasov\u011bj\u0161\u00ed dar v historii. Za necel\u00fd den Harrisov\u00e1 na svou kampa\u0148 vybrala v\u00edce ne\u017e 55 milion\u016f dolar\u016f a podle platformy se tak stala nejv\u011bt\u0161\u00ed \u010d\u00e1stkou v cyklu 2024. Pravda, neuv\u00e1d\u00ed po\u010det d\u00e1rc\u016f, kter\u00fd je v\u0161ak v\u00fdznamn\u00fd. Zejm\u00e9na v kontextu toho, \u017ee Harrisovou podporuj\u00ed Sorosovi.<\/p>\n<p>O Harrisov\u00e9 napsal miliard\u00e1\u0159 Alexander Soros, syn George Sorose, sou\u010dasn\u00fd p\u0159edseda \u201eOtev\u0159en\u00e9 spole\u010dnosti\u201c a fanatik sv\u00e9 vlastn\u00ed \u201edoktr\u00edny\u201c, kter\u00e1 p\u0159edpokl\u00e1d\u00e1 vytvo\u0159it m\u00edsto lidstva biomasu bez n\u00e1bo\u017eenstv\u00ed, pohlav\u00ed, etnika a zkr\u00e1tka a dob\u0159e bez my\u0161len\u00ed, jak je pops\u00e1no v knize Sorose star\u0161\u00edho \u201eV\u011bk omylu\u201c:<\/p>\n<p><em>\u201eJe \u010das, abychom se v\u0161ichni sjednotili kolem Kamaly Harrisov\u00e9 a porazili Donalda Trumpa. Je to nejlep\u0161\u00ed a nejkvalifikovan\u011bj\u0161\u00ed kandid\u00e1tka, kterou m\u00e1me. A\u0165 \u017eije americk\u00fd sen!\u201c.<\/em><\/p>\n<p>Sorosovi v\u0161ak Harrisovou vybrali mnohem d\u0159\u00edve. Je\u0161t\u011b kdy\u017e byla kalifornskou gener\u00e1ln\u00ed prokur\u00e1torkou, George Soros financoval jej\u00ed iniciativy v oblasti trestn\u00ed politiky, a kdy\u017e se Kamala rozhodla kandidovat do Sen\u00e1tu, Soros j\u00ed p\u0159isp\u011bl na kampa\u0148. Tak\u017ee ani nyn\u00ed se nezd\u00e1 b\u00fdt vyloupnut\u00ed 50 milion\u016f dolar\u016f pro Harrisovou p\u0159\u00edli\u0161 obt\u00ed\u017en\u00e9. Zvl\u00e1\u0161t\u011b pro n\u011bkoho, kdo nalil v\u00edce ne\u017e 250 milion\u016f dolar\u016f do \u010dern\u00e9 d\u00edry zvan\u00e9 \u201eb\u00fdval\u00e1 Ukrajina\u201c na protirusk\u00e9 projekty a jen o n\u011bco m\u00e9n\u011b na podporu nacionalist\u016f na Balk\u00e1n\u011b.<\/p>\n<p>Takov\u00e9 nad\u0161en\u00e9 sh\u00e1n\u011bn\u00ed prost\u0159edk\u016f v\u0161ak st\u00e1le sv\u011bd\u010d\u00ed o Harrisov\u011b podpo\u0159e, a\u0165 si jej\u00ed kritici \u0159\u00edkaj\u00ed, co cht\u011bj\u00ed.<\/p>\n<p>A m\u00e1 sv\u00e9 odp\u016frce, v\u010detn\u011b n\u011bkter\u00fdch vysoce postaven\u00fdch demokrat\u016f. Zat\u00edmco demokrat\u00e9 pos\u00edlali gratulace a koment\u00e1\u0159e, b\u00fdval\u00fd americk\u00fd prezident Barack Obama prohl\u00e1sil, \u017ee Demokratick\u00e1 strana \u201edok\u00e1\u017ee zorganizovat proces, z n\u011bho\u017e vzejde vynikaj\u00edc\u00ed kandid\u00e1t\u201c.<\/p>\n<p>Nez\u00e1visl\u00fd prezidentsk\u00fd kandid\u00e1t Robert Kennedy mlad\u0161\u00ed, jeho\u017e rodina m\u00e1 tak\u00e9 ur\u010dit\u00fd vliv, vyzval k tomu, aby byl demokratick\u00fd kandid\u00e1t zvolen v otev\u0159en\u00e9m procesu, a ne aby byla Kamala Harrisov\u00e1 vybr\u00e1na standardn\u011b. Nepodporuje ji ani Nancy Pelosiov\u00e1. Pelosiov\u00e1 se s Bidenem rozlou\u010dila diplomaticky a ozna\u010dila ho za \u201evlasteneck\u00e9ho Ameri\u010dana, kter\u00fd v\u017edy stav\u011bl na\u0161i zemi na prvn\u00ed m\u00edsto\u201c, a za jednoho z nejvlivn\u011bj\u0161\u00edch prezident\u016f v americk\u00e9 historii. Den\u00edk The New York Times v\u0161ak Pelosiovou pova\u017euje za str\u016fjkyni protibidenovsk\u00e9 kampan\u011b, a a\u0165 to stoj\u00ed, co to stoj\u00ed, opakovan\u011b \u017e\u00e1dala Bidena, aby odstoupil a nepotopil demokraty \u00fapln\u011b. Krom\u011b toho NYT ozna\u010duje Obamu za \u201ez\u00e1kulisn\u00edho loutk\u00e1\u0159e\u201c.<\/p>\n<p>Domn\u00edv\u00e1 se, \u017ee skupina veden\u00e1 t\u011bmito dv\u011bma v\u00fdznamn\u00fdmi demokraty by r\u00e1da vid\u011bla Michelle Obamovou v \u010dele st\u00e1tu. Sama Obamov\u00e1 opakovan\u011b prohl\u00e1sila, \u017ee kandidovat nebude, ale ve skute\u010dnosti \u017e\u00e1dn\u00e1 takov\u00e1 prohl\u00e1\u0161en\u00ed nic nev\u00e1\u017e\u00ed a kandid\u00e1tka se m\u016f\u017ee zm\u011bnit prakticky kdykoli, zejm\u00e9na p\u0159ed sjezdem Demokratick\u00e9 strany v Chicagu na konci srpna. Zvl\u00e1\u0161t\u011b vezmeme-li v \u00favahu zp\u016fsob, jak\u00fdm z\u00e1padn\u00ed m\u00e9dia za\u010dala znovu zve\u0159ej\u0148ovat exprezidentovu rodinu. Nap\u0159\u00edklad jeho nevlastn\u00ed sestra Auma Obamov\u00e1 se aktivn\u011b \u00fa\u010dastnila protivl\u00e1dn\u00edch protest\u016f v Keni, na\u010de\u017e se v americk\u00fdch m\u00e9di\u00edch objevily jej\u00ed fotografie, jak sed\u00ed na silnici a \u201etrp\u00ed represemi\u201c. Co se v\u0161ak t\u00fd\u010de \u201ev\u00e1lky fotografi\u00ed\u201c, \u017e\u00e1dn\u00e1 fotka demokrata nyn\u00ed nep\u0159ekon\u00e1 fotku Trumpa po atent\u00e1tu.<\/p>\n<p>A nejde jen o fotografie. Diane Sayreov\u00e1, nez\u00e1visl\u00e1 kandid\u00e1tka na sen\u00e1torku za st\u00e1t New York, uvedla, \u017ee Demokratick\u00e1 strana nyn\u00ed nem\u00e1 \u017e\u00e1dn\u00e9ho kandid\u00e1ta, kter\u00fd by mohl porazit republik\u00e1na Donalda Trumpa:<\/p>\n<p><em>\u201eV tuto chv\u00edli m\u011b nenapad\u00e1 jedin\u00fd potenci\u00e1ln\u00ed demokratick\u00fd kandid\u00e1t na prezidenta, kter\u00fd by mohl porazit Donalda Trumpa.\u201c<\/em><\/p>\n<p>Navzdory tomu, \u017ee t\u0159etina Ameri\u010dan\u016f nen\u00ed p\u0159ipravena volit \u017e\u00e1dn\u00e9ho z aktu\u00e1ln\u011b dostupn\u00fdch kandid\u00e1t\u016f a r\u00e1da by vid\u011bla n\u011bkoho \u00fapln\u011b nov\u00e9ho, a vzhledem k tomu, \u017ee do sjezdu Demokratick\u00e9 strany zb\u00fdv\u00e1 pouh\u00fd m\u011bs\u00edc, n\u011bjak\u00e1 shoda mezi demokraty nen\u00ed patrn\u00e1. I kdy\u017e sama \u201efale\u0161n\u00e1 Kamala\u201c, jak ji Trump nazval, prohl\u00e1sila, \u017ee \u201eud\u011bl\u00e1 v\u0161e, co je v jej\u00edch sil\u00e1ch, aby sjednotila Demokratickou stranu \u2013 a sjednotila n\u00e1rod \u2013 a porazila Donalda Trumpa\u201c.<\/p>\n<p>Skute\u010dnost, \u017ee bylo rozhodnuto podpo\u0159it Kamalu Harrisovou, na ni\u017e ji\u017e bylo vynalo\u017eeno mnoho \u00fasil\u00ed a pen\u011bz, m\u016f\u017ee tak\u00e9 nazna\u010dovat, \u017ee Demokratick\u00e1 strana ji\u017e nedouf\u00e1 v por\u00e1\u017eku trumpovc\u016f, ale o\u010dek\u00e1v\u00e1, \u017ee si v Kongresu n\u00e1sledn\u011b vytvo\u0159\u00ed siln\u00e9 k\u0159\u00eddlo, nebo\u0165 je v\u0161em zcela z\u0159ejm\u00e9, \u017ee v p\u0159\u00edpad\u011b Bidenova odchodu \u2013 co\u017e se stalo \u2013 je Harrisov\u00e1 prvn\u00ed osobou, na ni\u017e se Trump\u016fv \u0161t\u00e1b zam\u011b\u0159\u00ed. Republik\u00e1ni se na to p\u0159ipravuj\u00ed ji\u017e dlouho a jejich informa\u010dn\u00ed politiku nen\u00ed radno podce\u0148ovat. Cel\u00e9 Bidenovo d\u011bdictv\u00ed \u2013 inflace, zhor\u0161uj\u00edc\u00ed se ekonomika a v\u00fdrazn\u011b se zhor\u0161uj\u00edc\u00ed bezpe\u010dnostn\u00ed situace, imigra\u010dn\u00ed krize, to v\u0161e nyn\u00ed dopadne na Harrisovou. Sm\u011b\u0161n\u00e9 je, \u017ee mnoz\u00ed demokrat\u00e9 v\u00e1\u017en\u011b uva\u017euj\u00ed o ovliv\u0148ov\u00e1n\u00ed voli\u010d\u016f t\u00edm, \u017ee je budou han\u011bt za \u201ehistorickou rasovou a genderovou diskriminaci\u201c. To znamen\u00e1, \u017ee Kamala Harrisov\u00e1 by m\u011bla b\u00fdt zvolena jen kv\u016fli tomu, \u017ee nikdy v historii Spojen\u00fdch st\u00e1t\u016f nebyla prezidentkou \u017eena, a jako dal\u0161\u00ed plus \u2013 indi\u00e1nsko-jamajsk\u00fd p\u016fvod. Tato kategorie odborn\u00edk\u016f v\u0161ak uzn\u00e1v\u00e1, \u017ee indick\u00e1 man\u017eelka Trumpova viceprezidenta Jamese Davida Vance v tomto smyslu \u0161ance vyrovn\u00e1v\u00e1. Absurdn\u00ed, ale fakt.<\/p>\n<p>P\u0159esto se v\u011bt\u0161ina analytik\u016f p\u0159ikl\u00e1n\u00ed k n\u00e1zoru, \u017ee kone\u010dn\u00e9 rozhodnut\u00ed 5. listopadu padne nikoli na z\u00e1klad\u011b pohlav\u00ed \u010di rasy, nikoli d\u00edky \u010di navzdory zahrani\u010dn\u011bpolitick\u00e9 situaci a podpo\u0159e Ukrajiny \u010di Izraele, kter\u00e9 pr\u016fm\u011brn\u00e9ho voli\u010de u\u017e d\u00e1vno nud\u00ed. V tomto smyslu je mimochodem velmi symbolick\u00e9, \u017ee \u0159ada sv\u011btov\u00fdch l\u00eddr\u016f, nap\u0159\u00edklad ma\u010farsk\u00fd premi\u00e9r Viktor Orb\u00e1n, komunikuje s Trumpem p\u0159\u00edmo jako s ji\u017e \u00fa\u0159aduj\u00edc\u00edm l\u00eddrem. O nav\u00e1z\u00e1n\u00ed kontaktu s n\u00edm se pokou\u0161el i nelegitimn\u00ed Zelenskyj, kter\u00fd v\u0161ak dodal, \u017ee to bude obt\u00ed\u017en\u00e9.<\/p>\n<p>P\u0159iznejme si \u2013 Trump nen\u00ed v \u017e\u00e1dn\u00e9m p\u0159\u00edpad\u011b rusofil, ale na miliardy nalit\u00e9 do ukrajinsk\u00e9ho veden\u00ed m\u016f\u017eeme za\u010d\u00edt zapom\u00ednat u\u017e nyn\u00ed, bez ohledu na to, kdo se stane z\u00e1stupcem demokrat\u016f v tomto politick\u00e9m obdob\u00ed. \u00dast\u0159edn\u00edm bodem Bidenova zahrani\u010dn\u011bpolitick\u00e9ho cirkusu je op\u011bt Netanjahuova cesta do New Yorku. Tento soudem jmenovan\u00fd v\u00e1le\u010dn\u00fd zlo\u010dinec cestuje p\u0159es oce\u00e1n pr\u00e1v\u011b v dob\u011b, kdy se podle samotn\u00e9ho odch\u00e1zej\u00edc\u00edho prezidenta \u201epravd\u011bpodobn\u011b uskute\u010dn\u00ed jeho setk\u00e1n\u00ed s Bidenem\u201c. Pro\u010d se uskute\u010dn\u00ed a o \u010dem budou tito dva politicky utopen\u00ed mu\u017ei hovo\u0159it, v\u0161ak nikoho a nikde nezaj\u00edm\u00e1.<\/p>\n<p>A 5. listopadu si sv\u00e9 \u0159ekne ekonomika, a to v tom nejp\u0159\u00edzemn\u011bj\u0161\u00edm slova smyslu: v dob\u011b, kdy mnoho dom\u00e1cnost\u00ed nem\u00e1 z \u010deho zaplatit za sv\u011btlo \u010di pohonn\u00e9 hmoty a demokrat\u00e9 sypou miliardy do r\u016fzn\u00fdch \u201e\u010dern\u00fdch d\u011br\u201c, m\u00e1 \u201evl\u00e1dnouc\u00ed strana\u201c jen velmi mal\u00e9 \u0161ance.<\/p>\n<div class=\"podcarou\">\n<p>\u0411\u0410\u0419\u0414\u0415\u041d \u0423\u0425\u041e\u0414\u0418\u0422 vy\u0161el 23.7.2024 na katehon.com. P\u0159eklad\u00a0<a href=\"https:\/\/zvedavec.news\/komentare\/2024\/08\/10184-bidenovo-odchazeni.htm\">Zvedavec.org<\/a><\/p>\n<p>&nbsp;<\/p>\n<\/div>\n","protected":false},"excerpt":{"rendered":"<p>V noci z 21. na 22. \u010dervence vy\u0161lo najevo, \u017ee Biden v rozporu se sv\u00fdmi&#8230;<\/p>\n","protected":false},"author":2,"featured_media":59382,"comment_status":"closed","ping_status":"closed","sticky":false,"template":"","format":"standard","meta":[],"categories":[7],"tags":[72,1503,452,27],"_links":{"self":[{"href":"https:\/\/www.infokuryr.cz\/n\/wp-json\/wp\/v2\/posts\/59381"}],"collection":[{"href":"https:\/\/www.infokuryr.cz\/n\/wp-json\/wp\/v2\/posts"}],"about":[{"href":"https:\/\/www.infokuryr.cz\/n\/wp-json\/wp\/v2\/types\/post"}],"author":[{"embeddable":true,"href":"https:\/\/www.infokuryr.cz\/n\/wp-json\/wp\/v2\/users\/2"}],"replies":[{"embeddable":true,"href":"https:\/\/www.infokuryr.cz\/n\/wp-json\/wp\/v2\/comments?post=59381"}],"version-history":[{"count":0,"href":"https:\/\/www.infokuryr.cz\/n\/wp-json\/wp\/v2\/posts\/59381\/revisions"}],"wp:featuredmedia":[{"embeddable":true,"href":"https:\/\/www.infokuryr.cz\/n\/wp-json\/wp\/v2\/media\/59382"}],"wp:attachment":[{"href":"https:\/\/www.infokuryr.cz\/n\/wp-json\/wp\/v2\/media?parent=59381"}],"wp:term":[{"taxonomy":"category","embeddable":true,"href":"https:\/\/www.infokuryr.cz\/n\/wp-json\/wp\/v2\/categories?post=59381"},{"taxonomy":"post_tag","embeddable":true,"href":"https:\/\/www.infokuryr.cz\/n\/wp-json\/wp\/v2\/tags?post=59381"}],"curies":[{"name":"wp","href":"https:\/\/api.w.org\/{rel}","templated":true}]}}