{"id":59370,"date":"2024-08-06T00:37:31","date_gmt":"2024-08-05T22:37:31","guid":{"rendered":"https:\/\/www.infokuryr.cz\/n\/?p=59370"},"modified":"2024-08-05T19:48:21","modified_gmt":"2024-08-05T17:48:21","slug":"bartos-paralyzoval-cesko-zamrzly-stavby-za-100-miliard-uzna-selhani-a-odstoupi","status":"publish","type":"post","link":"https:\/\/www.infokuryr.cz\/n\/2024\/08\/06\/bartos-paralyzoval-cesko-zamrzly-stavby-za-100-miliard-uzna-selhani-a-odstoupi\/","title":{"rendered":"Barto\u0161 paralyzoval \u010cesko. Zamrzly stavby za 100 miliard. Uzn\u00e1 selh\u00e1n\u00ed a odstoup\u00ed?"},"content":{"rendered":"<div id=\"fb-root\"><\/div>\n<p>Barto\u0161 naprosto zpackal digitalizaci. Obrovsk\u00e1 katastrofa, kter\u00e1 zastav\u00ed stavebn\u00ed projekty za 100 miliard korun. Jeho arogance, kdy si ministr nedal \u0159\u00edct a protla\u010dil sv\u016fj z\u00e1kon i se spoustou z\u00e1sadn\u00edch chyb, te\u010f ohro\u017euje cel\u00fd stavebn\u00ed pr\u016fmysl i \u010deskou ekonomiku, kter\u00e1 se kv\u016fli tomu v hor\u0161\u00edm p\u0159\u00edpad\u011b m\u016f\u017ee dostat do recese. Uzn\u00e1 Barto\u0161 sv\u00e9 selh\u00e1n\u00ed a odstoup\u00ed? J\u00e1 o tom pochybuji.<\/p>\n<p>\ud83d\udc49 &#8222;Stanjura l\u017ee, jako kdy\u017e tiskne!&#8220; prohl\u00e1sil Kalousek a uk\u00e1zal na \u010d\u00edsla, kter\u00e1 mu d\u00e1vaj\u00ed za pravdu. To, \u017ee cel\u00e1 p\u011btikoalice od za\u010d\u00e1tku neust\u00e1le l\u017ee, u\u017e v\u00edme. Te\u010f to ale potvrdil i zakladatel jedn\u00e9 z p\u011btikoali\u010dn\u00edch stran &#8211; TOP09. Pro\u010d se Kalousek se Stanjurou poh\u00e1dali, se dozv\u00edte ve videu.<\/p>\n<p>\ud83d\udc49 \u010cesko spustilo gigantick\u00fd v\u00fdprodej st\u00e1tn\u00edho majetku! Na prodej je p\u0159es 30 tis\u00edc nemovitost\u00ed v\u010detn\u011b hrad\u016f, h\u0159bitov\u016f a pozemk\u016f. Ano, p\u0159esn\u011b tak &#8211; Fialova vl\u00e1da p\u0159ipravuje nejv\u011bt\u0161\u00ed privatizaci od revoluce. Asi t\u00edm cht\u011bj\u00ed zalepit ten sv\u016fj d\u011brav\u00fd rozpo\u010det, aby se mohli zase p\u0159ed volbami chlubit hezk\u00fdmi \u010d\u00edsly. Tohle m\u011b fakt nadzvedlo ze \u017eidle!<\/p>\n<p>\ud83d\udc49 Vl\u00e1da u\u017e nem\u016f\u017ee zru\u0161it &#8222;zelen\u00fd&#8220; p\u0159\u00edplatek, kter\u00fd zdra\u017e\u00ed benzin. Strk\u00e1 te\u010f sice hlavu do p\u00edsku, ale u\u017e nem\u00e1 cesty zp\u011bt. P\u011btikoalice si Green Deal schv\u00e1lila v pr\u016fb\u011bhu sv\u00e9ho p\u0159edsednictv\u00ed EU. \u0160patn\u00e1 zpr\u00e1va pro v\u0161echny.<\/p>\n<p>\ud83d\udc49 Pro\u010d v l\u00e9t\u011b kolabuje pra\u017esk\u00e1 doprava? Proto\u017ee je v Praze pr\u00e1v\u011b te\u010f 96 uzav\u00edrek, kter\u00e9 NIKDO nekoordinuje. P\u011btikoalice se nem\u00e1 na co vymlouvat, my jsme na to upozor\u0148ovali za hnut\u00ed ANO u\u017e p\u0159ed l\u00e9tem. Opravuje se jak Barrandovsk\u00fd most (nejvyt\u00ed\u017een\u011bj\u0161\u00ed komunikace), tak i pra\u017esk\u00fd okruh. Spole\u010dn\u011b s dal\u0161\u00edmi uzav\u00edrkami tak vytv\u00e1\u0159\u00ed obrovsk\u00fd chaos. D\u011bl\u00e1 u\u017e si Zden\u011bk H\u0159ib srandu? Prost\u011b na to nem\u00e1 a m\u011bl by skon\u010dit.<\/p>\n<p>\ud83d\udc49 Po \u0161esti letech Zden\u011bk H\u0159ib teprve p\u0159izn\u00e1v\u00e1, \u017ee je syst\u00e9m parkov\u00e1n\u00ed neefektivn\u00ed. V Praze doch\u00e1z\u00ed k 2 821 p\u0159estupk\u016fm denn\u011b. M\u011bl dost \u010dasu na to, aby s t\u00edm n\u011bco ud\u011blal. Tady u\u017e nepom\u016f\u017ee nic jin\u00e9ho, ne\u017e aby to p\u0159enechal schopn\u011bj\u0161\u00edm.<\/p>\n<p>\ud83d\udc49 \u0158idi\u010di v Praze proch\u00e1z\u00ed peklem. A co d\u011bl\u00e1 hlavn\u00ed m\u011bsto? Vym\u00fd\u0161l\u00ed dal\u0161\u00ed luxusn\u00ed cyklopruhy. Na Plze\u0148sk\u00e9 se z\u00fa\u017eil dopravn\u00ed pruh &#8211; o dva metry. Absolutn\u011b nepochopiteln\u00e9 a postaven\u00e9 na hlavu. K\u00e9\u017e by to byl jedin\u00fd nesmysl, ale zdaleka nen\u00ed.<\/p>\n<p>\ud83d\udc49 Tento t\u00fdden se uskute\u010dn\u00ed festival Prague Pride. Pr\u016fvod si samoz\u0159ejm\u011b vy\u017e\u00e1d\u00e1 dal\u0161\u00ed omezen\u00ed dopravy. Jestli u\u017e te\u010f trp\u00edte kv\u016fli nepr\u016fjezdnosti m\u011bsta, po\u010dkejte si na v\u00edkend, kdy bude festival na vrcholu. To bude teprve &#8222;sranda&#8220;. Rad\u011bji do auta ani nesedejte, pokud nemus\u00edte.<\/p>\n<p>To v\u0161e a mnohem v\u00edc se dozv\u00edte v 95. d\u00edlu m\u00e9ho politick\u00e9ho podcastu. D\u011bkuji v\u00e1m p\u0159edem za zhl\u00e9dnut\u00ed a pros\u00edm o dal\u0161\u00ed sd\u00edlen\u00ed, a\u0165 se pravdu dozv\u00ed co nejv\u00edc lid\u00ed! T\u011b\u0161\u00edm se na dotazy i koment\u00e1\u0159e!<\/p>\n<p><iframe loading=\"lazy\" title=\"Barto\u0161 paralyzoval \u010cesko. Zamrzly stavby za 100 miliard. Uzn\u00e1 selh\u00e1n\u00ed a odstoup\u00ed? | \u010cau Praho! #95\" width=\"640\" height=\"360\" src=\"https:\/\/www.youtube.com\/embed\/qH1_YR3aCVw?feature=oembed\" frameborder=\"0\" allow=\"accelerometer; autoplay; clipboard-write; encrypted-media; gyroscope; picture-in-picture; web-share\" referrerpolicy=\"strict-origin-when-cross-origin\" allowfullscreen><\/iframe><\/p>\n<p><span style=\"font-size: 14pt;\"><strong>Ing. Ond\u0159ej Prokop, p\u0159edseda hnut\u00ed ANO v Praze<\/strong><\/span><\/p>\n<p>&nbsp;<\/p>\n","protected":false},"excerpt":{"rendered":"<p>Barto\u0161 naprosto zpackal digitalizaci. Obrovsk\u00e1 katastrofa, kter\u00e1 zastav\u00ed stavebn\u00ed projekty za 100 miliard korun. Jeho&#8230;<\/p>\n","protected":false},"author":2,"featured_media":39290,"comment_status":"closed","ping_status":"closed","sticky":false,"template":"","format":"standard","meta":[],"categories":[6],"tags":[1683,1781,1503,889],"_links":{"self":[{"href":"https:\/\/www.infokuryr.cz\/n\/wp-json\/wp\/v2\/posts\/59370"}],"collection":[{"href":"https:\/\/www.infokuryr.cz\/n\/wp-json\/wp\/v2\/posts"}],"about":[{"href":"https:\/\/www.infokuryr.cz\/n\/wp-json\/wp\/v2\/types\/post"}],"author":[{"embeddable":true,"href":"https:\/\/www.infokuryr.cz\/n\/wp-json\/wp\/v2\/users\/2"}],"replies":[{"embeddable":true,"href":"https:\/\/www.infokuryr.cz\/n\/wp-json\/wp\/v2\/comments?post=59370"}],"version-history":[{"count":0,"href":"https:\/\/www.infokuryr.cz\/n\/wp-json\/wp\/v2\/posts\/59370\/revisions"}],"wp:featuredmedia":[{"embeddable":true,"href":"https:\/\/www.infokuryr.cz\/n\/wp-json\/wp\/v2\/media\/39290"}],"wp:attachment":[{"href":"https:\/\/www.infokuryr.cz\/n\/wp-json\/wp\/v2\/media?parent=59370"}],"wp:term":[{"taxonomy":"category","embeddable":true,"href":"https:\/\/www.infokuryr.cz\/n\/wp-json\/wp\/v2\/categories?post=59370"},{"taxonomy":"post_tag","embeddable":true,"href":"https:\/\/www.infokuryr.cz\/n\/wp-json\/wp\/v2\/tags?post=59370"}],"curies":[{"name":"wp","href":"https:\/\/api.w.org\/{rel}","templated":true}]}}