{"id":59369,"date":"2024-08-06T00:33:30","date_gmt":"2024-08-05T22:33:30","guid":{"rendered":"https:\/\/www.infokuryr.cz\/n\/?p=59369"},"modified":"2024-08-05T19:44:41","modified_gmt":"2024-08-05T17:44:41","slug":"erik-best-bartos-propasl-prilezitost","status":"publish","type":"post","link":"https:\/\/www.infokuryr.cz\/n\/2024\/08\/06\/erik-best-bartos-propasl-prilezitost\/","title":{"rendered":"Erik Best: Barto\u0161 prop\u00e1sl p\u0159\u00edle\u017eitost"},"content":{"rendered":"<div id=\"fb-root\"><\/div>\n<p>Pir\u00e1ti prop\u00e1sli p\u0159\u00edle\u017eitost, kdy mohli zabouchnout dve\u0159e p\u0159ed vl\u00e1dn\u00ed koalic\u00ed a\u00a0v\u010das vstoupit do opozice, aby v\u00fdrazn\u011b zabodovali v\u00a0p\u0159\u00ed\u0161t\u00edch sn\u011bmovn\u00edch volb\u00e1ch. Kdyby si p\u0159edseda Pir\u00e1t\u016f Ivan Barto\u0161 v\u010das uv\u011bdomil, \u017ee spu\u0161t\u011bn\u00ed nov\u00e9ho online stavebn\u00edho \u0159\u00edzen\u00ed nezvl\u00e1dne, mohl to je\u0161t\u011b p\u0159edt\u00edm, ne\u017e se probl\u00e9my projev\u00ed, p\u0159ehodit na n\u011bkoho jin\u00e9ho \u2013 z\u00a0jeho pohledu ide\u00e1ln\u011b na STAN, proto\u017ee pr\u00e1v\u011b ten Pir\u00e1ty ve volb\u00e1ch v\u00a0roce 2021 vykrou\u017ekoval a\u00a0nechal jim pouh\u00e9 \u010dty\u0159i poslaneck\u00e9 \u017eidle.<\/p>\n<p>Barto\u0161 se v\u0161ak op\u011bt nedok\u00e1zal projevit jako<strong>\u00a0<\/strong>l\u00eddr. Dopustil se jedn\u00e9 z\u00a0<a href=\"https:\/\/www.fsfinalword.cz\/?page=archive&amp;show=1&amp;day=2022-1-10\" target=\"_blank\" rel=\"noopener\">nejv\u011bt\u0161\u00edch strategick\u00fdch chyb v\u00a0\u010desk\u00e9 politice<\/a>, kdy\u017e v\u00a0roce 2021 umo\u017enil STANu podv\u00e9st svoji stranu, a\u00a0nyn\u00ed se dopustil jedn\u00e9 z\u00a0nejv\u011bt\u0161\u00edch politicko-mana\u017eersk\u00fdch chyb, kdy\u017e nezvl\u00e1dl<strong>\u00a0<\/strong>stavebn\u00ed agendu. A\u00a0aby toho nebylo m\u00e1lo, p\u0159i\u0161lo to pr\u00e1v\u011b ve chv\u00edli, kdy n\u011bkte\u0159\u00ed st\u0159edopravicov\u00ed voli\u010di frustrovan\u00ed ODS uva\u017eovali o\u00a0p\u0159echodu k\u00a0Pir\u00e1t\u016fm.<\/p>\n<p><a href=\"https:\/\/www.fsfinalword.cz\/?page=archive&amp;day=2024-08-05&amp;utm_source=utm_source%3Dnewsletter&amp;utm_medium=utm_medum%3De-mail&amp;utm_campaign=utm_campaign%3Dfinal_word_5.8.2024\">Erik Best<\/a><\/p>\n<p><img decoding=\"async\" loading=\"lazy\" class=\"alignnone  wp-image-1179\" src=\"http:\/\/www.infokuryr.cz\/n\/wp-content\/uploads\/2021\/04\/erik-best.jpg\" alt=\"\" width=\"125\" height=\"141\" \/><\/p>\n<p>&nbsp;<\/p>\n","protected":false},"excerpt":{"rendered":"<p>Pir\u00e1ti prop\u00e1sli p\u0159\u00edle\u017eitost, kdy mohli zabouchnout dve\u0159e p\u0159ed vl\u00e1dn\u00ed koalic\u00ed a\u00a0v\u010das vstoupit do opozice, aby&#8230;<\/p>\n","protected":false},"author":2,"featured_media":33665,"comment_status":"closed","ping_status":"closed","sticky":false,"template":"","format":"standard","meta":[],"categories":[6],"tags":[1683,1503,137,122],"_links":{"self":[{"href":"https:\/\/www.infokuryr.cz\/n\/wp-json\/wp\/v2\/posts\/59369"}],"collection":[{"href":"https:\/\/www.infokuryr.cz\/n\/wp-json\/wp\/v2\/posts"}],"about":[{"href":"https:\/\/www.infokuryr.cz\/n\/wp-json\/wp\/v2\/types\/post"}],"author":[{"embeddable":true,"href":"https:\/\/www.infokuryr.cz\/n\/wp-json\/wp\/v2\/users\/2"}],"replies":[{"embeddable":true,"href":"https:\/\/www.infokuryr.cz\/n\/wp-json\/wp\/v2\/comments?post=59369"}],"version-history":[{"count":0,"href":"https:\/\/www.infokuryr.cz\/n\/wp-json\/wp\/v2\/posts\/59369\/revisions"}],"wp:featuredmedia":[{"embeddable":true,"href":"https:\/\/www.infokuryr.cz\/n\/wp-json\/wp\/v2\/media\/33665"}],"wp:attachment":[{"href":"https:\/\/www.infokuryr.cz\/n\/wp-json\/wp\/v2\/media?parent=59369"}],"wp:term":[{"taxonomy":"category","embeddable":true,"href":"https:\/\/www.infokuryr.cz\/n\/wp-json\/wp\/v2\/categories?post=59369"},{"taxonomy":"post_tag","embeddable":true,"href":"https:\/\/www.infokuryr.cz\/n\/wp-json\/wp\/v2\/tags?post=59369"}],"curies":[{"name":"wp","href":"https:\/\/api.w.org\/{rel}","templated":true}]}}