{"id":59361,"date":"2024-08-06T00:41:22","date_gmt":"2024-08-05T22:41:22","guid":{"rendered":"https:\/\/www.infokuryr.cz\/n\/?p=59361"},"modified":"2024-08-05T19:20:41","modified_gmt":"2024-08-05T17:20:41","slug":"byvala-bangladesska-premierka-pristala-na-indicke-letecke-zakladne","status":"publish","type":"post","link":"https:\/\/www.infokuryr.cz\/n\/2024\/08\/06\/byvala-bangladesska-premierka-pristala-na-indicke-letecke-zakladne\/","title":{"rendered":"B\u00fdval\u00e1 banglad\u00e9\u0161sk\u00e1 premi\u00e9rka p\u0159ist\u00e1la na indick\u00e9 leteck\u00e9 z\u00e1kladn\u011b"},"content":{"rendered":"<div id=\"fb-root\"><\/div>\n<p><span style=\"font-size: 18pt;\"><strong>Sheikh Hasina m\u00e1 \u00fadajn\u011b v \u00famyslu cestovat do Lond\u00fdna pot\u00e9, co byl nucen uprchnout ze zem\u011b uprost\u0159ed smrt\u00edc\u00edch nepokoj\u016f<\/strong><\/span><\/p>\n<p><span>B\u00fdval\u00e1 banglad\u00e9\u0161sk\u00e1 premi\u00e9rka Sheikh Hasina odcestovala v pond\u011bl\u00ed do Indie, potvrdily zdroje z indick\u00e9 vl\u00e1dy. N\u00e1siln\u00e9 masov\u00e9 protesty v jej\u00ed domovsk\u00e9 zemi donutily \u00fa\u0159ednici podat rezignaci a uprchnout.<\/span><\/p>\n<p><span>Dopravn\u00ed letadlo C-130 Hercules s Hasinou p\u0159ist\u00e1lo na leteck\u00e9 z\u00e1kladn\u011b Hindon v Ghaziabadu, \u0159ekli zdroj. Indick\u00e9 letectvo sledovalo let z Banglad\u00e9\u0161e a zaparkovalo letadlo v hang\u00e1ru vhodn\u00e9m pro tak velk\u00e1 letadla.<\/span><\/p>\n<p><span>Hasina rezidenci v hlavn\u00edm m\u011bst\u011b Dh\u00e1ce za\u00fato\u010dili rozzloben\u00ed demonstranti pot\u00e9, co se na ve\u0159ejnost dostaly zpr\u00e1vy o jej\u00edm odchodu z Banglad\u00e9\u0161e. Vojensk\u00e1 vl\u00e1da se do\u010dasn\u011b prohl\u00e1sila za vl\u00e1du nad zem\u00ed.<\/span><\/p>\n<p><span>Nyn\u00ed ji\u017e b\u00fdval\u00e1 \u0161\u00e9fka vl\u00e1dy se podle indick\u00fdch m\u00e9di\u00ed hodl\u00e1 p\u0159esunout do Lond\u00fdna.<\/span><\/p>\n<p><span>Indi\u010dt\u00ed p\u0159edstavitel\u00e9 p\u0159ij\u00edmaj\u00ed opat\u0159en\u00ed ohledn\u011b n\u00e1sil\u00ed v Banglad\u00e9\u0161i. Cestov\u00e1n\u00ed se sousedn\u00ed zem\u00ed bylo pozastaveno indick\u00fdmi \u017eelezni\u010dn\u00edmi slu\u017ebami a leteck\u00fdmi spole\u010dnostmi, zat\u00edmco n\u00e1rodn\u00ed pohrani\u010dn\u00ed str\u00e1\u017e posiluje bezpe\u010dnost pod\u00e9l hranice.<\/span><\/p>\n<p><span>Policie v Nov\u00e9m Dill\u00ed pos\u00edlila hl\u00eddky kolem Nejvy\u0161\u0161\u00edho \u00fa\u0159adu Banglad\u00e9\u0161e, velvyslanectv\u00ed zem\u011b v Indii. Panovaly obavy, \u017ee po \u00fat\u011bku expremi\u00e9rky do Indie by se c\u00edlem mohla st\u00e1t budova nach\u00e1zej\u00edc\u00ed se v diplomatick\u00e9 \u010dtvrti Chanakyapuri.<\/span><\/p>\n<p><span>Demonstranti v Banglad\u00e9\u0161i po\u017eadovali zru\u0161en\u00ed diskrimina\u010dn\u00edho pracovn\u00edho z\u00e1kona, kter\u00fd p\u0159id\u011bluje kv\u00f3ty ve st\u00e1tn\u00ed slu\u017eb\u011b potomk\u016fm lid\u00ed, kte\u0159\u00ed se v roce 1971 osobn\u011b \u00fa\u010dastnili v\u00e1lky za n\u00e1rodn\u00ed nez\u00e1vislost proti tomu, co bylo tehdy zn\u00e1m\u00e9 jako V\u00fdchodn\u00ed P\u00e1kist\u00e1n.<\/span><\/p>\n<p><span>P\u0159i st\u0159etech bylo zabito asi 300 lid\u00ed, podle odhad\u016f m\u00e9di\u00ed minulou ned\u011bli p\u0159i\u0161lo o \u017eivot p\u0159es 90 lid\u00ed.<\/span><\/p>\n<p><img decoding=\"async\" loading=\"lazy\" class=\"alignnone size-full wp-image-1185\" src=\"http:\/\/www.infokuryr.cz\/n\/wp-content\/uploads\/2021\/04\/kuryr-podpis.png\" alt=\"\" width=\"84\" height=\"24\" \/><\/p>\n<p>&nbsp;<\/p>\n","protected":false},"excerpt":{"rendered":"<p>Sheikh Hasina m\u00e1 \u00fadajn\u011b v \u00famyslu cestovat do Lond\u00fdna pot\u00e9, co byl nucen uprchnout ze&#8230;<\/p>\n","protected":false},"author":2,"featured_media":59362,"comment_status":"closed","ping_status":"closed","sticky":false,"template":"","format":"standard","meta":[],"categories":[7],"tags":[4742,3231,2778],"_links":{"self":[{"href":"https:\/\/www.infokuryr.cz\/n\/wp-json\/wp\/v2\/posts\/59361"}],"collection":[{"href":"https:\/\/www.infokuryr.cz\/n\/wp-json\/wp\/v2\/posts"}],"about":[{"href":"https:\/\/www.infokuryr.cz\/n\/wp-json\/wp\/v2\/types\/post"}],"author":[{"embeddable":true,"href":"https:\/\/www.infokuryr.cz\/n\/wp-json\/wp\/v2\/users\/2"}],"replies":[{"embeddable":true,"href":"https:\/\/www.infokuryr.cz\/n\/wp-json\/wp\/v2\/comments?post=59361"}],"version-history":[{"count":0,"href":"https:\/\/www.infokuryr.cz\/n\/wp-json\/wp\/v2\/posts\/59361\/revisions"}],"wp:featuredmedia":[{"embeddable":true,"href":"https:\/\/www.infokuryr.cz\/n\/wp-json\/wp\/v2\/media\/59362"}],"wp:attachment":[{"href":"https:\/\/www.infokuryr.cz\/n\/wp-json\/wp\/v2\/media?parent=59361"}],"wp:term":[{"taxonomy":"category","embeddable":true,"href":"https:\/\/www.infokuryr.cz\/n\/wp-json\/wp\/v2\/categories?post=59361"},{"taxonomy":"post_tag","embeddable":true,"href":"https:\/\/www.infokuryr.cz\/n\/wp-json\/wp\/v2\/tags?post=59361"}],"curies":[{"name":"wp","href":"https:\/\/api.w.org\/{rel}","templated":true}]}}