{"id":59354,"date":"2024-08-06T00:38:05","date_gmt":"2024-08-05T22:38:05","guid":{"rendered":"https:\/\/www.infokuryr.cz\/n\/?p=59354"},"modified":"2024-08-05T18:51:33","modified_gmt":"2024-08-05T16:51:33","slug":"africky-stat-prerusil-diplomaticke-styky-s-ukrajinou","status":"publish","type":"post","link":"https:\/\/www.infokuryr.cz\/n\/2024\/08\/06\/africky-stat-prerusil-diplomaticke-styky-s-ukrajinou\/","title":{"rendered":"Africk\u00fd st\u00e1t p\u0159eru\u0161il diplomatick\u00e9 styky s Ukrajinou"},"content":{"rendered":"<div id=\"fb-root\"><\/div>\n<p><span style=\"font-size: 18pt;\"><strong>Mali obvinilo Kyjev z poru\u0161ov\u00e1n\u00ed jeho suverenity a podpory mezin\u00e1rodn\u00edho terorismu<\/strong><\/span><\/p>\n<p><span>Prozat\u00edmn\u00ed vl\u00e1da Mali ozn\u00e1mila, \u017ee p\u0159eru\u0161uje diplomatick\u00e9 styky s Ukrajinou. Opat\u0159en\u00ed bylo p\u0159ijato v reakci na to, \u017ee p\u0159edstavitel\u00e9 v Kyjev\u011b demonstrovali podporu militant\u016f Tuareg\u016f a p\u0159iznali se ke spolu\u00fa\u010dasti Ukrajiny na ned\u00e1vn\u00e9m teroristick\u00e9m \u00fatoku, p\u0159i kter\u00e9m zahynuli malij\u0161t\u00ed voj\u00e1ci a rusk\u00e9 vojensk\u00e9 dodavatele.<\/span><\/p>\n<p><span>Minul\u00fd m\u011bs\u00edc tuareg\u0161t\u00ed povstalci p\u0159epadli vojensk\u00fd konvoj s malijsk\u00fdmi obrann\u00fdmi a bezpe\u010dnostn\u00edmi silami a rusk\u00fdmi dodavateli Wagner Group v bl\u00edzkosti vesnice Tinzaouaten pobl\u00ed\u017e hranic s Al\u017e\u00edrskem. Ozbrojenci zabili des\u00edtky voj\u00e1k\u016f a zni\u010dili n\u011bkolik n\u00e1kladn\u00edch aut.<\/span><\/p>\n<p><span>Po \u00fatoku mluv\u010d\u00ed ukrajinsk\u00e9 vojensk\u00e9 zpravodajsk\u00e9 slu\u017eby (GUR) Andrey Yusov v ukrajinsk\u00e9 televizi uvedl, \u017ee jeho agenti pom\u00e1hali rebel\u016fm\u00a0<\/span><em><span>\u201enezbytn\u00fdmi informacemi, nejen informacemi, kter\u00e9 umo\u017enily \u00fasp\u011b\u0161nou vojenskou operaci proti rusk\u00fdm v\u00e1le\u010dn\u00fdm zlo\u010dinc\u016fm\u201c.<\/span><\/em><span>\u00a0a sl\u00edbil, \u017ee\u00a0<\/span><em><span>\u201ep\u0159ijde v\u00edc\u201c.<\/span><\/em><span>\u00a0Ukrajinsk\u00e1 ambas\u00e1da v Dakaru zve\u0159ejnila rozhovor na sv\u00e9 facebookov\u00e9 str\u00e1nce spolu s koment\u00e1\u0159em velvyslance Jurije Pivovarova, kter\u00fd \u0159ekl:\u00a0<\/span><em><span>\u201eUr\u010dit\u011b budou dal\u0161\u00ed v\u00fdsledky\u201c.<\/span><\/em><span>\u00a0Video bylo od t\u00e9 doby smaz\u00e1no.<\/span><\/p>\n<p><span>V prohl\u00e1\u0161en\u00ed zve\u0159ejn\u011bn\u00e9m m\u00edstn\u00edmi m\u00e9dii v ned\u011bli vyj\u00e1d\u0159ila malijsk\u00e1 vl\u00e1da \u0161ok nad zapojen\u00edm Kyjeva do\u00a0<\/span><em><span>\u201ezbab\u011bl\u00e9ho, zr\u00e1dn\u00e9ho a barbarsk\u00e9ho \u00fatoku\u201c.<\/span><\/em><span>\u00a0Dodal, \u017ee Pivovarovovy pozn\u00e1mky ukazuj\u00ed\u00a0<\/span><em><span>\u201epodporu jeho zem\u011b mezin\u00e1rodn\u00edmu terorismu, zejm\u00e9na v Mali\u201c.<\/span><\/em><\/p>\n<p><em><strong><span>Tato mimo\u0159\u00e1dn\u011b z\u00e1va\u017en\u00e1 prohl\u00e1\u0161en\u00ed, kter\u00e1 ukrajinsk\u00e9 org\u00e1ny nepop\u0159ely ani neodsoudily, ukazuj\u00ed jasnou ofici\u00e1ln\u00ed podporu ukrajinsk\u00e9 vl\u00e1dy terorismu v Africe, Sahelu a konkr\u00e9tn\u011bji v Mali.<\/span><\/strong><\/em><\/p>\n<p><span>P\u0159echodn\u00e1 vl\u00e1da uvedla, \u017ee akce Kyjeva\u00a0<\/span><em><span>\u201eporu\u0161uj\u00ed suverenitu Mali\u201c,\u00a0<\/span><\/em>\u00a0<em><span>\u201ep\u0159ekra\u010duj\u00ed r\u00e1mec zahrani\u010dn\u00edho vm\u011b\u0161ov\u00e1n\u00ed\u201c<\/span><\/em><span>\u00a0a p\u0159edstavuj\u00ed poru\u0161en\u00ed mezin\u00e1rodn\u00edho pr\u00e1va.<\/span><\/p>\n<p><span>V reakci na\u00a0<\/span><em><span>\u201eUkrajinu p\u0159iznanou a p\u0159edpokl\u00e1danou \u00fa\u010dast na do o\u010d\u00ed bij\u00edc\u00ed agresi proti Mali\u201c<\/span><\/em><span>\u00a0Bamako zavedl n\u011bkolik opat\u0159en\u00ed, v\u010detn\u011b\u00a0<\/span><em><span>\u201eokam\u017eit\u00e9ho p\u0159eru\u0161en\u00ed diplomatick\u00fdch vztah\u016f\u201c<\/span><\/em><span>\u00a0mezi Mali a Ukrajinou, p\u0159i\u010dem\u017e zah\u00e1jil soudn\u00ed \u0159\u00edzen\u00ed po prohl\u00e1\u0161en\u00ed Jusova a Pivovarova, kter\u00e1\u00a0<\/span><em><span>\u201e p\u0159edstavuj\u00ed teroristick\u00e9 \u010diny a obhajobu terorismu\u201c.<\/span><\/em><span>\u00a0Dodalo, \u017ee budou p\u0159ijata opat\u0159en\u00ed,\u00a0<\/span><em><span>\u201eaby se zabr\u00e1nilo jak\u00e9koli destabilizaci Mali ze strany africk\u00fdch st\u00e1t\u016f, zejm\u00e9na ukrajinsk\u00fdch velvyslanectv\u00ed\u201c,<\/span><\/em><span>\u00a0a\u00a0bude vyd\u00e1no\u00a0<\/span><em><span>\u201eform\u00e1ln\u00ed varov\u00e1n\u00ed\u201c\u00a0<\/span><\/em><em><span>\u201eregion\u00e1ln\u00edm a mezin\u00e1rodn\u00edm org\u00e1n\u016fm, jako\u017e i st\u00e1t\u016fm podporuj\u00edc\u00edm Ukrajinu, co\u017e nazna\u010duje, \u017ee tato zem\u011b otev\u0159en\u011b a ve\u0159ejn\u011b projevila svou podporu terorismu.<\/span><\/em><\/p>\n<p><span>Malijsk\u00e1 vl\u00e1da zd\u016fraznila sv\u016fj neutr\u00e1ln\u00ed postoj ohledn\u011b rusko-ukrajinsk\u00e9ho konfliktu a uvedla, \u017ee podporuje varov\u00e1n\u00ed Moskvy pro sv\u011bt ohledn\u011b\u00a0<\/span><em><span>\u201eneonacistick\u00e9 a ni\u010demn\u00e9 povahy ukrajinsk\u00fdch \u00fa\u0159ad\u016f\u201c.<\/span><\/em><\/p>\n<p><span>Ji\u017e v\u00edce ne\u017e deset let je Mali zapleteno do d\u017eih\u00e1distick\u00e9ho povst\u00e1n\u00ed, kter\u00e9 si podle odhad\u016f OSN vy\u017e\u00e1dalo tis\u00edce mrtv\u00fdch a v\u00edce ne\u017e 375 000 vys\u00eddlen\u00fdch osob. Francouzsk\u00e1 vojensk\u00e1 operace nedok\u00e1zala n\u00e1sil\u00ed potla\u010dit. Nepokoje se roz\u0161\u00ed\u0159ily do sousedn\u00ed Burkiny Faso a Nigeru, co\u017e p\u0159im\u011blo t\u0159i africk\u00e9 n\u00e1rody k vytvo\u0159en\u00ed Aliance sahelsk\u00fdch st\u00e1t\u016f pro boj proti terorismu. Blok tak\u00e9 usiloval o zv\u00fd\u0161enou bezpe\u010dnostn\u00ed spolupr\u00e1ci s Ruskem.<\/span><\/p>\n<p><img decoding=\"async\" loading=\"lazy\" class=\"alignnone size-full wp-image-1185\" src=\"http:\/\/www.infokuryr.cz\/n\/wp-content\/uploads\/2021\/04\/kuryr-podpis.png\" alt=\"\" width=\"84\" height=\"24\" \/><\/p>\n<p>&nbsp;<\/p>\n","protected":false},"excerpt":{"rendered":"<p>Mali obvinilo Kyjev z poru\u0161ov\u00e1n\u00ed jeho suverenity a podpory mezin\u00e1rodn\u00edho terorismu Prozat\u00edmn\u00ed vl\u00e1da Mali ozn\u00e1mila,&#8230;<\/p>\n","protected":false},"author":2,"featured_media":59355,"comment_status":"closed","ping_status":"closed","sticky":false,"template":"","format":"standard","meta":[],"categories":[7],"tags":[3086,1254,26],"_links":{"self":[{"href":"https:\/\/www.infokuryr.cz\/n\/wp-json\/wp\/v2\/posts\/59354"}],"collection":[{"href":"https:\/\/www.infokuryr.cz\/n\/wp-json\/wp\/v2\/posts"}],"about":[{"href":"https:\/\/www.infokuryr.cz\/n\/wp-json\/wp\/v2\/types\/post"}],"author":[{"embeddable":true,"href":"https:\/\/www.infokuryr.cz\/n\/wp-json\/wp\/v2\/users\/2"}],"replies":[{"embeddable":true,"href":"https:\/\/www.infokuryr.cz\/n\/wp-json\/wp\/v2\/comments?post=59354"}],"version-history":[{"count":0,"href":"https:\/\/www.infokuryr.cz\/n\/wp-json\/wp\/v2\/posts\/59354\/revisions"}],"wp:featuredmedia":[{"embeddable":true,"href":"https:\/\/www.infokuryr.cz\/n\/wp-json\/wp\/v2\/media\/59355"}],"wp:attachment":[{"href":"https:\/\/www.infokuryr.cz\/n\/wp-json\/wp\/v2\/media?parent=59354"}],"wp:term":[{"taxonomy":"category","embeddable":true,"href":"https:\/\/www.infokuryr.cz\/n\/wp-json\/wp\/v2\/categories?post=59354"},{"taxonomy":"post_tag","embeddable":true,"href":"https:\/\/www.infokuryr.cz\/n\/wp-json\/wp\/v2\/tags?post=59354"}],"curies":[{"name":"wp","href":"https:\/\/api.w.org\/{rel}","templated":true}]}}