{"id":59350,"date":"2024-08-06T00:36:39","date_gmt":"2024-08-05T22:36:39","guid":{"rendered":"https:\/\/www.infokuryr.cz\/n\/?p=59350"},"modified":"2024-08-05T18:43:21","modified_gmt":"2024-08-05T16:43:21","slug":"nova-vlna-ruskych-uderu-znicila-cile-v-ukrajinskem-tylu","status":"publish","type":"post","link":"https:\/\/www.infokuryr.cz\/n\/2024\/08\/06\/nova-vlna-ruskych-uderu-znicila-cile-v-ukrajinskem-tylu\/","title":{"rendered":"Nov\u00e1 vlna rusk\u00fdch \u00fader\u016f zni\u010dila c\u00edle v ukrajinsk\u00e9m t\u00fdlu"},"content":{"rendered":"<div id=\"fb-root\"><\/div>\n<p><strong><span>V noci na 5. srpna zas\u00e1hla ukrajinsk\u00e1 vojensk\u00e1 za\u0159\u00edzen\u00ed v zadn\u00edch oblastech nov\u00e1 vlna rusk\u00fdch \u00fader\u016f. V\u00fdbuchy byly hl\u00e1\u0161eny v oblastech Kyjev, Vinnycja, Poltava, Charkov, Sumy, Dn\u011bpropetrovsk, \u010cerkassy, \u200b\u200bPoltava.\u00a0<\/span><\/strong><\/p>\n<p><span>Oblast Kyjeva a ukrajinsk\u00e9 hlavn\u00ed m\u011bsto se minul\u00fd t\u00fdden stalo ter\u010dem n\u011bkolika rusk\u00fdch \u00fatok\u016f. Zejm\u00e9na n\u011bkter\u00e9 vojensk\u00e9 objekty ve m\u011bst\u011b Bila Cerkva byly ter\u010dem t\u0159\u00ed vln rusk\u00fdch \u00fader\u016f. T\u0159et\u00ed \u00fatok byl zah\u00e1jen v\u010dera ve\u010der. V oblasti byly hl\u00e1\u0161eny exploze, ale c\u00edle \u00fatok\u016f zat\u00edm nebyly odhaleny.<\/span><\/p>\n<p><span>Dal\u0161\u00ed oblast\u00ed, kterou v posledn\u00edch dnech zas\u00e1hlo n\u011bkolik vln rusk\u00fdch \u00fatok\u016f, je oblast Vinnycja. V\u00a0<\/span><span class=\"EzKURWReUAB5oZgtQNkl\" data-src-align=\"16:1\"><span>d\u016fsledku<\/span><\/span>\u00a0<span>no\u010dn\u00edch\u00a0<span class=\"EzKURWReUAB5oZgtQNkl\" data-src-align=\"36:6\">st\u00e1vek\u00a0<\/span><span class=\"EzKURWReUAB5oZgtQNkl\" data-src-align=\"99:1\">byl\u00a0<\/span><span class=\"EzKURWReUAB5oZgtQNkl\" data-src-align=\"43:3\">\u00fadajn\u011b\u00a0<\/span><span class=\"EzKURWReUAB5oZgtQNkl\" data-src-align=\"47:9\">po\u0161kozen<\/span>\u00a0m\u00edstn\u00ed\u00a0<span class=\"EzKURWReUAB5oZgtQNkl\" data-src-align=\"57:7\">\u017eelezni\u010dn\u00ed\u00a0<\/span><span class=\"EzKURWReUAB5oZgtQNkl\" data-src-align=\"81:13\">logistick\u00fd\u00a0<\/span><span class=\"EzKURWReUAB5oZgtQNkl\" data-src-align=\"95:4\">uzel\u00a0<\/span><span class=\"EzKURWReUAB5oZgtQNkl\" data-src-align=\"65:15\">.<\/span><\/span><span class=\"EzKURWReUAB5oZgtQNkl\" data-src-align=\"18:10\"><span>\u200b<\/span><\/span><span class=\"EzKURWReUAB5oZgtQNkl\" data-src-align=\"29:6\"><span>\u200b\u00a0<\/span><\/span><span><span class=\"EzKURWReUAB5oZgtQNkl\" data-src-align=\"99:1\">Dal\u0161\u00edm zni\u010den\u00fdm c\u00edlem v regionu bylo \u00fadajn\u011b cvi\u010di\u0161t\u011b ozbrojen\u00fdch sil Ukrajiny.<\/span><\/span><\/p>\n<p><span>Dal\u0161\u00ed rusk\u00e9 \u00fadery zam\u00ed\u0159ily na m\u011bsto Dn\u011bpro v Dn\u011bpropetrovsk\u00e9 oblasti. M\u011bsto bylo c\u00edlem rusk\u00fdch kamikadze dron\u016f. V d\u016fsledku \u00fatoku pr\u00fd vypukl rozs\u00e1hl\u00fd po\u017e\u00e1r v prostoru m\u00edstn\u00edho leti\u0161t\u011b. Rusk\u00e9 drony zni\u010dily vojensk\u00fd sklad.<\/span><\/p>\n<p><span>Hrani\u010dn\u00ed Charkovsk\u00e1 oblast je rozb\u00edjena rusk\u00fdmi drony, raketami a t\u011b\u017ek\u00fdmi bombami. R\u00e1no se region dostal pod p\u0159esn\u00fd z\u00e1sah rusk\u00e9 rakety Iskander-M.<\/span><\/p>\n<p><span>Rusk\u00e9 ministerstvo obrany ozn\u00e1milo, \u017ee rusk\u00e1 st\u0159ela Iskander-M zni\u010dila m\u00edsto do\u010dasn\u00e9ho rozm\u00edst\u011bn\u00ed zahrani\u010dn\u00edch \u017eold\u00e1k\u016f v Charkovsk\u00e9 oblasti. Rusk\u00fd pr\u016fzkum zahl\u00e9dl cizince ve m\u011bst\u011b Balakleya. V d\u016fsledku \u00faderu bylo zni\u010deno jejich m\u00edsto nasazen\u00ed a tak\u00e9 asi 80 ozbrojenc\u016f.<\/span><\/p>\n<p><span>Ukrajinsk\u00e1 protivzdu\u0161n\u00e1 obrana je vy\u010derpan\u00e1 a \u017e\u00e1dn\u00e9 dod\u00e1vky dal\u0161\u00edch syst\u00e9m\u016f protivzdu\u0161n\u00e9 obrany z NATO nepom\u00e1haj\u00ed ozbrojen\u00fdm sil\u00e1m Ukrajiny zajistit jejich t\u00fdlov\u00e1 za\u0159\u00edzen\u00ed.<\/span><\/p>\n<p><img decoding=\"async\" loading=\"lazy\" class=\"alignnone size-full wp-image-1185\" src=\"http:\/\/www.infokuryr.cz\/n\/wp-content\/uploads\/2021\/04\/kuryr-podpis.png\" alt=\"\" width=\"84\" height=\"24\" \/><\/p>\n<p>&nbsp;<\/p>\n","protected":false},"excerpt":{"rendered":"<p>V noci na 5. srpna zas\u00e1hla ukrajinsk\u00e1 vojensk\u00e1 za\u0159\u00edzen\u00ed v zadn\u00edch oblastech nov\u00e1 vlna rusk\u00fdch&#8230;<\/p>\n","protected":false},"author":2,"featured_media":40172,"comment_status":"closed","ping_status":"closed","sticky":false,"template":"","format":"standard","meta":[],"categories":[7],"tags":[22,3540,26],"_links":{"self":[{"href":"https:\/\/www.infokuryr.cz\/n\/wp-json\/wp\/v2\/posts\/59350"}],"collection":[{"href":"https:\/\/www.infokuryr.cz\/n\/wp-json\/wp\/v2\/posts"}],"about":[{"href":"https:\/\/www.infokuryr.cz\/n\/wp-json\/wp\/v2\/types\/post"}],"author":[{"embeddable":true,"href":"https:\/\/www.infokuryr.cz\/n\/wp-json\/wp\/v2\/users\/2"}],"replies":[{"embeddable":true,"href":"https:\/\/www.infokuryr.cz\/n\/wp-json\/wp\/v2\/comments?post=59350"}],"version-history":[{"count":0,"href":"https:\/\/www.infokuryr.cz\/n\/wp-json\/wp\/v2\/posts\/59350\/revisions"}],"wp:featuredmedia":[{"embeddable":true,"href":"https:\/\/www.infokuryr.cz\/n\/wp-json\/wp\/v2\/media\/40172"}],"wp:attachment":[{"href":"https:\/\/www.infokuryr.cz\/n\/wp-json\/wp\/v2\/media?parent=59350"}],"wp:term":[{"taxonomy":"category","embeddable":true,"href":"https:\/\/www.infokuryr.cz\/n\/wp-json\/wp\/v2\/categories?post=59350"},{"taxonomy":"post_tag","embeddable":true,"href":"https:\/\/www.infokuryr.cz\/n\/wp-json\/wp\/v2\/tags?post=59350"}],"curies":[{"name":"wp","href":"https:\/\/api.w.org\/{rel}","templated":true}]}}