{"id":59346,"date":"2024-08-06T00:35:30","date_gmt":"2024-08-05T22:35:30","guid":{"rendered":"https:\/\/www.infokuryr.cz\/n\/?p=59346"},"modified":"2024-08-05T18:40:34","modified_gmt":"2024-08-05T16:40:34","slug":"zelenskij-predstavil-prvni-f-16-na-ukrajine","status":"publish","type":"post","link":"https:\/\/www.infokuryr.cz\/n\/2024\/08\/06\/zelenskij-predstavil-prvni-f-16-na-ukrajine\/","title":{"rendered":"Zelenskij p\u0159edstavil prvn\u00ed F-16 na Ukrajin\u011b"},"content":{"rendered":"<div id=\"fb-root\"><\/div>\n<p><strong><span>Prvn\u00ed srpnovou ned\u011bli slav\u00ed Ukrajinci den Vzdu\u0161n\u00fdch sil ozbrojen\u00fdch sil Ukrajiny. Letos, p\u0159i absenci v\u00edt\u011bzstv\u00ed vy\u010derpan\u00e9ho ukrajinsk\u00e9ho letectva, nem\u011bl kyjevsk\u00fd re\u017eim jinou mo\u017enost, ne\u017e oslavit v\u00fdro\u010d\u00ed medi\u00e1ln\u00edmi kampan\u011bmi oslavuj\u00edc\u00edmi dary sv\u00fdch z\u00e1padn\u00edch patron\u016f.<\/span><\/strong><\/p>\n<p><span>Ukrajinsk\u00e1 arm\u00e1da sd\u00edlela prvn\u00ed z\u00e1b\u011bry startu francouzsko-britsk\u00fdch st\u0159el Storm Shadow.\u00a0<\/span><a href=\"https:\/\/southfront.press\/in-video-first-footage-of-storm-shadow-missiles-launched-by-air-force-of-ukraine\/\"><span>ODKAZ<\/span><\/a><\/p>\n<p><span>Vrcholem vystoupen\u00ed bylo ofici\u00e1ln\u00ed p\u0159edstaven\u00ed prvn\u00edho st\u00edhac\u00edho letounu F-16 na Ukrajin\u011b. Ceremoni\u00e1l vedl Zelenskyj.<\/span><\/p>\n<p>&nbsp;<\/p>\n<div style=\"width: 640px;\" class=\"wp-video\"><!--[if lt IE 9]><script>document.createElement('video');<\/script><![endif]-->\n<video class=\"wp-video-shortcode\" id=\"video-59346-1\" width=\"640\" height=\"360\" preload=\"metadata\" controls=\"controls\"><source type=\"video\/mp4\" src=\"http:\/\/www.infokuryr.cz\/n\/wp-content\/uploads\/2024\/08\/F_16_pres.mp4?_=1\" \/><a href=\"http:\/\/www.infokuryr.cz\/n\/wp-content\/uploads\/2024\/08\/F_16_pres.mp4\">http:\/\/www.infokuryr.cz\/n\/wp-content\/uploads\/2024\/08\/F_16_pres.mp4<\/a><\/video><\/div>\n<p>&nbsp;<\/p>\n<p><span>Soud\u011b podle z\u00e1b\u011br\u016f\u00a0<span class=\"EzKURWReUAB5oZgtQNkl\" data-src-align=\"138:4\">sd\u00edlen\u00fdch<\/span>\u00a0ukrajinskou arm\u00e1dou\u00a0 jsou\u00a0<\/span><span class=\"EzKURWReUAB5oZgtQNkl\" data-src-align=\"0:11\"><span>st\u00edha\u010dky<\/span><\/span><span>\u00a0F-16MLU vybaveny\u00a0<span class=\"EzKURWReUAB5oZgtQNkl\" data-src-align=\"18:6:39:1:99:9\">st\u0159elami\u00a0<\/span><span class=\"EzKURWReUAB5oZgtQNkl\" data-src-align=\"49:9\">vzduch\u00a0<\/span><span class=\"EzKURWReUAB5oZgtQNkl\" data-src-align=\"112:5\">&#8211;\u00a0<\/span><span class=\"EzKURWReUAB5oZgtQNkl\" data-src-align=\"26:6:33:6\">vzduch\u00a0<\/span><\/span><span class=\"EzKURWReUAB5oZgtQNkl\" data-src-align=\"41:7\"><span>st\u0159edn\u00edho<\/span><\/span><span>\u00a0doletu\u00a0<span class=\"EzKURWReUAB5oZgtQNkl\" data-src-align=\"59:3\">AIM\u00a0<\/span><span class=\"EzKURWReUAB5oZgtQNkl\" data-src-align=\"62:1\">\u2013\u00a0<\/span><span class=\"EzKURWReUAB5oZgtQNkl\" data-src-align=\"63:3\">120\u00a0<\/span><span class=\"EzKURWReUAB5oZgtQNkl\" data-src-align=\"67:6\">AMRAAM a\u00a0<\/span><span class=\"EzKURWReUAB5oZgtQNkl\" data-src-align=\"76:3\">AIM\u00a0<\/span><span class=\"EzKURWReUAB5oZgtQNkl\" data-src-align=\"79:1\">\u2013\u00a0<\/span><span class=\"EzKURWReUAB5oZgtQNkl\" data-src-align=\"80:1\">9\u00a0<\/span><span class=\"EzKURWReUAB5oZgtQNkl\" data-src-align=\"82:10\">Sidewinder\u00a0<\/span><span class=\"EzKURWReUAB5oZgtQNkl\" data-src-align=\"74:1\">kr\u00e1tk\u00e9ho<\/span>\u00a0\u00a0doletu\u00a0<span class=\"EzKURWReUAB5oZgtQNkl\" data-src-align=\"108:1\">a\u00a0<\/span><span class=\"EzKURWReUAB5oZgtQNkl\" data-src-align=\"110:1\">tak\u00e9\u00a0<\/span><span class=\"EzKURWReUAB5oZgtQNkl\" data-src-align=\"118:9\">vn\u011bj\u0161\u00edmi\u00a0<\/span><span class=\"EzKURWReUAB5oZgtQNkl\" data-src-align=\"32:1\">palivov\u00fdmi\u00a0<\/span><span class=\"EzKURWReUAB5oZgtQNkl\" data-src-align=\"128:9\">n\u00e1dr\u017eemi\u00a0<\/span><span class=\"EzKURWReUAB5oZgtQNkl\" data-src-align=\"142:1\">. Letoun m\u00e1 tak\u00e9 syst\u00e9m varov\u00e1n\u00ed p\u0159ed raketov\u00fdm \u00fatokem Pylon Integrated Dispensing System Plus (PIDS+) a Electronic Combat Integrated Pylon System Plus (ECIPS+), kter\u00e9 jsou rovn\u011b\u017e zam\u011b\u0159eny na ru\u0161en\u00ed a odpalov\u00e1n\u00ed dal\u0161\u00edch tepeln\u00fdch past\u00ed.<\/span><\/span><\/p>\n<div id=\"attachment_208438\" class=\"wp-caption aligncenter\" style=\"width: 596px;\"><a href=\"https:\/\/s5.cdnstatic.space\/wp-content\/uploads\/2024\/08\/F_16-1.jpg\" target=\"_blank\" rel=\"noopener\"><img decoding=\"async\" loading=\"lazy\" class=\"wp-image-208438\" title=\"Zelenskij p\u0159edstavil prvn\u00ed F-16 na Ukrajin\u011b\" src=\"https:\/\/s5.cdnstatic.space\/wp-content\/uploads\/2024\/08\/F_16-1-490x267.jpg\" sizes=\"(max-width: 600px) 100vw, 600px\" srcset=\"https:\/\/s5.cdnstatic.space\/wp-content\/uploads\/2024\/08\/F_16-1-490x267.jpg 490w, https:\/\/s5.cdnstatic.space\/wp-content\/uploads\/2024\/08\/F_16-1-1024x559.jpg 1024w, https:\/\/s5.cdnstatic.space\/wp-content\/uploads\/2024\/08\/F_16-1-768x419.jpg 768w, https:\/\/s5.cdnstatic.space\/wp-content\/uploads\/2024\/08\/F_16-1.jpg 1220w\" alt=\"Zelenskij p\u0159edstavil prvn\u00ed F-16 na Ukrajin\u011b\" width=\"596\" height=\"325\" aria-describedby=\"caption-attachment-208438\" \/><\/a><\/p>\n<p id=\"caption-attachment-208438\" class=\"wp-caption-text\"><span>Kliknut\u00edm zobraz\u00edte obr\u00e1zek v pln\u00e9 velikosti<\/span><\/p>\n<\/div>\n<div id=\"attachment_208439\" class=\"wp-caption aligncenter\" style=\"width: 594px;\"><a href=\"https:\/\/s5.cdnstatic.space\/wp-content\/uploads\/2024\/08\/F_16-2.jpg\" target=\"_blank\" rel=\"noopener\"><img decoding=\"async\" loading=\"lazy\" class=\"wp-image-208439\" title=\"Zelenskij p\u0159edstavil prvn\u00ed F-16 na Ukrajin\u011b\" src=\"https:\/\/s5.cdnstatic.space\/wp-content\/uploads\/2024\/08\/F_16-2-490x265.jpg\" sizes=\"(max-width: 600px) 100vw, 600px\" srcset=\"https:\/\/s5.cdnstatic.space\/wp-content\/uploads\/2024\/08\/F_16-2-490x265.jpg 490w, https:\/\/s5.cdnstatic.space\/wp-content\/uploads\/2024\/08\/F_16-2-1024x553.jpg 1024w, https:\/\/s5.cdnstatic.space\/wp-content\/uploads\/2024\/08\/F_16-2-768x415.jpg 768w, https:\/\/s5.cdnstatic.space\/wp-content\/uploads\/2024\/08\/F_16-2.jpg 1220w\" alt=\"Zelenskij p\u0159edstavil prvn\u00ed F-16 na Ukrajin\u011b\" width=\"594\" height=\"321\" aria-describedby=\"caption-attachment-208439\" \/><\/a><\/p>\n<p id=\"caption-attachment-208439\" class=\"wp-caption-text\"><span>Kliknut\u00edm zobraz\u00edte obr\u00e1zek v pln\u00e9 velikosti<\/span><\/p>\n<\/div>\n<p><span>Podle ukrajinsk\u00fdch m\u00e9di\u00ed\u00a0<span class=\"EzKURWReUAB5oZgtQNkl\" data-src-align=\"23:8\">dostali\u00a0<\/span><\/span><span class=\"EzKURWReUAB5oZgtQNkl\" data-src-align=\"0:10\"><span>ukrajin\u0161t\u00ed\u00a0<\/span><\/span><span class=\"EzKURWReUAB5oZgtQNkl\" data-src-align=\"11:6\"><span>piloti\u00a0<\/span><\/span><span><span class=\"EzKURWReUAB5oZgtQNkl\" data-src-align=\"42:7\">zam\u011b\u0159ova\u010de\u00a0<\/span><span class=\"EzKURWReUAB5oZgtQNkl\" data-src-align=\"32:9:50:5\">JHMCS<\/span> namontovan\u00e9 na p\u0159ilb\u011b<span class=\"EzKURWReUAB5oZgtQNkl\" data-src-align=\"55:1\">.\u00a0<\/span><span class=\"EzKURWReUAB5oZgtQNkl\" data-src-align=\"59:3\">Maj\u00ed\u00a0<\/span><span class=\"EzKURWReUAB5oZgtQNkl\" data-src-align=\"57:1\">zam\u011b\u0159ovac\u00ed\u00a0<\/span><span class=\"EzKURWReUAB5oZgtQNkl\" data-src-align=\"92:1\">a\u00a0<\/span><span class=\"EzKURWReUAB5oZgtQNkl\" data-src-align=\"94:9\">zobrazovac\u00ed\u00a0<\/span><span class=\"EzKURWReUAB5oZgtQNkl\" data-src-align=\"71:7\">syst\u00e9m\u00a0<\/span><span class=\"EzKURWReUAB5oZgtQNkl\" data-src-align=\"116:9\">,<\/span>\u00a0kter\u00fd\u00a0<span class=\"EzKURWReUAB5oZgtQNkl\" data-src-align=\"105:10\">nahrazuje<\/span>\u00a0ukazatel\u00a0<span class=\"EzKURWReUAB5oZgtQNkl\" data-src-align=\"126:2\">na<\/span>\u00a0\u010deln\u00edm\u00a0<span class=\"EzKURWReUAB5oZgtQNkl\" data-src-align=\"129:14\">skle\u00a0<\/span><span class=\"EzKURWReUAB5oZgtQNkl\" data-src-align=\"143:1\">.<\/span><span class=\"EzKURWReUAB5oZgtQNkl\" data-src-align=\"63:7\">\u200b<\/span><span class=\"EzKURWReUAB5oZgtQNkl\" data-src-align=\"79:12\">\u200b\u00a0<\/span><span class=\"EzKURWReUAB5oZgtQNkl\" data-src-align=\"145:5\">JHMCS\u00a0<\/span><span class=\"EzKURWReUAB5oZgtQNkl\" data-src-align=\"151:9\">umo\u017e\u0148uje<\/span>\u00a0pilotovi\u00a0zah\u00e1jit\u00a0\u00a0<span class=\"EzKURWReUAB5oZgtQNkl\" data-src-align=\"239:1\">\u00fadery\u00a0<\/span><span class=\"EzKURWReUAB5oZgtQNkl\" data-src-align=\"234:5\">podle\u00a0<\/span><span class=\"EzKURWReUAB5oZgtQNkl\" data-src-align=\"197:3\">jeho\u00a0<\/span><span class=\"EzKURWReUAB5oZgtQNkl\" data-src-align=\"201:6\">pohledu<\/span>\u00a0bez\u00a0<span class=\"EzKURWReUAB5oZgtQNkl\" data-src-align=\"208:10\">ohledu\u00a0<\/span><span class=\"EzKURWReUAB5oZgtQNkl\" data-src-align=\"219:2\">na<\/span>\u00a0sm\u011br\u00a0p\u0159ilby\u00a0<span class=\"EzKURWReUAB5oZgtQNkl\" data-src-align=\"222:11\">.<\/span><span class=\"EzKURWReUAB5oZgtQNkl\" data-src-align=\"161:6\">\u200b<\/span><\/span><\/p>\n<p><span>Podle The Economist dostalo ukrajinsk\u00e9 letectvo prvn\u00edch 10 letadel.\u00a0<\/span><span class=\"EzKURWReUAB5oZgtQNkl\" data-src-align=\"0:1\"><span>Do<\/span><\/span><span>\u00a0konce\u00a0roku\u00a0by\u00a0<span class=\"EzKURWReUAB5oZgtQNkl\" data-src-align=\"136:12\">m\u011bl<\/span>\u00a0m\u00edt\u00a0<span class=\"EzKURWReUAB5oZgtQNkl\" data-src-align=\"15:5\">Kyjev\u00a0<\/span><span class=\"EzKURWReUAB5oZgtQNkl\" data-src-align=\"27:2\">20\u00a0<\/span><span class=\"EzKURWReUAB5oZgtQNkl\" data-src-align=\"43:13\">americk\u00fdch<\/span>\u00a0st\u00edha\u010dek\u00a0<span class=\"EzKURWReUAB5oZgtQNkl\" data-src-align=\"57:12\">ze\u00a0<\/span><span class=\"EzKURWReUAB5oZgtQNkl\" data-src-align=\"70:2\">79<\/span>\u00a0p\u0159isl\u00edben\u00fdch\u00a0<span class=\"EzKURWReUAB5oZgtQNkl\" data-src-align=\"76:9\">takzvanou<\/span>\u00a0koalic\u00ed\u00a0F\u00a0<span class=\"EzKURWReUAB5oZgtQNkl\" data-src-align=\"112:1\">&#8211;\u00a0<\/span><span class=\"EzKURWReUAB5oZgtQNkl\" data-src-align=\"113:2\">16\u00a0<\/span><span class=\"EzKURWReUAB5oZgtQNkl\" data-src-align=\"119:5\">vedenou\u00a0<\/span><span class=\"EzKURWReUAB5oZgtQNkl\" data-src-align=\"125:1\">D\u00e1nskem\u00a0<\/span><span class=\"EzKURWReUAB5oZgtQNkl\" data-src-align=\"134:1\">a\u00a0<\/span><span class=\"EzKURWReUAB5oZgtQNkl\" data-src-align=\"127:6\">Nizozemskem\u00a0<\/span><span class=\"EzKURWReUAB5oZgtQNkl\" data-src-align=\"148:1\">.<\/span><\/span><span class=\"EzKURWReUAB5oZgtQNkl\" data-src-align=\"2:5\"><span>\u200b<\/span><\/span><span class=\"EzKURWReUAB5oZgtQNkl\" data-src-align=\"8:4\"><span>\u200b<\/span><\/span><span><span class=\"EzKURWReUAB5oZgtQNkl\" data-src-align=\"30:12\">\u200b<\/span><span class=\"EzKURWReUAB5oZgtQNkl\" data-src-align=\"73:2\">\u200b<\/span><span class=\"EzKURWReUAB5oZgtQNkl\" data-src-align=\"86:3\">\u200b<\/span><span class=\"EzKURWReUAB5oZgtQNkl\" data-src-align=\"90:10\">\u200b<\/span><span class=\"EzKURWReUAB5oZgtQNkl\" data-src-align=\"111:1\">\u200b<\/span><span class=\"EzKURWReUAB5oZgtQNkl\" data-src-align=\"101:9:116:2\">\u200b<\/span>\u200b\u00a0Dal\u0161\u00ed\u00a0<span class=\"EzKURWReUAB5oZgtQNkl\" data-src-align=\"160:8\">letouny<\/span>\u00a0by m\u011bly\u00a0<span class=\"EzKURWReUAB5oZgtQNkl\" data-src-align=\"169:8\">dorazit<\/span>\u00a0v n\u011bkolika\u00a0<span class=\"EzKURWReUAB5oZgtQNkl\" data-src-align=\"178:8\">d\u00e1vk\u00e1ch\u00a0<\/span><span class=\"EzKURWReUAB5oZgtQNkl\" data-src-align=\"189:7\">v\u00a0<\/span><span class=\"EzKURWReUAB5oZgtQNkl\" data-src-align=\"197:9\">roce 2025\u00a0<\/span><span class=\"EzKURWReUAB5oZgtQNkl\" data-src-align=\"206:1\">. Mezi d\u016fvody odkladu dod\u00e1vek F-16 pr\u00fd pat\u0159\u00ed nedostatek m\u00edst pro v\u00fdcvik ukrajinsk\u00fdch pilot\u016f a jazykov\u00fd bar.<\/span><\/span><\/p>\n<div style=\"width: 640px;\" class=\"wp-video\"><video class=\"wp-video-shortcode\" id=\"video-59346-2\" width=\"640\" height=\"800\" preload=\"metadata\" controls=\"controls\"><source type=\"video\/mp4\" src=\"http:\/\/www.infokuryr.cz\/n\/wp-content\/uploads\/2024\/08\/16.mp4?_=2\" \/><a href=\"http:\/\/www.infokuryr.cz\/n\/wp-content\/uploads\/2024\/08\/16.mp4\">http:\/\/www.infokuryr.cz\/n\/wp-content\/uploads\/2024\/08\/16.mp4<\/a><\/video><\/div>\n<p>&nbsp;<\/p>\n<p>Dne\u0161n\u00ed medi\u00e1ln\u00ed kampa\u0148 prov\u00e1zela p\u0159edb\u011b\u017en\u00e1 n\u00e1divka. Ukrajinsk\u00e9 zdroje v minul\u00fdch dnech sd\u00edlely fotografie \u00fadajn\u00e9ho F-16 spat\u0159en\u00e9ho nad Ukrajinou. 4. srpna byla dal\u0161\u00ed F-16 nato\u010dena v Od\u011bse, kde provedla dal\u0161\u00ed ok\u00e1zal\u00fd let.<\/p>\n<p><img decoding=\"async\" loading=\"lazy\" class=\"alignnone size-full wp-image-1185\" src=\"http:\/\/www.infokuryr.cz\/n\/wp-content\/uploads\/2021\/04\/kuryr-podpis.png\" alt=\"\" width=\"84\" height=\"24\" \/><\/p>\n<p>&nbsp;<\/p>\n","protected":false},"excerpt":{"rendered":"<p>Prvn\u00ed srpnovou ned\u011bli slav\u00ed Ukrajinci den Vzdu\u0161n\u00fdch sil ozbrojen\u00fdch sil Ukrajiny. Letos, p\u0159i absenci v\u00edt\u011bzstv\u00ed&#8230;<\/p>\n","protected":false},"author":2,"featured_media":25996,"comment_status":"closed","ping_status":"closed","sticky":false,"template":"","format":"standard","meta":[],"categories":[7],"tags":[4978,5135,1000],"_links":{"self":[{"href":"https:\/\/www.infokuryr.cz\/n\/wp-json\/wp\/v2\/posts\/59346"}],"collection":[{"href":"https:\/\/www.infokuryr.cz\/n\/wp-json\/wp\/v2\/posts"}],"about":[{"href":"https:\/\/www.infokuryr.cz\/n\/wp-json\/wp\/v2\/types\/post"}],"author":[{"embeddable":true,"href":"https:\/\/www.infokuryr.cz\/n\/wp-json\/wp\/v2\/users\/2"}],"replies":[{"embeddable":true,"href":"https:\/\/www.infokuryr.cz\/n\/wp-json\/wp\/v2\/comments?post=59346"}],"version-history":[{"count":1,"href":"https:\/\/www.infokuryr.cz\/n\/wp-json\/wp\/v2\/posts\/59346\/revisions"}],"predecessor-version":[{"id":59349,"href":"https:\/\/www.infokuryr.cz\/n\/wp-json\/wp\/v2\/posts\/59346\/revisions\/59349"}],"wp:featuredmedia":[{"embeddable":true,"href":"https:\/\/www.infokuryr.cz\/n\/wp-json\/wp\/v2\/media\/25996"}],"wp:attachment":[{"href":"https:\/\/www.infokuryr.cz\/n\/wp-json\/wp\/v2\/media?parent=59346"}],"wp:term":[{"taxonomy":"category","embeddable":true,"href":"https:\/\/www.infokuryr.cz\/n\/wp-json\/wp\/v2\/categories?post=59346"},{"taxonomy":"post_tag","embeddable":true,"href":"https:\/\/www.infokuryr.cz\/n\/wp-json\/wp\/v2\/tags?post=59346"}],"curies":[{"name":"wp","href":"https:\/\/api.w.org\/{rel}","templated":true}]}}