{"id":59345,"date":"2024-08-06T00:34:30","date_gmt":"2024-08-05T22:34:30","guid":{"rendered":"https:\/\/www.infokuryr.cz\/n\/?p=59345"},"modified":"2024-08-05T18:34:58","modified_gmt":"2024-08-05T16:34:58","slug":"hizballah-zautocil-na-pet-izraelskych-pohranicnich-mist","status":"publish","type":"post","link":"https:\/\/www.infokuryr.cz\/n\/2024\/08\/06\/hizballah-zautocil-na-pet-izraelskych-pohranicnich-mist\/","title":{"rendered":"Hizball\u00e1h za\u00fato\u010dil na p\u011bt izraelsk\u00fdch pohrani\u010dn\u00edch m\u00edst"},"content":{"rendered":"<div id=\"fb-root\"><\/div>\n<p><strong><span>Hizball\u00e1h za\u00fato\u010dil 4. srpna na \u010dty\u0159i m\u00edsta izraelsk\u00fdch obrann\u00fdch sil (IDF), z nich\u017e v\u0161echny se nach\u00e1zej\u00ed pod\u00e9l libanonsk\u00fdch hranic.<\/span><\/strong><\/p>\n<p><span>V samostatn\u00fdch prohl\u00e1\u0161en\u00edch skupina uvedla, \u017ee jej\u00ed bojovn\u00edci zas\u00e1hli sledovac\u00ed syst\u00e9m v lokalit\u011b Ramia \u201evhodn\u00fdmi zbran\u011bmi\u201c a ost\u0159elovali lokality Berkat Richa, al-Manara a al-Malikiyah pomoc\u00ed raket a d\u011blost\u0159electva. Hebrejsk\u00e1 m\u00e9dia nehl\u00e1sila \u017e\u00e1dn\u00e9 ob\u011bti.<\/span><\/p>\n<p><span>\u00datoky byly provedeny \u201ena podporu neochv\u011bjn\u00e9ho palestinsk\u00e9ho lidu v p\u00e1smu Gazy a na podporu jejich state\u010dn\u00e9ho a \u010destn\u00e9ho odporu,\u201c poznamenal Hizball\u00e1h.<\/span><\/p>\n<p><span>Brzy r\u00e1no vyp\u00e1lil Hizball\u00e1h des\u00edtky raket na severn\u00ed Izrael a poprv\u00e9 od za\u010d\u00e1tku prob\u00edhaj\u00edc\u00ed konfrontace s IDF zam\u00ed\u0159il na osadu Beit Hillel. \u00datok zp\u016fsobil pouze materi\u00e1ln\u00ed ztr\u00e1ty.<\/span><\/p>\n<p><span>Stoj\u00ed za zm\u00ednku, \u017ee vojensk\u00e1 m\u00e9dia Hizball\u00e1hu zve\u0159ejnila 3. srpna video ukazuj\u00edc\u00ed ned\u00e1vn\u00e9 raketov\u00e9 a raketov\u00e9 \u00fatoky na severoizraelsk\u00e9 osady Shtula a al-Manara.<\/span><\/p>\n<p><iframe loading=\"lazy\" src=\"https:\/\/s5.cdnstatic.space\/wp-content\/uploads\/2024\/08\/MANAA.mp4\" width=\"600\" height=\"338\" data-mce-fragment=\"1\"><\/iframe><\/p>\n<p><span>Nejnov\u011bj\u0161\u00ed \u00fatoky p\u0159i\u0161ly v dob\u011b, kdy se Izrael p\u0159ipravuje na mo\u017enou reakci Hizball\u00e1hu na atent\u00e1t na vysok\u00e9ho velitele skupiny Fuada \u0160ukra v libanonsk\u00e9m hlavn\u00edm m\u011bst\u011b Bejr\u00fatu.<\/span><\/p>\n<p><span>St\u0159ety mezi Izraelem a Hizball\u00e1hem vypukly po za\u010d\u00e1tku v\u00e1lky v Gaze loni v \u0159\u00edjnu, p\u0159i\u010dem\u017e skupina a jej\u00ed spojenci podnikali t\u00e9m\u011b\u0159 ka\u017edodenn\u00ed \u00fatoky na podporu hnut\u00ed Ham\u00e1s a dal\u0161\u00edch frakc\u00ed v p\u00e1smu.<\/span><\/p>\n<p><span>Konfrontace si dosud vy\u017e\u00e1dala 25 mrtv\u00fdch civilist\u016f v Izraeli a na okupovan\u00fdch Golanech a tak\u00e9 smrt nejm\u00e9n\u011b 21 voj\u00e1k\u016f a bezpe\u010dnostn\u00edch d\u016fstojn\u00edk\u016f. Na libanonsk\u00e9 stran\u011b bylo zabito v\u00edce ne\u017e 600 lid\u00ed, v\u010detn\u011b 370 bojovn\u00edk\u016f Hizball\u00e1hu a v\u00edce ne\u017e 100 civilist\u016f.<\/span><\/p>\n<p><img decoding=\"async\" loading=\"lazy\" class=\"alignnone size-full wp-image-1185\" src=\"http:\/\/www.infokuryr.cz\/n\/wp-content\/uploads\/2021\/04\/kuryr-podpis.png\" alt=\"\" width=\"84\" height=\"24\" \/><\/p>\n<p>&nbsp;<\/p>\n","protected":false},"excerpt":{"rendered":"<p>Hizball\u00e1h za\u00fato\u010dil 4. srpna na \u010dty\u0159i m\u00edsta izraelsk\u00fdch obrann\u00fdch sil (IDF), z nich\u017e v\u0161echny se&#8230;<\/p>\n","protected":false},"author":2,"featured_media":51103,"comment_status":"closed","ping_status":"closed","sticky":false,"template":"","format":"standard","meta":[],"categories":[7],"tags":[7085,107,889],"_links":{"self":[{"href":"https:\/\/www.infokuryr.cz\/n\/wp-json\/wp\/v2\/posts\/59345"}],"collection":[{"href":"https:\/\/www.infokuryr.cz\/n\/wp-json\/wp\/v2\/posts"}],"about":[{"href":"https:\/\/www.infokuryr.cz\/n\/wp-json\/wp\/v2\/types\/post"}],"author":[{"embeddable":true,"href":"https:\/\/www.infokuryr.cz\/n\/wp-json\/wp\/v2\/users\/2"}],"replies":[{"embeddable":true,"href":"https:\/\/www.infokuryr.cz\/n\/wp-json\/wp\/v2\/comments?post=59345"}],"version-history":[{"count":0,"href":"https:\/\/www.infokuryr.cz\/n\/wp-json\/wp\/v2\/posts\/59345\/revisions"}],"wp:featuredmedia":[{"embeddable":true,"href":"https:\/\/www.infokuryr.cz\/n\/wp-json\/wp\/v2\/media\/51103"}],"wp:attachment":[{"href":"https:\/\/www.infokuryr.cz\/n\/wp-json\/wp\/v2\/media?parent=59345"}],"wp:term":[{"taxonomy":"category","embeddable":true,"href":"https:\/\/www.infokuryr.cz\/n\/wp-json\/wp\/v2\/categories?post=59345"},{"taxonomy":"post_tag","embeddable":true,"href":"https:\/\/www.infokuryr.cz\/n\/wp-json\/wp\/v2\/tags?post=59345"}],"curies":[{"name":"wp","href":"https:\/\/api.w.org\/{rel}","templated":true}]}}