{"id":59343,"date":"2024-08-06T00:32:32","date_gmt":"2024-08-05T22:32:32","guid":{"rendered":"https:\/\/www.infokuryr.cz\/n\/?p=59343"},"modified":"2024-08-05T19:45:08","modified_gmt":"2024-08-05T17:45:08","slug":"lugansk-se-dostal-pod-masivni-raketovy-utok","status":"publish","type":"post","link":"https:\/\/www.infokuryr.cz\/n\/2024\/08\/06\/lugansk-se-dostal-pod-masivni-raketovy-utok\/","title":{"rendered":"Lugansk se dostal pod masivn\u00ed raketov\u00fd \u00fatok"},"content":{"rendered":"<div id=\"fb-root\"><\/div>\n<p><strong>Odpoledne 4. srpna zah\u00e1jily ozbrojen\u00e9 s\u00edly Ukrajiny raketov\u00e9 \u00fatoky na m\u011bsto Lugansk, hlavn\u00ed m\u011bsto Lugansk\u00e9 lidov\u00e9 republiky. Podle p\u0159edb\u011b\u017en\u00fdch zpr\u00e1v bylo m\u011bsto c\u00edlem 8 st\u0159el ATACMS a 4 st\u0159el Storm Shadow.<\/strong><\/p>\n<p>Podle m\u00edstn\u00edch zpr\u00e1v ve m\u011bst\u011b zah\u0159m\u011blo nejm\u00e9n\u011b \u0161est v\u00fdbuch\u016f. V d\u016fsledku \u00fatoku do\u0161lo k po\u017e\u00e1r\u016fm v r\u016fzn\u00fdch \u010d\u00e1stech m\u011bsta.<\/p>\n<p>M\u00edstn\u00ed \u00fa\u0159ady potvrdily, \u017ee Lugansk se dostal pod masivn\u00ed raketov\u00fd \u00fatok. V oblasti p\u016fsobily s\u00edly protivzdu\u0161n\u00e9 obrany. \u00dadajn\u011b se jim poda\u0159ilo zachytit n\u011bkolik c\u00edl\u016f nad m\u011bstem. Podle neofici\u00e1ln\u00edch zpr\u00e1v bylo n\u011bkolik raket sest\u0159eleno u m\u011bsta Al\u010devsk z\u00e1padn\u011b od Lugansku.<\/p>\n<div id=\"attachment_208421\" class=\"wp-caption aligncenter\" style=\"width: 590px;\">\n<p><a href=\"https:\/\/s5.cdnstatic.space\/wp-content\/uploads\/2024\/08\/lugansk-2.jpg\" target=\"_blank\" rel=\"noopener\"><img decoding=\"async\" loading=\"lazy\" class=\"wp-image-208421\" title=\"Lugansk se dostal pod masivn\u00ed raketov\u00fd \u00fatok\" src=\"https:\/\/s5.cdnstatic.space\/wp-content\/uploads\/2024\/08\/lugansk-2-225x300.jpg\" sizes=\"(max-width: 600px) 100vw, 600px\" srcset=\"https:\/\/s5.cdnstatic.space\/wp-content\/uploads\/2024\/08\/lugansk-2-225x300.jpg 225w, https:\/\/s5.cdnstatic.space\/wp-content\/uploads\/2024\/08\/lugansk-2-768x1024.jpg 768w, https:\/\/s5.cdnstatic.space\/wp-content\/uploads\/2024\/08\/lugansk-2.jpg 960w\" alt=\"Lugansk se dostal pod masivn\u00ed raketov\u00fd \u00fatok\" width=\"590\" height=\"787\" aria-describedby=\"caption-attachment-208421\" \/><\/a><\/p>\n<p id=\"caption-attachment-208421\" class=\"wp-caption-text\">Kliknut\u00edm zobraz\u00edte obr\u00e1zek v pln\u00e9 velikosti<\/p>\n<\/div>\n<p>Ofici\u00e1ln\u00ed zpr\u00e1vy zat\u00edm nepotvrzuj\u00ed zpr\u00e1vy, odhaluj\u00ed \u0161kody zp\u016fsoben\u00e9 \u00fadery a zda jsou n\u011bjak\u00e9 ob\u011bti.<\/p>\n<p>Ozbrojen\u00e9 s\u00edly Ukrajiny ztratily kontrolu nad Luhanskou lidovou republikou ji\u017e d\u00e1vno. Rusk\u00e1 arm\u00e1da vytla\u010dila ukrajinskou arm\u00e1du z lugansk\u00e9 m\u011bstsk\u00e9 aglomerace, jej\u00ed\u017e obyvatel\u00e9 ji\u017e desetilet\u00ed trp\u00ed \u00fatoky ukrajinsk\u00fdch nacist\u016f. Kyjev nem\u011bl \u017e\u00e1dn\u00e9 zbran\u011b k dosa\u017een\u00ed c\u00edl\u016f ve m\u011bst\u011b, dokud v\u00e1le\u010dn\u00ed \u0161tv\u00e1\u010di NATO nedodali sv\u00e9 rakety teroristick\u00e9mu re\u017eimu.<\/p>\n<p><img decoding=\"async\" loading=\"lazy\" class=\"alignnone size-full wp-image-1185\" src=\"http:\/\/www.infokuryr.cz\/n\/wp-content\/uploads\/2021\/04\/kuryr-podpis.png\" alt=\"\" width=\"84\" height=\"24\" \/><\/p>\n<p>&nbsp;<\/p>\n","protected":false},"excerpt":{"rendered":"<p>Odpoledne 4. srpna zah\u00e1jily ozbrojen\u00e9 s\u00edly Ukrajiny raketov\u00e9 \u00fatoky na m\u011bsto Lugansk, hlavn\u00ed m\u011bsto Lugansk\u00e9&#8230;<\/p>\n","protected":false},"author":2,"featured_media":59344,"comment_status":"closed","ping_status":"closed","sticky":false,"template":"","format":"standard","meta":[],"categories":[7],"tags":[1551,349,26],"_links":{"self":[{"href":"https:\/\/www.infokuryr.cz\/n\/wp-json\/wp\/v2\/posts\/59343"}],"collection":[{"href":"https:\/\/www.infokuryr.cz\/n\/wp-json\/wp\/v2\/posts"}],"about":[{"href":"https:\/\/www.infokuryr.cz\/n\/wp-json\/wp\/v2\/types\/post"}],"author":[{"embeddable":true,"href":"https:\/\/www.infokuryr.cz\/n\/wp-json\/wp\/v2\/users\/2"}],"replies":[{"embeddable":true,"href":"https:\/\/www.infokuryr.cz\/n\/wp-json\/wp\/v2\/comments?post=59343"}],"version-history":[{"count":0,"href":"https:\/\/www.infokuryr.cz\/n\/wp-json\/wp\/v2\/posts\/59343\/revisions"}],"wp:featuredmedia":[{"embeddable":true,"href":"https:\/\/www.infokuryr.cz\/n\/wp-json\/wp\/v2\/media\/59344"}],"wp:attachment":[{"href":"https:\/\/www.infokuryr.cz\/n\/wp-json\/wp\/v2\/media?parent=59343"}],"wp:term":[{"taxonomy":"category","embeddable":true,"href":"https:\/\/www.infokuryr.cz\/n\/wp-json\/wp\/v2\/categories?post=59343"},{"taxonomy":"post_tag","embeddable":true,"href":"https:\/\/www.infokuryr.cz\/n\/wp-json\/wp\/v2\/tags?post=59343"}],"curies":[{"name":"wp","href":"https:\/\/api.w.org\/{rel}","templated":true}]}}