{"id":5934,"date":"2021-11-05T07:46:43","date_gmt":"2021-11-05T06:46:43","guid":{"rendered":"http:\/\/www.infokuryr.cz\/n\/?p=5934"},"modified":"2021-11-05T07:46:43","modified_gmt":"2021-11-05T06:46:43","slug":"suverennimi-maji-byt-evropske-narody-a-ne-bruselske-instituce","status":"publish","type":"post","link":"https:\/\/www.infokuryr.cz\/n\/2021\/11\/05\/suverennimi-maji-byt-evropske-narody-a-ne-bruselske-instituce\/","title":{"rendered":"Suver\u00e9nn\u00edmi maj\u00ed b\u00fdt evropsk\u00e9 n\u00e1rody, a ne bruselsk\u00e9 instituce!"},"content":{"rendered":"<div id=\"fb-root\"><\/div>\n<p>Polsk\u00fd premi\u00e9r Mateusz Morawiecki uk\u00e1zal Bruselu, kde je jeho m\u00edsto. &#8222;Suver\u00e9nn\u00edmi v EU maj\u00ed b\u00fdt n\u00e1rody a ob\u010dan\u00e9, a ne instituce z Bruselu \u010di Lucemburku&#8220;, odp\u00e1lkoval nehor\u00e1zn\u00e9 osobov\u00e1n\u00ed si supremacie unijn\u00ed oligarchi\u00ed nad evropsk\u00fdmi n\u00e1rody a ob\u010dany polsk\u00fd ministersk\u00fd p\u0159edseda.<\/p>\n<p><a href=\"https:\/\/www.postoj.sk\/91710\/suverenmi-v-eu-maju-byt-narody-a-obcania-nie-institucie-z-bruselu-a-luxemburgu\">ZDROJ<\/a><\/p>\n<p>&nbsp;<\/p>\n","protected":false},"excerpt":{"rendered":"<p>Polsk\u00fd premi\u00e9r Mateusz Morawiecki uk\u00e1zal Bruselu, kde je jeho m\u00edsto. &#8222;Suver\u00e9nn\u00edmi v EU maj\u00ed b\u00fdt&#8230;<\/p>\n","protected":false},"author":2,"featured_media":5552,"comment_status":"closed","ping_status":"closed","sticky":false,"template":"","format":"standard","meta":[],"categories":[7],"tags":[41,31],"_links":{"self":[{"href":"https:\/\/www.infokuryr.cz\/n\/wp-json\/wp\/v2\/posts\/5934"}],"collection":[{"href":"https:\/\/www.infokuryr.cz\/n\/wp-json\/wp\/v2\/posts"}],"about":[{"href":"https:\/\/www.infokuryr.cz\/n\/wp-json\/wp\/v2\/types\/post"}],"author":[{"embeddable":true,"href":"https:\/\/www.infokuryr.cz\/n\/wp-json\/wp\/v2\/users\/2"}],"replies":[{"embeddable":true,"href":"https:\/\/www.infokuryr.cz\/n\/wp-json\/wp\/v2\/comments?post=5934"}],"version-history":[{"count":0,"href":"https:\/\/www.infokuryr.cz\/n\/wp-json\/wp\/v2\/posts\/5934\/revisions"}],"wp:featuredmedia":[{"embeddable":true,"href":"https:\/\/www.infokuryr.cz\/n\/wp-json\/wp\/v2\/media\/5552"}],"wp:attachment":[{"href":"https:\/\/www.infokuryr.cz\/n\/wp-json\/wp\/v2\/media?parent=5934"}],"wp:term":[{"taxonomy":"category","embeddable":true,"href":"https:\/\/www.infokuryr.cz\/n\/wp-json\/wp\/v2\/categories?post=5934"},{"taxonomy":"post_tag","embeddable":true,"href":"https:\/\/www.infokuryr.cz\/n\/wp-json\/wp\/v2\/tags?post=5934"}],"curies":[{"name":"wp","href":"https:\/\/api.w.org\/{rel}","templated":true}]}}