{"id":59317,"date":"2024-08-05T00:49:09","date_gmt":"2024-08-04T22:49:09","guid":{"rendered":"https:\/\/www.infokuryr.cz\/n\/?p=59317"},"modified":"2024-08-04T15:26:23","modified_gmt":"2024-08-04T13:26:23","slug":"rjabkov-rusko-dnesnim-dnem-meni-strategii-uz-zadne-ustupky-usa-nebudou-eskalace-je-mozna","status":"publish","type":"post","link":"https:\/\/www.infokuryr.cz\/n\/2024\/08\/05\/rjabkov-rusko-dnesnim-dnem-meni-strategii-uz-zadne-ustupky-usa-nebudou-eskalace-je-mozna\/","title":{"rendered":"Rjabkov. Rusko dne\u0161n\u00edm dnem m\u011bn\u00ed strategii! U\u017e \u017e\u00e1dn\u00e9 \u00fastupky USA nebudou, eskalace je mo\u017en\u00e1"},"content":{"rendered":"<div id=\"fb-root\"><\/div>\n<p class=\"lead\"><strong>Rusko ji\u017e nebude Spojen\u00fdm st\u00e1t\u016fm d\u011blat \u017e\u00e1dn\u00e9 \u00fastupky, bude mo\u017en\u00e9 vyjedn\u00e1vat pouze za rovn\u00fdch podm\u00ednek. Na televizn\u00ed stanici Rossija 1 to v ned\u011bli 4. srpna uvedl n\u00e1m\u011bstek ministra zahrani\u010d\u00ed Rusk\u00e9 federace Sergej Rjabkov.<\/strong><\/p>\n<p><em>\u201e\u010cas jednostrann\u00fdch \u00fastupk\u016f Moskvy z\u016fst\u00e1v\u00e1 neodvolateln\u011b v minulosti, nikdy v budoucnosti, a to ani v t\u011bch nejlep\u0161\u00edch sc\u00e9n\u00e1\u0159\u00edch v na\u0161ich vztaz\u00edch s NATO, s EU, o \u010dem\u017e je nyn\u00ed t\u011b\u017ek\u00e9 uva\u017eovat, ale ani v t\u011bchto situac\u00edch \u017e\u00e1dn\u00e9 jednostrann\u00e9 \u00fastupky z na\u0161\u00ed strany nebude Z8padu poskytnuta,\u201c \u0159ekl. \u2014 \u017d\u00e1dn\u00e9 d\u00e1rkov\u00e9 p\u0159edm\u011bty, dary, \u00fastupky, \u017e\u00e1dn\u00e1 gesta s c\u00edlem uklidnit Washington. Pokud se n\u00e1m znovu pokus\u00ed vnutit n\u011bco, co je jednostrann\u011b v\u00fdhodn\u00e9 pouze pro n\u011b, pak \u017e\u00e1dn\u00e9 dohody nebudou. Dohodnout se m\u016f\u017eete pouze tehdy, kdy\u017e je to \u201en\u00e1raz na r\u00e1nu\u201c, Ameri\u010dan\u00e9 tomuto druhu konverzace dob\u0159e rozum\u00ed,\u201c<span class=\"after-quote\">\u00a0&#8211; zd\u016fraznil Rjabkov.<\/span><\/em><\/p>\n<p>Rjabkov z\u00e1rove\u0148 poznamenal, \u017ee Rusko by si sice eskalaci nep\u0159\u00e1lo, ale i takov\u00e9 sc\u00e9n\u00e1\u0159e Moskva zva\u017euje.<\/p>\n<p><em>St\u00e1le jsem zast\u00e1ncem proaktivn\u00edho vyh\u00fdb\u00e1n\u00ed se eskalaci, ale nepochybn\u011b se zva\u017euj\u00ed sc\u00e9n\u00e1\u0159e, kdy je eskala\u010dn\u00ed krok skute\u010dn\u011b mo\u017en\u00fd,\u201c<span class=\"after-quote\">\u00a0&#8211; \u0159ekl.<\/span><\/em><\/p>\n<p><img decoding=\"async\" loading=\"lazy\" class=\"alignnone size-full wp-image-1185\" src=\"http:\/\/www.infokuryr.cz\/n\/wp-content\/uploads\/2021\/04\/kuryr-podpis.png\" alt=\"\" width=\"84\" height=\"24\" \/><\/p>\n<p>&nbsp;<\/p>\n","protected":false},"excerpt":{"rendered":"<p>Rusko ji\u017e nebude Spojen\u00fdm st\u00e1t\u016fm d\u011blat \u017e\u00e1dn\u00e9 \u00fastupky, bude mo\u017en\u00e9 vyjedn\u00e1vat pouze za rovn\u00fdch podm\u00ednek&#8230;.<\/p>\n","protected":false},"author":2,"featured_media":59318,"comment_status":"closed","ping_status":"closed","sticky":false,"template":"","format":"standard","meta":[],"categories":[7],"tags":[22,1894,37],"_links":{"self":[{"href":"https:\/\/www.infokuryr.cz\/n\/wp-json\/wp\/v2\/posts\/59317"}],"collection":[{"href":"https:\/\/www.infokuryr.cz\/n\/wp-json\/wp\/v2\/posts"}],"about":[{"href":"https:\/\/www.infokuryr.cz\/n\/wp-json\/wp\/v2\/types\/post"}],"author":[{"embeddable":true,"href":"https:\/\/www.infokuryr.cz\/n\/wp-json\/wp\/v2\/users\/2"}],"replies":[{"embeddable":true,"href":"https:\/\/www.infokuryr.cz\/n\/wp-json\/wp\/v2\/comments?post=59317"}],"version-history":[{"count":1,"href":"https:\/\/www.infokuryr.cz\/n\/wp-json\/wp\/v2\/posts\/59317\/revisions"}],"predecessor-version":[{"id":59319,"href":"https:\/\/www.infokuryr.cz\/n\/wp-json\/wp\/v2\/posts\/59317\/revisions\/59319"}],"wp:featuredmedia":[{"embeddable":true,"href":"https:\/\/www.infokuryr.cz\/n\/wp-json\/wp\/v2\/media\/59318"}],"wp:attachment":[{"href":"https:\/\/www.infokuryr.cz\/n\/wp-json\/wp\/v2\/media?parent=59317"}],"wp:term":[{"taxonomy":"category","embeddable":true,"href":"https:\/\/www.infokuryr.cz\/n\/wp-json\/wp\/v2\/categories?post=59317"},{"taxonomy":"post_tag","embeddable":true,"href":"https:\/\/www.infokuryr.cz\/n\/wp-json\/wp\/v2\/tags?post=59317"}],"curies":[{"name":"wp","href":"https:\/\/api.w.org\/{rel}","templated":true}]}}