{"id":59310,"date":"2024-08-05T00:41:54","date_gmt":"2024-08-04T22:41:54","guid":{"rendered":"https:\/\/www.infokuryr.cz\/n\/?p=59310"},"modified":"2024-08-04T15:00:44","modified_gmt":"2024-08-04T13:00:44","slug":"kontroverzni-europoslankyne-nerudova-chce-vyloucit-madarsko-ze-schengenu","status":"publish","type":"post","link":"https:\/\/www.infokuryr.cz\/n\/2024\/08\/05\/kontroverzni-europoslankyne-nerudova-chce-vyloucit-madarsko-ze-schengenu\/","title":{"rendered":"Kontroverzn\u00ed europoslankyn\u011b Nerudov\u00e1 chce vylou\u010dit Ma\u010farsko ze Schengenu"},"content":{"rendered":"<div id=\"fb-root\"><\/div>\n<p><strong>Nov\u011b zvolen\u00e1 europoslankyn\u011b za hnut\u00ed STAN Danu\u0161e Nerudov\u00e1 za\u010dala svou pr\u00e1ci pro Evropsk\u00fd parlament zostra. Napsala dopis staronov\u00e9 p\u0159edsedkyni Evropsk\u00e9 komise Ursule von der Leyenov\u00e9 a do\u017eaduje se, aby bylo Ma\u010farsko vylou\u010deno ze schengensk\u00e9ho prostoru.<\/strong><\/p>\n<p><em>\u201eJe va\u0161\u00ed povinnost\u00ed, jako evropsk\u00e9 instituce, ochr\u00e1nit evropsk\u00e9 ob\u010dany p\u0159ed takov\u00fdm ohro\u017een\u00edm a neotev\u0159\u00edt hranice zemi, kter\u00e1 je na\u0161\u00edm nep\u0159\u00edtelem,\u201c<\/em> stoj\u00ed v apelu. Podepsali europoslanci za STAN, KDU-\u010cSL i TOP 09.<\/p>\n<p><strong>P.S.<\/strong> &#8211; v\u00edc takov\u00fdch Nerudov\u00fdch, a\u0165 u\u017e se kone\u010dn\u011b ten euromoloch rozpadne!<\/p>\n<p><img decoding=\"async\" loading=\"lazy\" class=\"alignnone size-full wp-image-1185\" src=\"http:\/\/www.infokuryr.cz\/n\/wp-content\/uploads\/2021\/04\/kuryr-podpis.png\" alt=\"\" width=\"84\" height=\"24\" \/><\/p>\n<p>&nbsp;<\/p>\n","protected":false},"excerpt":{"rendered":"<p>Nov\u011b zvolen\u00e1 europoslankyn\u011b za hnut\u00ed STAN Danu\u0161e Nerudov\u00e1 za\u010dala svou pr\u00e1ci pro Evropsk\u00fd parlament zostra&#8230;.<\/p>\n","protected":false},"author":2,"featured_media":19611,"comment_status":"closed","ping_status":"closed","sticky":false,"template":"","format":"standard","meta":[],"categories":[6],"tags":[680,78,4014,4128],"_links":{"self":[{"href":"https:\/\/www.infokuryr.cz\/n\/wp-json\/wp\/v2\/posts\/59310"}],"collection":[{"href":"https:\/\/www.infokuryr.cz\/n\/wp-json\/wp\/v2\/posts"}],"about":[{"href":"https:\/\/www.infokuryr.cz\/n\/wp-json\/wp\/v2\/types\/post"}],"author":[{"embeddable":true,"href":"https:\/\/www.infokuryr.cz\/n\/wp-json\/wp\/v2\/users\/2"}],"replies":[{"embeddable":true,"href":"https:\/\/www.infokuryr.cz\/n\/wp-json\/wp\/v2\/comments?post=59310"}],"version-history":[{"count":0,"href":"https:\/\/www.infokuryr.cz\/n\/wp-json\/wp\/v2\/posts\/59310\/revisions"}],"wp:featuredmedia":[{"embeddable":true,"href":"https:\/\/www.infokuryr.cz\/n\/wp-json\/wp\/v2\/media\/19611"}],"wp:attachment":[{"href":"https:\/\/www.infokuryr.cz\/n\/wp-json\/wp\/v2\/media?parent=59310"}],"wp:term":[{"taxonomy":"category","embeddable":true,"href":"https:\/\/www.infokuryr.cz\/n\/wp-json\/wp\/v2\/categories?post=59310"},{"taxonomy":"post_tag","embeddable":true,"href":"https:\/\/www.infokuryr.cz\/n\/wp-json\/wp\/v2\/tags?post=59310"}],"curies":[{"name":"wp","href":"https:\/\/api.w.org\/{rel}","templated":true}]}}