{"id":5931,"date":"2021-11-05T07:40:00","date_gmt":"2021-11-05T06:40:00","guid":{"rendered":"http:\/\/www.infokuryr.cz\/n\/?p=5931"},"modified":"2021-11-05T07:40:00","modified_gmt":"2021-11-05T06:40:00","slug":"usa-testuji-kubanskou-vakcinu-ma-vysledky","status":"publish","type":"post","link":"https:\/\/www.infokuryr.cz\/n\/2021\/11\/05\/usa-testuji-kubanskou-vakcinu-ma-vysledky\/","title":{"rendered":"USA testuj\u00ed kub\u00e1nskou vakc\u00ednu. M\u00e1 v\u00fdsledky"},"content":{"rendered":"<div id=\"fb-root\"><\/div>\n<p>I komunisti v\u011bd\u011bli, \u017ee bez skute\u010dn\u00fdch odborn\u00edk\u016f se to ned\u00e1, a \u017ee sebe p\u0159esv\u011bd\u010den\u011bj\u0161\u00ed funkcion\u00e1\u0159i je nenahrad\u00ed. Na tot\u00e9\u017e p\u0159ich\u00e1zej\u00ed i kapitalisti v USA (v Evrop\u011b jsou st\u00e1le sp\u00ed\u0161 p\u0159es tu ideologii a propagandu). A Kuba m\u00e1 v\u00fdsledky nejen v covidov\u00fdch vakc\u00edn\u00e1ch.<\/p>\n<p>Americk\u00fd Institut Roswell Park zah\u00e1jil klinick\u00e9 testov\u00e1n\u00ed\u00a0vakc\u00edny\u00a0kub\u00e1nsk\u00e9 firmy BioCubaFarm proti rakovin\u011b plic CIMAvax-EGF, kter\u00e1 se sv\u00fdmi v\u00fdsledky mimo USA ji\u017e osv\u011bd\u010dila v l\u00e9\u010db\u011b pokro\u010dil\u00e9 rakoviny plic. \u0158editel BioCubaFarm Eduardo Mart\u00ednez D\u00edaz uvedl, \u017ee vyhodnocen\u00ed schopnosti kub\u00e1nsk\u00e9 vakc\u00edny p\u0159edch\u00e1zet rakovin\u011b plic je velkou nad\u011bj\u00ed pro lidstvo.<\/p>\n<p>Kub\u00e1nsk\u00fd prezident D\u00edaz-Canel Berm\u00fadez k tomu poznamenal, \u017ee neb\u00fdt zarputil\u00e9 a l\u00edt\u00e9 americk\u00e9 vl\u00e1dy, mohli bychom toho spolu se Sevroameri\u010dany dok\u00e1zat pro lidstvo v\u00edc.<\/p>\n<p><a href=\"https:\/\/www.granma.cu\/cuba\/2021-11-01\/instituto-rosswell-park-de-estados-unidos-iniciara-estudio-clinico-con-vacuna-cubana-cimavax-egf-video\">ZDROJ<\/a><\/p>\n<p>&nbsp;<\/p>\n","protected":false},"excerpt":{"rendered":"<p>I komunisti v\u011bd\u011bli, \u017ee bez skute\u010dn\u00fdch odborn\u00edk\u016f se to ned\u00e1, a \u017ee sebe p\u0159esv\u011bd\u010den\u011bj\u0161\u00ed funkcion\u00e1\u0159i&#8230;<\/p>\n","protected":false},"author":2,"featured_media":3235,"comment_status":"closed","ping_status":"closed","sticky":false,"template":"","format":"standard","meta":[],"categories":[7],"tags":[135,1366,37,651],"_links":{"self":[{"href":"https:\/\/www.infokuryr.cz\/n\/wp-json\/wp\/v2\/posts\/5931"}],"collection":[{"href":"https:\/\/www.infokuryr.cz\/n\/wp-json\/wp\/v2\/posts"}],"about":[{"href":"https:\/\/www.infokuryr.cz\/n\/wp-json\/wp\/v2\/types\/post"}],"author":[{"embeddable":true,"href":"https:\/\/www.infokuryr.cz\/n\/wp-json\/wp\/v2\/users\/2"}],"replies":[{"embeddable":true,"href":"https:\/\/www.infokuryr.cz\/n\/wp-json\/wp\/v2\/comments?post=5931"}],"version-history":[{"count":0,"href":"https:\/\/www.infokuryr.cz\/n\/wp-json\/wp\/v2\/posts\/5931\/revisions"}],"wp:featuredmedia":[{"embeddable":true,"href":"https:\/\/www.infokuryr.cz\/n\/wp-json\/wp\/v2\/media\/3235"}],"wp:attachment":[{"href":"https:\/\/www.infokuryr.cz\/n\/wp-json\/wp\/v2\/media?parent=5931"}],"wp:term":[{"taxonomy":"category","embeddable":true,"href":"https:\/\/www.infokuryr.cz\/n\/wp-json\/wp\/v2\/categories?post=5931"},{"taxonomy":"post_tag","embeddable":true,"href":"https:\/\/www.infokuryr.cz\/n\/wp-json\/wp\/v2\/tags?post=5931"}],"curies":[{"name":"wp","href":"https:\/\/api.w.org\/{rel}","templated":true}]}}