{"id":59292,"date":"2024-08-05T00:36:19","date_gmt":"2024-08-04T22:36:19","guid":{"rendered":"https:\/\/www.infokuryr.cz\/n\/?p=59292"},"modified":"2024-08-04T14:15:31","modified_gmt":"2024-08-04T12:15:31","slug":"hroziva-eskalace-pripravy-na-evakuaci-v-libanonu","status":"publish","type":"post","link":"https:\/\/www.infokuryr.cz\/n\/2024\/08\/05\/hroziva-eskalace-pripravy-na-evakuaci-v-libanonu\/","title":{"rendered":"Hroziv\u00e1 eskalace \u2013 p\u0159\u00edpravy na evakuaci v Libanonu"},"content":{"rendered":"<div id=\"fb-root\"><\/div>\n<p><strong>Spojen\u00e9 st\u00e1ty a dal\u0161\u00ed zem\u011b se p\u0159ipravuj\u00ed na mo\u017enou evakuaci sv\u00fdch ob\u010dan\u016f z Libanonu. D\u016fvodem je zvy\u0161uj\u00edc\u00ed se nap\u011bt\u00ed mezi libanonsk\u00fdmi milicemi Hizball\u00e1hu a Izraelem, kter\u00e9 vyvol\u00e1v\u00e1 obavy z vojensk\u00e9 eskalace. Dokonce i plnohodnotn\u00e1 v\u00e1lka je proto v r\u00e1mci mo\u017enost\u00ed.<\/strong><\/p>\n<p>Americk\u00e9 ministerstvo obrany ji\u017e do oblasti v\u00fdchodn\u00edho St\u0159edomo\u0159\u00ed rozm\u00edstilo vojensk\u00e9 jednotky, aby byly p\u0159ipraveny v p\u0159\u00edpad\u011b evakuace. Mezi nimi je oboj\u017eiveln\u00e1 \u00fato\u010dn\u00e1 lo\u010f USS Wasp s mari\u0148\u00e1ky na palub\u011b vycvi\u010den\u00fdmi k evakua\u010dn\u00edm operac\u00edm. Velvyslanectv\u00ed USA v Bejr\u00fatu varovalo americk\u00e9 ob\u010dany, aby si rozmysleli cestu do Libanonu. &#8222;Bezpe\u010dnostn\u00ed situace z\u016fst\u00e1v\u00e1 slo\u017eit\u00e1 a m\u016f\u017ee se rychle zm\u011bnit,&#8220; uvedlo v prohl\u00e1\u0161en\u00ed. Odhaduje se, \u017ee v Libanonu \u017eije kolem 86 000 Ameri\u010dan\u016f.<\/p>\n<figure class=\"wp-block-embed is-type-rich is-provider-twitter wp-block-embed-twitter\">\n<div class=\"wp-block-embed__wrapper\">\n<div class=\"twitter-tweet twitter-tweet-rendered\"><iframe id=\"twitter-widget-0\" class=\"\" title=\"X p\u0159\u00edsp\u011bvek\" src=\"https:\/\/platform.twitter.com\/embed\/Tweet.html?dnt=true&amp;embedId=twitter-widget-0&amp;features=eyJ0ZndfdGltZWxpbmVfbGlzdCI6eyJidWNrZXQiOltdLCJ2ZXJzaW9uIjpudWxsfSwidGZ3X2ZvbGxvd2VyX2NvdW50X3N1bnNldCI6eyJidWNrZXQiOnRydWUsInZlcnNpb24iOm51bGx9LCJ0ZndfdHdlZXRfZWRpdF9iYWNrZW5kIjp7ImJ1Y2tldCI6Im9uIiwidmVyc2lvbiI6bnVsbH0sInRmd19yZWZzcmNfc2Vzc2lvbiI6eyJidWNrZXQiOiJvbiIsInZlcnNpb24iOm51bGx9LCJ0ZndfZm9zbnJfc29mdF9pbnRlcnZlbnRpb25zX2VuYWJsZWQiOnsiYnVja2V0Ijoib24iLCJ2ZXJzaW9uIjpudWxsfSwidGZ3X21peGVkX21lZGlhXzE1ODk3Ijp7ImJ1Y2tldCI6InRyZWF0bWVudCIsInZlcnNpb24iOm51bGx9LCJ0ZndfZXhwZXJpbWVudHNfY29va2llX2V4cGlyYXRpb24iOnsiYnVja2V0IjoxMjA5NjAwLCJ2ZXJzaW9uIjpudWxsfSwidGZ3X3Nob3dfYmlyZHdhdGNoX3Bpdm90c19lbmFibGVkIjp7ImJ1Y2tldCI6Im9uIiwidmVyc2lvbiI6bnVsbH0sInRmd19kdXBsaWNhdGVfc2NyaWJlc190b19zZXR0aW5ncyI6eyJidWNrZXQiOiJvbiIsInZlcnNpb24iOm51bGx9LCJ0ZndfdXNlX3Byb2ZpbGVfaW1hZ2Vfc2hhcGVfZW5hYmxlZCI6eyJidWNrZXQiOiJvbiIsInZlcnNpb24iOm51bGx9LCJ0ZndfdmlkZW9faGxzX2R5bmFtaWNfbWFuaWZlc3RzXzE1MDgyIjp7ImJ1Y2tldCI6InRydWVfYml0cmF0ZSIsInZlcnNpb24iOm51bGx9LCJ0ZndfbGVnYWN5X3RpbWVsaW5lX3N1bnNldCI6eyJidWNrZXQiOnRydWUsInZlcnNpb24iOm51bGx9LCJ0ZndfdHdlZXRfZWRpdF9mcm9udGVuZCI6eyJidWNrZXQiOiJvbiIsInZlcnNpb24iOm51bGx9fQ%3D%3D&amp;frame=false&amp;hideCard=false&amp;hideThread=false&amp;id=1818709762332065837&amp;lang=cs&amp;origin=https%3A%2F%2Freport24.news%2Fdrohende-eskalation-evakuierungsvorbereitungen-im-libanon%2F&amp;sessionId=f40f55d610c40c758d6d2ab16a1d002caa285335&amp;theme=light&amp;widgetsVersion=2615f7e52b7e0%3A1702314776716&amp;width=550px\" frameborder=\"0\" scrolling=\"no\" allowfullscreen=\"allowfullscreen\" data-tweet-id=\"1818709762332065837\" data-mce-fragment=\"1\"><\/iframe><\/div>\n<\/div>\n<\/figure>\n<p>Nouzov\u00e9 pl\u00e1ny p\u0159ipravuj\u00ed i \u200b\u200bdal\u0161\u00ed zem\u011b jako Kanada. Ottawa \u00fadajn\u011b pl\u00e1nuje mo\u017enou evakuaci p\u0159ibli\u017en\u011b 20 000 kanadsk\u00fdch ob\u010dan\u016f z Libanonu. Ukrajina tak\u00e9 zah\u00e1jila evakuaci ob\u010dan\u016f z mal\u00e9 bl\u00edzkov\u00fdchodn\u00ed zem\u011b. Podle zpr\u00e1v p\u0159ipravila odpov\u00eddaj\u00edc\u00ed opat\u0159en\u00ed tak\u00e9 britsk\u00e1 a dal\u0161\u00ed vl\u00e1dy.<\/p>\n<p>V pozad\u00ed je p\u0159etrv\u00e1vaj\u00edc\u00ed nap\u011bt\u00ed mezi Izraelem a Hizball\u00e1hem, kter\u00e9 ned\u00e1vno vy\u00fastilo v smrt des\u00edtky d\u011bt\u00ed a mlad\u00fdch lid\u00ed na okupovan\u00fdch Golansk\u00fdch v\u00fd\u0161in\u00e1ch. Izrael z\u0159ejm\u011b zva\u017euje leteck\u00e9 \u00fatoky a mo\u017enou pozemn\u00ed ofenzivu v ji\u017en\u00edm Libanonu v p\u0159\u00ed\u0161t\u00edch t\u00fddnech. C\u00edlem je zatla\u010dit Hizball\u00e1h d\u00e1le od hranic a vytvo\u0159it 16 kilometr\u016f \u0161irokou n\u00e1razn\u00edkovou z\u00f3nu.<\/p>\n<figure class=\"wp-block-embed is-type-rich is-provider-twitter wp-block-embed-twitter\">\n<div class=\"wp-block-embed__wrapper\">\n<div class=\"twitter-tweet twitter-tweet-rendered\"><iframe id=\"twitter-widget-2\" class=\"\" title=\"X p\u0159\u00edsp\u011bvek\" src=\"https:\/\/platform.twitter.com\/embed\/Tweet.html?dnt=true&amp;embedId=twitter-widget-2&amp;features=eyJ0ZndfdGltZWxpbmVfbGlzdCI6eyJidWNrZXQiOltdLCJ2ZXJzaW9uIjpudWxsfSwidGZ3X2ZvbGxvd2VyX2NvdW50X3N1bnNldCI6eyJidWNrZXQiOnRydWUsInZlcnNpb24iOm51bGx9LCJ0ZndfdHdlZXRfZWRpdF9iYWNrZW5kIjp7ImJ1Y2tldCI6Im9uIiwidmVyc2lvbiI6bnVsbH0sInRmd19yZWZzcmNfc2Vzc2lvbiI6eyJidWNrZXQiOiJvbiIsInZlcnNpb24iOm51bGx9LCJ0ZndfZm9zbnJfc29mdF9pbnRlcnZlbnRpb25zX2VuYWJsZWQiOnsiYnVja2V0Ijoib24iLCJ2ZXJzaW9uIjpudWxsfSwidGZ3X21peGVkX21lZGlhXzE1ODk3Ijp7ImJ1Y2tldCI6InRyZWF0bWVudCIsInZlcnNpb24iOm51bGx9LCJ0ZndfZXhwZXJpbWVudHNfY29va2llX2V4cGlyYXRpb24iOnsiYnVja2V0IjoxMjA5NjAwLCJ2ZXJzaW9uIjpudWxsfSwidGZ3X3Nob3dfYmlyZHdhdGNoX3Bpdm90c19lbmFibGVkIjp7ImJ1Y2tldCI6Im9uIiwidmVyc2lvbiI6bnVsbH0sInRmd19kdXBsaWNhdGVfc2NyaWJlc190b19zZXR0aW5ncyI6eyJidWNrZXQiOiJvbiIsInZlcnNpb24iOm51bGx9LCJ0ZndfdXNlX3Byb2ZpbGVfaW1hZ2Vfc2hhcGVfZW5hYmxlZCI6eyJidWNrZXQiOiJvbiIsInZlcnNpb24iOm51bGx9LCJ0ZndfdmlkZW9faGxzX2R5bmFtaWNfbWFuaWZlc3RzXzE1MDgyIjp7ImJ1Y2tldCI6InRydWVfYml0cmF0ZSIsInZlcnNpb24iOm51bGx9LCJ0ZndfbGVnYWN5X3RpbWVsaW5lX3N1bnNldCI6eyJidWNrZXQiOnRydWUsInZlcnNpb24iOm51bGx9LCJ0ZndfdHdlZXRfZWRpdF9mcm9udGVuZCI6eyJidWNrZXQiOiJvbiIsInZlcnNpb24iOm51bGx9fQ%3D%3D&amp;frame=false&amp;hideCard=false&amp;hideThread=false&amp;id=1819695182364762193&amp;lang=cs&amp;origin=https%3A%2F%2Freport24.news%2Fdrohende-eskalation-evakuierungsvorbereitungen-im-libanon%2F&amp;sessionId=f40f55d610c40c758d6d2ab16a1d002caa285335&amp;theme=light&amp;widgetsVersion=2615f7e52b7e0%3A1702314776716&amp;width=550px\" frameborder=\"0\" scrolling=\"no\" allowfullscreen=\"allowfullscreen\" data-tweet-id=\"1819695182364762193\" data-mce-fragment=\"1\"><\/iframe><\/div>\n<\/div>\n<\/figure>\n<p>USA a dal\u0161\u00ed spojenci Izraele prosazuj\u00ed diplomatick\u00e9 \u0159e\u0161en\u00ed, aby zabr\u00e1nili dal\u0161\u00ed eskalaci. Zat\u00edm se v\u0161ak Tel Aviv uk\u00e1zal b\u00fdt odhodlan\u00fd tvrd\u011b zakro\u010dit proti hrozb\u011b, kterou p\u0159edstavuj\u00ed \u00cdr\u00e1nem podporovan\u00e9 islamistick\u00e9 \u0161\u00editsk\u00e9 milice Hizball\u00e1h.<\/p>\n<p><img decoding=\"async\" loading=\"lazy\" class=\"alignnone size-full wp-image-1185\" src=\"http:\/\/www.infokuryr.cz\/n\/wp-content\/uploads\/2021\/04\/kuryr-podpis.png\" alt=\"\" width=\"84\" height=\"24\" \/><\/p>\n<p>&nbsp;<\/p>\n","protected":false},"excerpt":{"rendered":"<p>Spojen\u00e9 st\u00e1ty a dal\u0161\u00ed zem\u011b se p\u0159ipravuj\u00ed na mo\u017enou evakuaci sv\u00fdch ob\u010dan\u016f z Libanonu. D\u016fvodem&#8230;<\/p>\n","protected":false},"author":2,"featured_media":59293,"comment_status":"closed","ping_status":"closed","sticky":false,"template":"","format":"standard","meta":[],"categories":[7],"tags":[789,405,40],"_links":{"self":[{"href":"https:\/\/www.infokuryr.cz\/n\/wp-json\/wp\/v2\/posts\/59292"}],"collection":[{"href":"https:\/\/www.infokuryr.cz\/n\/wp-json\/wp\/v2\/posts"}],"about":[{"href":"https:\/\/www.infokuryr.cz\/n\/wp-json\/wp\/v2\/types\/post"}],"author":[{"embeddable":true,"href":"https:\/\/www.infokuryr.cz\/n\/wp-json\/wp\/v2\/users\/2"}],"replies":[{"embeddable":true,"href":"https:\/\/www.infokuryr.cz\/n\/wp-json\/wp\/v2\/comments?post=59292"}],"version-history":[{"count":1,"href":"https:\/\/www.infokuryr.cz\/n\/wp-json\/wp\/v2\/posts\/59292\/revisions"}],"predecessor-version":[{"id":59294,"href":"https:\/\/www.infokuryr.cz\/n\/wp-json\/wp\/v2\/posts\/59292\/revisions\/59294"}],"wp:featuredmedia":[{"embeddable":true,"href":"https:\/\/www.infokuryr.cz\/n\/wp-json\/wp\/v2\/media\/59293"}],"wp:attachment":[{"href":"https:\/\/www.infokuryr.cz\/n\/wp-json\/wp\/v2\/media?parent=59292"}],"wp:term":[{"taxonomy":"category","embeddable":true,"href":"https:\/\/www.infokuryr.cz\/n\/wp-json\/wp\/v2\/categories?post=59292"},{"taxonomy":"post_tag","embeddable":true,"href":"https:\/\/www.infokuryr.cz\/n\/wp-json\/wp\/v2\/tags?post=59292"}],"curies":[{"name":"wp","href":"https:\/\/api.w.org\/{rel}","templated":true}]}}