{"id":59111,"date":"2024-08-02T00:46:35","date_gmt":"2024-08-01T22:46:35","guid":{"rendered":"https:\/\/www.infokuryr.cz\/n\/?p=59111"},"modified":"2024-08-01T16:43:28","modified_gmt":"2024-08-01T14:43:28","slug":"usa-by-mohly-prohrat-potencialni-valku-proti-rusku-a-cine","status":"publish","type":"post","link":"https:\/\/www.infokuryr.cz\/n\/2024\/08\/02\/usa-by-mohly-prohrat-potencialni-valku-proti-rusku-a-cine\/","title":{"rendered":"USA by mohly prohr\u00e1t potenci\u00e1ln\u00ed v\u00e1lku proti Rusku a \u010c\u00edn\u011b"},"content":{"rendered":"<div id=\"fb-root\"><\/div>\n<p><span style=\"font-size: 18pt;\"><strong>Nedostate\u010dn\u00fd pr\u016fmysl, p\u0159ipravenost, inovace a financov\u00e1n\u00ed by br\u00e1nilo arm\u00e1d\u011b zv\u00edt\u011bzit v konfliktu, zjistila kongresov\u00e1 komise \u00a0<\/strong><\/span><\/p>\n<p><span>USA nejsou p\u0159ipraveny na potenci\u00e1ln\u00ed v\u00e1lku s hlavn\u00edmi protivn\u00edky, proto\u017ee jejich arm\u00e1da\u00a0<\/span><em><span>\u201epostr\u00e1d\u00e1 jak schopnosti, tak kapacity\u201c<\/span><\/em><span>\u00a0pot\u0159ebn\u00e9 pro boj, uv\u00e1d\u00ed zpr\u00e1va Kongresu. \u00a0<\/span><\/p>\n<p><span>Panel pov\u011b\u0159en\u00fd Kongresem p\u0159ezkoumat americkou obrannou strategii odhalil v\u00fdznamn\u00e9 nedostatky v ambic\u00edch ministerstva obrany USA odvr\u00e1tit velk\u00fd konflikt nebo v n\u011bm p\u0159evl\u00e1dnout. Zpr\u00e1va ozna\u010dila Rusko a \u010c\u00ednu za nejv\u011bt\u0161\u00ed hrozby pro n\u00e1rodn\u00ed bezpe\u010dnost USA.\u00a0\u00a0<\/span><\/p>\n<p><span>Podle 114str\u00e1nkov\u00e9ho dokumentu zve\u0159ejn\u011bn\u00e9ho v pond\u011bl\u00ed je americk\u00e1 n\u00e1rodn\u00ed obrann\u00e1 strategie (NDS), sepsan\u00e1 p\u0159ed za\u010d\u00e1tkem ukrajinsk\u00e9ho konfliktu v roce 2022, zastaral\u00e1. Americk\u00e1 arm\u00e1da nen\u00ed spr\u00e1vn\u011b strukturov\u00e1na a pr\u016fmyslov\u00e1 z\u00e1kladna zem\u011b je\u00a0<\/span><em><span>\u201ehrub\u011b nedostate\u010dn\u00e1\u201c<\/span><\/em><span>\u00a0k tomu, aby \u010delila potenci\u00e1ln\u00edm hrozb\u00e1m. \u00a0<\/span><\/p>\n<p><span>Ameri\u010dt\u00ed experti tvrdili, \u017ee n\u00e1rod byl naposledy p\u0159ipraven na velk\u00fd konflikt b\u011bhem studen\u00e9 v\u00e1lky, kter\u00e1 skon\u010dila p\u0159ed 35 lety.\u00a0 \u00a0<\/span><\/p>\n<p><em><span>\u201eNa\u0161e komise je jednomysln\u011b p\u0159esv\u011bd\u010dena, \u017ee hrozby pro americkou n\u00e1rodn\u00ed bezpe\u010dnost a na\u0161e z\u00e1jmy jsou v\u011bt\u0161\u00ed ne\u017e kdykoli p\u0159edt\u00edm od druh\u00e9 sv\u011btov\u00e9 v\u00e1lky a jsou slo\u017eit\u011bj\u0161\u00ed ne\u017e b\u011bhem studen\u00e9 v\u00e1lky,\u201c \u0159ekla<\/span><\/em><span>\u00a0Jane Harmanov\u00e1, b\u00fdval\u00e1 demokratick\u00e1 kongresmanka a p\u0159edsedkyn\u011b komise pro NDS, \u0159ekl v \u00fater\u00fd sly\u0161en\u00ed v\u00fdboru pro ozbrojenou slu\u017ebu Sen\u00e1tu. \u00a0<\/span><\/p>\n<p><span>\u201e Hrozby\u00a0<\/span><em><span>\u201c<\/span><\/em><span>\u00a0pro USA, v\u010detn\u011b\u00a0<\/span><em><span>\u201epotenci\u00e1lu pro kr\u00e1tkodobou velkou v\u00e1lku\u201c,<\/span><\/em><span>\u00a0jsou podle zpr\u00e1vy umocn\u011bny rostouc\u00edm politick\u00fdm a vojensk\u00fdm propojen\u00edm mezi \u010c\u00ednou, Ruskem, Severn\u00ed Koreou a \u00cdr\u00e1nem.\u00a0 \u00a0<\/span><\/p>\n<p><span>V deklaraci p\u0159ijat\u00e9 minul\u00fd m\u011bs\u00edc na summitu NATO ve Washingtonu USA veden\u00fd blok ozna\u010dil \u010c\u00ednu za\u00a0<\/span><em><span>\u201erozhoduj\u00edc\u00ed \u010dinitel, kter\u00fd umo\u017enil ruskou v\u00e1lku proti Ukrajin\u011b\u201c<\/span><\/em><span>\u00a0\u2013 obvin\u011bn\u00ed Peking popsal jako\u00a0<\/span><em><span>\u201epln\u00e9 l\u017e\u00ed a zaujatosti\u201c.<\/span><\/em><span>\u00a0Moskva i Peking odm\u00edtly obvin\u011bn\u00ed Z\u00e1padu, \u017ee \u010c\u00edna dod\u00e1v\u00e1 Rusku zbo\u017e\u00ed dvoj\u00edho u\u017eit\u00ed, kter\u00e9 lze vyu\u017e\u00edt k v\u00fdrob\u011b zbran\u00ed. \u00a0<\/span><\/p>\n<p><em><span>\u201eSpojen\u00e9 st\u00e1ty by m\u011bly p\u0159edpokl\u00e1dat, \u017ee pokud vstoup\u00ed do p\u0159\u00edm\u00e9ho konfliktu zahrnuj\u00edc\u00edho Rusko, \u010c\u00ednu, \u00cdr\u00e1n nebo Severn\u00ed Koreu, tato zem\u011b bude m\u00edt prosp\u011bch z ekonomick\u00e9 a vojensk\u00e9 pomoci od ostatn\u00edch,\u201c<\/span><\/em><span>\u00a0uv\u00e1d\u00ed se v dokumentu.\u00a0<\/span><em><span>&#8222;V\u011b\u0159\u00edme tak\u00e9, \u017ee toto partnerstv\u00ed zvy\u0161uje pravd\u011bpodobnost, \u017ee konflikt s jedn\u00edm by se roz\u0161\u00ed\u0159il na v\u00edce front\u00e1ch, co\u017e by vyvolalo sou\u010dasn\u00e9 po\u017eadavky na americk\u00e9 a spojeneck\u00e9 zdroje.&#8220;<\/span><\/em><\/p>\n<p><span>Experti dosp\u011bli k z\u00e1v\u011bru, \u017ee USA by m\u011bly pos\u00edlit svou p\u0159\u00edtomnost v Evrop\u011b na pln\u00fd obrn\u011bn\u00fd sbor, co\u017e je mnohem v\u011bt\u0161\u00ed z\u00e1vazek, ne\u017e jak\u00fd existuje dnes, doprov\u00e1zen\u00fd prost\u0159edky, jako je protivzdu\u0161n\u00e1 obrana a letectv\u00ed.\u00a0 \u00a0<\/span><\/p>\n<p><span>Zpr\u00e1va p\u0159ich\u00e1z\u00ed uprost\u0159ed ned\u00e1vn\u00fdch varov\u00e1n\u00ed Z\u00e1padu ohledn\u011b \u00fadajn\u00fdch pl\u00e1n\u016f Ruska za\u00fato\u010dit na z\u00e1padn\u00ed Evropu, pokud si zajist\u00ed v\u00edt\u011bzstv\u00ed nad Ukrajinou. Rusk\u00fd prezident Vladimir Putin takov\u00e1 tvrzen\u00ed odm\u00edtl jako\u00a0<\/span><em><span>\u201enesmysl\u201c.<\/span><\/em><span>\u00a0Mluv\u010d\u00ed Kremlu Dmitrij Peskov podobn\u011b popsal obvin\u011bn\u00ed jako\u00a0<\/span><em><span>\u201ehororov\u00e9 p\u0159\u00edb\u011bhy\u201c<\/span><\/em><span>\u00a0a navrhl, \u017ee si je vymysleli z\u00e1padn\u00ed v\u016fdci, aby odvr\u00e1tili pozornost lid\u00ed od probl\u00e9m\u016f v jejich vlastn\u00edch zem\u00edch.<\/span><\/p>\n<p><img decoding=\"async\" loading=\"lazy\" class=\"alignnone size-full wp-image-1185\" src=\"http:\/\/www.infokuryr.cz\/n\/wp-content\/uploads\/2021\/04\/kuryr-podpis.png\" alt=\"\" width=\"84\" height=\"24\" \/><\/p>\n<p>&nbsp;<\/p>\n","protected":false},"excerpt":{"rendered":"<p>Nedostate\u010dn\u00fd pr\u016fmysl, p\u0159ipravenost, inovace a financov\u00e1n\u00ed by br\u00e1nilo arm\u00e1d\u011b zv\u00edt\u011bzit v konfliktu, zjistila kongresov\u00e1 komise&#8230;<\/p>\n","protected":false},"author":2,"featured_media":30733,"comment_status":"closed","ping_status":"closed","sticky":false,"template":"","format":"standard","meta":[],"categories":[7],"tags":[1042,30,22,37,40],"_links":{"self":[{"href":"https:\/\/www.infokuryr.cz\/n\/wp-json\/wp\/v2\/posts\/59111"}],"collection":[{"href":"https:\/\/www.infokuryr.cz\/n\/wp-json\/wp\/v2\/posts"}],"about":[{"href":"https:\/\/www.infokuryr.cz\/n\/wp-json\/wp\/v2\/types\/post"}],"author":[{"embeddable":true,"href":"https:\/\/www.infokuryr.cz\/n\/wp-json\/wp\/v2\/users\/2"}],"replies":[{"embeddable":true,"href":"https:\/\/www.infokuryr.cz\/n\/wp-json\/wp\/v2\/comments?post=59111"}],"version-history":[{"count":0,"href":"https:\/\/www.infokuryr.cz\/n\/wp-json\/wp\/v2\/posts\/59111\/revisions"}],"wp:featuredmedia":[{"embeddable":true,"href":"https:\/\/www.infokuryr.cz\/n\/wp-json\/wp\/v2\/media\/30733"}],"wp:attachment":[{"href":"https:\/\/www.infokuryr.cz\/n\/wp-json\/wp\/v2\/media?parent=59111"}],"wp:term":[{"taxonomy":"category","embeddable":true,"href":"https:\/\/www.infokuryr.cz\/n\/wp-json\/wp\/v2\/categories?post=59111"},{"taxonomy":"post_tag","embeddable":true,"href":"https:\/\/www.infokuryr.cz\/n\/wp-json\/wp\/v2\/tags?post=59111"}],"curies":[{"name":"wp","href":"https:\/\/api.w.org\/{rel}","templated":true}]}}