{"id":59102,"date":"2024-08-02T00:44:23","date_gmt":"2024-08-01T22:44:23","guid":{"rendered":"https:\/\/www.infokuryr.cz\/n\/?p=59102"},"modified":"2024-08-01T16:03:24","modified_gmt":"2024-08-01T14:03:24","slug":"ruske-udery-zasahly-ukryty-isis-a-zasobovaci-linky-ve-stredni-syrii","status":"publish","type":"post","link":"https:\/\/www.infokuryr.cz\/n\/2024\/08\/02\/ruske-udery-zasahly-ukryty-isis-a-zasobovaci-linky-ve-stredni-syrii\/","title":{"rendered":"Rusk\u00e9 \u00fadery zas\u00e1hly \u00fakryty ISIS a z\u00e1sobovac\u00ed linky ve st\u0159edn\u00ed S\u00fdrii"},"content":{"rendered":"<div id=\"fb-root\"><\/div>\n<p><strong><span>V\u00e1le\u010dn\u00e1 letadla rusk\u00fdch leteck\u00fdch sil provedla 30. \u010dervence s\u00e9rii n\u00e1let\u016f proti bu\u0148k\u00e1m ISIS v centr\u00e1ln\u00ed oblasti S\u00fdrie, podle Syrsk\u00e9 observato\u0159e pro lidsk\u00e1 pr\u00e1va.<\/span><\/strong><\/p>\n<p><span>Monitorovac\u00ed skupina se s\u00eddlem v Lond\u00fdn\u011b uvedla, \u017ee n\u00e1lety byly zam\u011b\u0159eny na \u00fakryty a z\u00e1sobovac\u00ed linky pou\u017e\u00edvan\u00e9 teroristy pobl\u00ed\u017e m\u011bst al-Sukhnah a Palmyra na v\u00fdchodn\u00edm venkov\u011b Homsu. Byla to druh\u00e1 vlna n\u00e1let\u016f, kter\u00e1 zas\u00e1hla region od 27. \u010dervence.<\/span><\/p>\n<p><span>Syrsk\u00e1 m\u00e9dia sd\u00edlela videa z n\u00e1let\u016f z 30. a 31. \u010dervence a odhalila, \u017ee se \u00fatoku z\u00fa\u010dastnila v\u00e1le\u010dn\u00e1 letadla syrsk\u00e9ho arabsk\u00e9ho letectva.<\/span><\/p>\n<p><iframe loading=\"lazy\" src=\"https:\/\/s5.cdnstatic.space\/wp-content\/uploads\/2024\/08\/IMG_6974.mp4\" width=\"600\" height=\"338\" data-mce-fragment=\"1\"><\/iframe><\/p>\n<p><iframe loading=\"lazy\" src=\"https:\/\/s5.cdnstatic.space\/wp-content\/uploads\/2024\/08\/IMG_6984.mp4\" width=\"600\" height=\"338\" data-mce-fragment=\"1\"><\/iframe><\/p>\n<p><span>Intenzivn\u00ed rusk\u00e9 a syrsk\u00e9 n\u00e1lety byly v posledn\u00edch m\u011bs\u00edc\u00edch zam\u011b\u0159eny na bu\u0148ky ISIS a dokonce i na z\u00e1stupce Spojen\u00fdch st\u00e1t\u016f v centr\u00e1ln\u00ed oblasti. P\u0159esto \u00fatoky na vl\u00e1dn\u00ed s\u00edly a civilisty v regionu zaznamenaly n\u00e1r\u016fst.<\/span><\/p>\n<p><span>Bu\u0148ky ISIS vedly povst\u00e1n\u00ed ve st\u0159edn\u00ed S\u00fdrii po v\u011bt\u0161inu posledn\u00edho desetilet\u00ed. Terorist\u00e9 dost\u00e1vaj\u00ed podporu od sv\u00fdch soudruh\u016f v severov\u00fdchodn\u00ed oblasti, kterou dr\u017e\u00ed USA a jejich z\u00e1stupce, Syrsk\u00e9 demokratick\u00e9 s\u00edly veden\u00e9 Kurdy.<\/span><\/p>\n<p><span>Syr\u0161t\u00ed a ru\u0161t\u00ed p\u0159edstavitel\u00e9 nav\u00edc opakovan\u011b obvi\u0148uj\u00ed americk\u00e9 s\u00edly v jihov\u00fdchodn\u00ed oblasti al-Tanf z v\u00fdcviku a dokonce vyzbrojov\u00e1n\u00ed militant\u016f, v\u010detn\u011b \u010dlen\u016f ISIS.<\/span><\/p>\n<p><img decoding=\"async\" loading=\"lazy\" class=\"alignnone size-full wp-image-1185\" src=\"http:\/\/www.infokuryr.cz\/n\/wp-content\/uploads\/2021\/04\/kuryr-podpis.png\" alt=\"\" width=\"84\" height=\"24\" \/><\/p>\n<p>&nbsp;<\/p>\n","protected":false},"excerpt":{"rendered":"<p>V\u00e1le\u010dn\u00e1 letadla rusk\u00fdch leteck\u00fdch sil provedla 30. \u010dervence s\u00e9rii n\u00e1let\u016f proti bu\u0148k\u00e1m ISIS v centr\u00e1ln\u00ed&#8230;<\/p>\n","protected":false},"author":2,"featured_media":43394,"comment_status":"closed","ping_status":"closed","sticky":false,"template":"","format":"standard","meta":[],"categories":[7],"tags":[3062,3535,22,147,5135],"_links":{"self":[{"href":"https:\/\/www.infokuryr.cz\/n\/wp-json\/wp\/v2\/posts\/59102"}],"collection":[{"href":"https:\/\/www.infokuryr.cz\/n\/wp-json\/wp\/v2\/posts"}],"about":[{"href":"https:\/\/www.infokuryr.cz\/n\/wp-json\/wp\/v2\/types\/post"}],"author":[{"embeddable":true,"href":"https:\/\/www.infokuryr.cz\/n\/wp-json\/wp\/v2\/users\/2"}],"replies":[{"embeddable":true,"href":"https:\/\/www.infokuryr.cz\/n\/wp-json\/wp\/v2\/comments?post=59102"}],"version-history":[{"count":0,"href":"https:\/\/www.infokuryr.cz\/n\/wp-json\/wp\/v2\/posts\/59102\/revisions"}],"wp:featuredmedia":[{"embeddable":true,"href":"https:\/\/www.infokuryr.cz\/n\/wp-json\/wp\/v2\/media\/43394"}],"wp:attachment":[{"href":"https:\/\/www.infokuryr.cz\/n\/wp-json\/wp\/v2\/media?parent=59102"}],"wp:term":[{"taxonomy":"category","embeddable":true,"href":"https:\/\/www.infokuryr.cz\/n\/wp-json\/wp\/v2\/categories?post=59102"},{"taxonomy":"post_tag","embeddable":true,"href":"https:\/\/www.infokuryr.cz\/n\/wp-json\/wp\/v2\/tags?post=59102"}],"curies":[{"name":"wp","href":"https:\/\/api.w.org\/{rel}","templated":true}]}}