{"id":59100,"date":"2024-08-02T00:43:09","date_gmt":"2024-08-01T22:43:09","guid":{"rendered":"https:\/\/www.infokuryr.cz\/n\/?p=59100"},"modified":"2024-08-01T16:00:50","modified_gmt":"2024-08-01T14:00:50","slug":"ukrajina-obdrzela-prvni-f-16-od-podporovatelu-nato","status":"publish","type":"post","link":"https:\/\/www.infokuryr.cz\/n\/2024\/08\/02\/ukrajina-obdrzela-prvni-f-16-od-podporovatelu-nato\/","title":{"rendered":"Ukrajina obdr\u017eela prvn\u00ed F-16 od podporovatel\u016f NATO"},"content":{"rendered":"<div id=\"fb-root\"><\/div>\n<p><strong><span>Ukrajina obdr\u017eela prvn\u00ed v\u00e1rku americk\u00fdch st\u00edha\u010dek F-16 od jednoho ze sv\u00fdch podporovatel\u016f, informovala\u00a0<\/span><a href=\"https:\/\/www.bloomberg.com\/news\/articles\/2024-07-31\/ukraine-gets-first-delivery-of-f-16-fighter-jets-after-long-wait\"><span>agentura Bloomberg<\/span><\/a><span> 31. \u010dervence.<\/span><\/strong><\/p>\n<p><span>Bloomberg neuvedl mnoho podrobnost\u00ed. Nicm\u00e9n\u011b zpr\u00e1va zve\u0159ejn\u011bn\u00e1 pozd\u011bji t\u00e9ho\u017e dne\u00a0<\/span><a href=\"https:\/\/www.thetimes.com\/world\/russia-ukraine-war\/article\/ukraine-receives-first-f-16-fighter-jets-netherlands-67h2flctf\"><span>The Times<\/span><\/a><span>\u00a0uvedla, \u017ee ukrajinsk\u00e9 letectvo (UAF) obdr\u017eelo z Nizozemska celkem \u0161est F-16.<\/span><\/p>\n<p><span>P\u0159esto\u017ee Ukrajina zpr\u00e1vy zat\u00edm nekomentovala, jejich doru\u010den\u00ed zd\u00e1nliv\u011b potvrdil litevsk\u00fd ministr zahrani\u010d\u00ed Gabrielius Landsbergis.<\/span><\/p>\n<p><em>\u201eF-16 na Ukrajin\u011b. Dal\u0161\u00ed nemo\u017en\u00e1 v\u011bc se uk\u00e1zala jako zcela mo\u017en\u00e1,\u201c \u0159ekl ministr na X.<\/em><\/p>\n<p><span>Krom\u011b toho fotografie sd\u00edlen\u00e9 ukrajinsk\u00fdmi m\u00e9dii ukazovaly F-16 s jasn\u00fdm zna\u010den\u00edm, kter\u00e9 \u00fadajn\u011b l\u00e9taly nad z\u00e1padoukrajinskou oblast\u00ed Lvov.<\/span><\/p>\n<div id=\"attachment_208270\" class=\"wp-caption aligncenter\" style=\"width: 598px;\"><a href=\"https:\/\/s5.cdnstatic.space\/wp-content\/uploads\/2024\/08\/photo_2024-07-31_19-43-55.jpg\" target=\"_blank\" rel=\"noopener\"><img decoding=\"async\" loading=\"lazy\" class=\"wp-image-208270\" title=\"Ukrajina obdr\u017eela prvn\u00ed F-16 od podporovatel\u016f NATO (fotografie)\" src=\"https:\/\/s5.cdnstatic.space\/wp-content\/uploads\/2024\/08\/photo_2024-07-31_19-43-55.jpg\" sizes=\"(max-width: 600px) 100vw, 600px\" srcset=\"https:\/\/s5.cdnstatic.space\/wp-content\/uploads\/2024\/08\/photo_2024-07-31_19-43-55.jpg 1000w, https:\/\/s5.cdnstatic.space\/wp-content\/uploads\/2024\/08\/photo_2024-07-31_19-43-55-490x276.jpg 490w, https:\/\/s5.cdnstatic.space\/wp-content\/uploads\/2024\/08\/photo_2024-07-31_19-43-55-768x432.jpg 768w\" alt=\"Ukrajina obdr\u017eela prvn\u00ed F-16 od podporovatel\u016f NATO (fotografie)\" width=\"598\" height=\"337\" aria-describedby=\"caption-attachment-208270\" \/><\/a><\/p>\n<p id=\"caption-attachment-208270\" class=\"wp-caption-text\"><span>Kliknut\u00edm zobraz\u00edte obr\u00e1zek v pln\u00e9 velikosti. P\u0159es X.<\/span><\/p>\n<\/div>\n<p><span>V lo\u0148sk\u00e9m roce vytvo\u0159ilo n\u011bkolik podporovatel\u016f kyjevsk\u00e9ho re\u017eimu NATO v \u010dele s D\u00e1nskem a Nizozemskem koalici, kter\u00e1 m\u011bla vycvi\u010dit piloty, techniky a pomocn\u00fd person\u00e1l z UAF na st\u00edha\u010dk\u00e1ch F-16 pot\u00e9, co dostali zelenou od Spojen\u00fdch st\u00e1t\u016f. Ukrajin\u011b bylo p\u0159isl\u00edbeno minim\u00e1ln\u011b 79 pou\u017eit\u00fdch F-16 z Nizozemska, D\u00e1nska, Norska a Belgie.<\/span><\/p>\n<p><span>Kyjevsk\u00fd re\u017eim ji\u017e byl sv\u00fdmi spojenci varov\u00e1n, aby nep\u0159ece\u0148oval, co m\u016f\u017ee F-16 ud\u011blat. Gener\u00e1ln\u00ed tajemn\u00edk NATO Jens Stoltenberg loni v dubnu otev\u0159en\u011b prohl\u00e1sil, \u017ee tyto st\u00edha\u010dky nemohou zm\u011bnit situaci na boji\u0161ti, i kdy\u017e pos\u00edl\u00ed bojov\u00e9 schopnosti Ukrajiny.<\/span><\/p>\n<p><span>Ukrajina sice do st\u00edha\u010dek vkl\u00e1d\u00e1 velk\u00e9 nad\u011bje, ale pravdou je, \u017ee NATO je dod\u00e1v\u00e1 pouze proto, aby nahradilo t\u011b\u017ek\u00e9 ztr\u00e1ty UAF a prodlou\u017eilo konflikt.<\/span><\/p>\n<p><span>Star\u0161\u00ed verze F-16, kter\u00e9 Ukrajina za\u010dala dost\u00e1vat, jsou ve v\u0161ech ohledech hor\u0161\u00ed ne\u017e nejmodern\u011bj\u0161\u00ed rusk\u00e9 st\u00edha\u010dky, jako jsou Su-30, Su-35 a tajn\u00fd Su-57.<\/span><\/p>\n<p><span>Loni v b\u0159eznu rusk\u00fd prezident Vladimir Putin \u0159ekl, \u017ee F-16 nezm\u011bn\u00ed situaci na boji\u0161ti a sl\u00edbil, \u017ee rusk\u00e1 arm\u00e1da zni\u010d\u00ed st\u00edha\u010dky americk\u00e9 v\u00fdroby stejn\u00fdm zp\u016fsobem, jak\u00fdm ni\u010dila z\u00e1padn\u00ed tanky a dal\u0161\u00ed vozidla kyjevsk\u00fdch sil.<\/span><\/p>\n<p><span>Kreml 1. srpna po zpr\u00e1v\u00e1ch o prvn\u00ed dod\u00e1vce na Ukrajinu potvrdil, \u017ee rusk\u00e1 arm\u00e1da je p\u0159ipravena st\u00edha\u010dky zachytit a sest\u0159elit.<\/span><\/p>\n<p><img decoding=\"async\" loading=\"lazy\" class=\"alignnone size-full wp-image-1185\" src=\"http:\/\/www.infokuryr.cz\/n\/wp-content\/uploads\/2021\/04\/kuryr-podpis.png\" alt=\"\" width=\"84\" height=\"24\" \/><\/p>\n","protected":false},"excerpt":{"rendered":"<p>Ukrajina obdr\u017eela prvn\u00ed v\u00e1rku americk\u00fdch st\u00edha\u010dek F-16 od jednoho ze sv\u00fdch podporovatel\u016f, informovala\u00a0agentura Bloomberg 31&#8230;.<\/p>\n","protected":false},"author":2,"featured_media":59101,"comment_status":"closed","ping_status":"closed","sticky":false,"template":"","format":"standard","meta":[],"categories":[7],"tags":[4978,457,26],"_links":{"self":[{"href":"https:\/\/www.infokuryr.cz\/n\/wp-json\/wp\/v2\/posts\/59100"}],"collection":[{"href":"https:\/\/www.infokuryr.cz\/n\/wp-json\/wp\/v2\/posts"}],"about":[{"href":"https:\/\/www.infokuryr.cz\/n\/wp-json\/wp\/v2\/types\/post"}],"author":[{"embeddable":true,"href":"https:\/\/www.infokuryr.cz\/n\/wp-json\/wp\/v2\/users\/2"}],"replies":[{"embeddable":true,"href":"https:\/\/www.infokuryr.cz\/n\/wp-json\/wp\/v2\/comments?post=59100"}],"version-history":[{"count":0,"href":"https:\/\/www.infokuryr.cz\/n\/wp-json\/wp\/v2\/posts\/59100\/revisions"}],"wp:featuredmedia":[{"embeddable":true,"href":"https:\/\/www.infokuryr.cz\/n\/wp-json\/wp\/v2\/media\/59101"}],"wp:attachment":[{"href":"https:\/\/www.infokuryr.cz\/n\/wp-json\/wp\/v2\/media?parent=59100"}],"wp:term":[{"taxonomy":"category","embeddable":true,"href":"https:\/\/www.infokuryr.cz\/n\/wp-json\/wp\/v2\/categories?post=59100"},{"taxonomy":"post_tag","embeddable":true,"href":"https:\/\/www.infokuryr.cz\/n\/wp-json\/wp\/v2\/tags?post=59100"}],"curies":[{"name":"wp","href":"https:\/\/api.w.org\/{rel}","templated":true}]}}