{"id":59038,"date":"2024-08-01T00:39:37","date_gmt":"2024-07-31T22:39:37","guid":{"rendered":"https:\/\/www.infokuryr.cz\/n\/?p=59038"},"modified":"2024-07-31T17:49:08","modified_gmt":"2024-07-31T15:49:08","slug":"eva-hrindova-zapad-je-v-chaosu-uz-dlouho","status":"publish","type":"post","link":"https:\/\/www.infokuryr.cz\/n\/2024\/08\/01\/eva-hrindova-zapad-je-v-chaosu-uz-dlouho\/","title":{"rendered":"Eva Hrindov\u00e1: Z\u00e1pad je v chaosu &#8211; u\u017e dlouho"},"content":{"rendered":"<div id=\"fb-root\"><\/div>\n<p><strong>Tak v Pa\u0159\u00ed\u017ei jsou polopr\u00e1zdn\u00e9 hotely a prod\u00e1v\u00e1 se m\u00e1lo vstupenek na olympijsk\u00e1 utk\u00e1n\u00ed. Kdo by se tomu divil? V\u017edy\u0165 Pa\u0159\u00ed\u017e je dlouhodob\u011b nebezpe\u010dn\u00e9 m\u011bsto a zahajovac\u00ed ceremoni\u00e1l to jen uk\u00e1zal cel\u00e9mu sv\u011btu. Jet do Pa\u0159\u00ed\u017ee na Olympi\u00e1du je jako jet do koncentr\u00e1ku &#8211; v\u0161echno oplocen\u00e9 a sam\u00ed policajti.<\/strong><\/p>\n<p>Stejn\u011b tak Lond\u00fdn &#8211; sam\u00e9 demonstrace, na\u0161tvanost lid\u00ed za\u010d\u00edn\u00e1 b\u00fdt nezvladateln\u00e1. Nen\u00ed ale u\u017e pozd\u011b? Z\u00e1pad je v k\u0159e\u010di, v krizi, v chaosu. Ka\u017ed\u00fd to vid\u00ed, jen m\u00e9dia to je\u0161t\u011b jaksi taktn\u011b zaml\u010duj\u00ed.<\/p>\n<p>Nebude se to d\u00e1t vy\u0159e\u0161it t\u00edm, \u017ee p\u0159id\u00e1me v\u00edce tolerance. Tak jak to navrhuj\u00ed liber\u00e1lov\u00e9 a progresivci. Zlo neporaz\u00edte t\u00edm, kdy\u017e p\u0159id\u00e1te v\u00edce l\u00e1sky. Zlo mus\u00edte eliminovat, jasn\u011b vymezit hranice a vynutit si dodr\u017eov\u00e1n\u00ed pravidel. V tomto sv\u011btle je p\u0159\u00edstup EU k migraci tot\u00e1ln\u00ed idioci\u00ed. M\u00edsto tvrd\u00e9ho postupu neust\u00e1le bl\u00e1bol\u00ed o lidsk\u00fdch pr\u00e1vech migrant\u016f. A dom\u00e1c\u00ed obyvatelstvo pr\u00e1va nem\u00e1? M\u00e1 se nechat zn\u00e1sil\u0148ovat, zab\u00edjet a okr\u00e1dat a neust\u00e1le nastavovat druhou tv\u00e1\u0159?<\/p>\n<p>Ale lidi si za to m\u016f\u017eou sami. Nechali se zblbnout, uv\u011b\u0159ili b\u00e1chork\u00e1m o tom, jak se zm\u00edrn\u00ed kriminalita, kdy\u017e se zak\u00e1\u017eou no\u017ee a zbran\u011b. Neust\u00e1le \u00fato\u010dili na ka\u017ed\u00e9ho, kdo upozor\u0148oval na nebezpe\u010d\u00ed tolerance isl\u00e1mu. Kriminalita a se t\u00edm nezm\u00edrn\u00ed &#8211; naopak. Akor\u00e1t se ob\u011bti zlo\u010dinc\u016f nebudou m\u00edt jak br\u00e1nit. A v me\u0161it\u00e1ch se radikalizuj\u00ed bojovn\u00edci proti z\u00e1padn\u00edm hodnot\u00e1m. A ne\u017e to lidem na Z\u00e1pad\u011b dojde, muslimov\u00e9 si porod\u00ed arm\u00e1du voli\u010d\u016f a ten chalif\u00e1t si zalo\u017e\u00ed naprosto demokratick\u00fdm zp\u016fsobem&#8230; N\u011bjak\u00e9 z\u00e1kazy no\u017e\u016f a zbran\u00ed je nezastav\u00ed!<\/p>\n<p>Foto je z demonstrace v Lond\u00fdn\u011b &#8211; 27. 7. 2024. Tommy Robinson je neust\u00e1le aktivn\u00ed a i po t\u00e9to demonstraci ho policie zadr\u017eela&#8230; Neskute\u010dn\u00e9!<\/p>\n<p><a href=\"https:\/\/www.evahrindova.cz\/zapad-je-v-chaosu-uz-dlouho\">Eva Hrindov\u00e1<\/a><\/p>\n<p>&nbsp;<\/p>\n","protected":false},"excerpt":{"rendered":"<p>Tak v Pa\u0159\u00ed\u017ei jsou polopr\u00e1zdn\u00e9 hotely a prod\u00e1v\u00e1 se m\u00e1lo vstupenek na olympijsk\u00e1 utk\u00e1n\u00ed. Kdo&#8230;<\/p>\n","protected":false},"author":2,"featured_media":59039,"comment_status":"closed","ping_status":"closed","sticky":false,"template":"","format":"standard","meta":[],"categories":[6],"tags":[1503,306,95,7689,365],"_links":{"self":[{"href":"https:\/\/www.infokuryr.cz\/n\/wp-json\/wp\/v2\/posts\/59038"}],"collection":[{"href":"https:\/\/www.infokuryr.cz\/n\/wp-json\/wp\/v2\/posts"}],"about":[{"href":"https:\/\/www.infokuryr.cz\/n\/wp-json\/wp\/v2\/types\/post"}],"author":[{"embeddable":true,"href":"https:\/\/www.infokuryr.cz\/n\/wp-json\/wp\/v2\/users\/2"}],"replies":[{"embeddable":true,"href":"https:\/\/www.infokuryr.cz\/n\/wp-json\/wp\/v2\/comments?post=59038"}],"version-history":[{"count":0,"href":"https:\/\/www.infokuryr.cz\/n\/wp-json\/wp\/v2\/posts\/59038\/revisions"}],"wp:featuredmedia":[{"embeddable":true,"href":"https:\/\/www.infokuryr.cz\/n\/wp-json\/wp\/v2\/media\/59039"}],"wp:attachment":[{"href":"https:\/\/www.infokuryr.cz\/n\/wp-json\/wp\/v2\/media?parent=59038"}],"wp:term":[{"taxonomy":"category","embeddable":true,"href":"https:\/\/www.infokuryr.cz\/n\/wp-json\/wp\/v2\/categories?post=59038"},{"taxonomy":"post_tag","embeddable":true,"href":"https:\/\/www.infokuryr.cz\/n\/wp-json\/wp\/v2\/tags?post=59038"}],"curies":[{"name":"wp","href":"https:\/\/api.w.org\/{rel}","templated":true}]}}