{"id":59036,"date":"2024-08-01T00:37:36","date_gmt":"2024-07-31T22:37:36","guid":{"rendered":"https:\/\/www.infokuryr.cz\/n\/?p=59036"},"modified":"2024-07-31T17:43:48","modified_gmt":"2024-07-31T15:43:48","slug":"sona-zikmundova-otevreny-dopis-k-cinnosti-justice","status":"publish","type":"post","link":"https:\/\/www.infokuryr.cz\/n\/2024\/08\/01\/sona-zikmundova-otevreny-dopis-k-cinnosti-justice\/","title":{"rendered":"So\u0148a Zikmundov\u00e1: Otev\u0159en\u00fd dopis k \u010dinnosti justice"},"content":{"rendered":"<div id=\"fb-root\"><\/div>\n<p><em><strong>Soudcovsk\u00e1 unie \u010cR<\/strong><br \/>\nOvocn\u00fd trh 14<br \/>\n110 01 Praha 1<\/p>\n<p><strong>JUDr. Pavel Bla\u017eek, Ph.D.<\/strong><br \/>\n<strong>ministr spravedlnosti<\/strong><br \/>\nVy\u0161ehradsk\u00e1 16<br \/>\n128 10 Praha 2<\/p>\n<p>Praha 25.7.2024<\/p>\n<p>Otev\u0159en\u00fd dopis k\u00a0\u010dinnosti justice<\/p>\n<p>V\u00e1\u017een\u00e9 d\u00e1my, v\u00e1\u017een\u00ed p\u00e1nov\u00e9,<\/p>\n<p>m\u016fj \u017eivotn\u00ed partner Mgr. Vladim\u00edr Kapal, \u0161\u00e9fredaktor Svobodn\u00e9ho r\u00e1dia, bojuje v\u00a0d\u016fsledku povrchn\u00edho postupu na\u0161\u00ed justice o \u017eivot po t\u011b\u017ek\u00e9 mozkov\u00e9 mrtvici. K\u00f3matem vyvrcholily jeho mu\u010div\u00e9 deprese z kriminalizace novin\u00e1\u0159sk\u00e9 pr\u00e1ce. Byl odsouzen na 8 m\u011bs\u00edc\u016f odn\u011bt\u00ed svobody (s podm\u00edn\u011bn\u00fdm odkladem na 18 m\u011bs\u00edc\u016f a nap\u0159ed dokonce na 5 let) za diskusn\u00ed po\u0159ad, kter\u00fd 2. 7. 2020 moderoval o nov\u00fdch poznatc\u00edch kolem tzv. katy\u0148sk\u00e9ho masakru. Stejn\u00fd trest byl podle paragrafu 405 Trestn\u00edho z\u00e1kon\u00edku ulo\u017een i dv\u011bma odborn\u00edk\u016fm, kter\u00e9 do po\u0159adu pozval na \u010detn\u00e9 \u017e\u00e1dosti poslucha\u010d\u016f. Nejde o v\u00fd\u0161i trestu, jde z principu o po\u0161lapanou spravedlnost.<\/em><\/p>\n<p>Vladim\u00edr Kapal sd\u011blil i samotn\u00e9mu soudu, \u017ee se c\u00edt\u00ed b\u00fdt ob\u011bt\u00ed \u00fa\u010delov\u00e9ho politick\u00e9ho procesu. Soud neprovedl ani jeden d\u016fkaz obhajoby. Rozsudek dokonce tvrd\u00ed, \u017ee v\u00a0po\u0159adu, za jeho\u017e moderov\u00e1n\u00ed byl odsouzen, bylo uvedeno n\u011bco, co prokazateln\u011b nikdo ne\u0159ekl.<\/p>\n<p>Ob\u017ealovan\u00fdm bylo up\u0159eno i pr\u00e1vo projednat rozhodnut\u00ed nez\u00e1visl\u00e9ho zahrani\u010dn\u00edho soudu, znaleck\u00e9 posudky a zji\u0161t\u011bn\u00ed p\u0159edn\u00edch historik\u016f z\u00a0\u0159ady zem\u00ed, sv\u011bdectv\u00ed \u010desk\u00fdch \u00fa\u010dastn\u00edk\u016f nacistick\u00e9 exhumace v\u00a0Katyni i Norimbersk\u00e9ho procesu, ba i \u00fadaje z vlastn\u00edho den\u00edku J. Goebbelse. Ni\u010d\u00edm z\u00a0toho se soudy p\u0159es po\u017eadavky ob\u017ealovan\u00fdch nezab\u00fdvaly. To, \u017ee odsuzuj\u00edc\u00ed rozsudek odsouzen\u00fdm p\u0159ipisuje v\u00fdroky, kter\u00e9 v\u00a0po\u0159adu v\u016fbec nezazn\u011bly, mi p\u0159ipom\u00edn\u00e1 fa\u0161istickou justici i jej\u00ed zneu\u017e\u00edv\u00e1n\u00ed za komunismu. Pr\u00e1vn\u00ed rozbor v\u011bci rozsudek nahrazuje politick\u00fdmi proklamacemi a nepravdou a spekulativn\u00edm v\u00fdb\u011brem skute\u010dnost\u00ed. Hem\u017e\u00ed se bezd\u016fvodn\u00fdmi osobn\u00edmi ur\u00e1\u017ekami. Nic na tom nezm\u011bnily ani M\u011bstsk\u00fd soud v\u00a0Praze a\u00a0ani Nejvy\u0161\u0161\u00ed soud, jim\u017e odsouzen\u00ed podali zevrubn\u00e1 odvol\u00e1n\u00ed, resp. dovol\u00e1n\u00ed.<\/p>\n<p>M\u016fj \u017eivotn\u00ed partner byl komunisty pron\u00e1sledovan\u00fdm signat\u00e1\u0159em Charty 77. Soud ho p\u0159esto vin\u00ed i z\u00a0p\u0159ikra\u0161lov\u00e1n\u00ed pom\u011br\u016f, proti nim\u017e cel\u00fd \u017eivot bojoval. T\u00edm bolestn\u011bji pro\u017e\u00edval, \u017ee je, tak jako ostatn\u00ed odsouzen\u00ed, ob\u011bt\u00ed justi\u010dn\u00edch praktik, nechvaln\u011b zn\u00e1m\u00fdch z\u00a0d\u0159\u00edv\u011bj\u0161\u00edho re\u017eimu a zam\u011b\u0159en\u00fdch proti t\u011bm, co se st\u00e1tn\u00ed moci nel\u00edb\u00ed. Zneu\u017e\u00edv\u00e1n\u00ed st\u00e1tn\u00ed moci znal moc dob\u0159e. Neb\u00e1l se \u00fatlaku a sv\u00e9 p\u0159esv\u011bd\u010den\u00ed a milovanou vlast nezradil a vydr\u017eel. Neutekl za pohodln\u011bj\u0161\u00edm \u017eivotem do ciziny, p\u0159esto\u017ee mu to bylo navrhov\u00e1no. Te\u010f balancuje u\u017e \u0159adu dn\u00ed na hran\u011b \u017eivota a smrti. Nev\u00edm, zda se mi m\u016fj milovan\u00fd vr\u00e1t\u00ed. Pokud ne, tak cel\u00fd sv\u016fj \u017eivot budu justici vy\u010d\u00edtat, \u017ee pro svoji povrchnost a l\u017eivost p\u0159i\u0161el sv\u011bt o vz\u00e1cn\u00e9ho a \u010destn\u00e9ho \u010dlov\u011bka, bojovn\u00edka za spravedlnost, hrdinu a j\u00e1 o svoji \u017eivotn\u00ed l\u00e1sku. \u00a0Zve\u0159ejn\u00edm jak zvukov\u00e9 z\u00e1znamy toho, co se v\u00a0soudn\u00edch s\u00edn\u00edch skute\u010dn\u011b d\u011blo, tak v\u0161echna rozhodnut\u00ed soudu. Kopie zvukov\u00fdch z\u00e1znam\u016f ze soudn\u00ed s\u00edn\u011b m\u00e1m k\u00a0dispozici, tak\u017ee ka\u017ed\u00fd tak bude m\u00edt mo\u017enost se p\u0159esv\u011bd\u010dit, jak se u n\u00e1s soud\u00ed a jak se pravda v\u00a0soudn\u00edch s\u00edn\u00edch p\u0159ekrucuje.<\/p>\n<p>Mistr Jan Hus se nenechal zastra\u0161it a napsal z kostnick\u00e9ho v\u011bzen\u00ed Pra\u017esk\u00e9 univerzit\u011b: \u201eSt\u016fjte v poznan\u00e9 pravd\u011b, kter\u00e1 v\u00edt\u011bz\u00ed nade v\u0161\u00edm a s\u00edlu m\u00e1 a\u017e na v\u011bky\u201c.\u00a0Na state\u010dnost a zejm\u00e9na slu\u0161nost a ob\u011btavost Vladim\u00edra, bude-li to zapot\u0159eb\u00ed, nav\u00e1\u017ei i j\u00e1 a boj za demokracii nezrad\u00edm. Budu hl\u00e1sat sv\u00e9 p\u0159esv\u011bd\u010den\u00ed o tom, \u017ee na\u0161e justice zni\u010dila m\u00e9ho partnera a po\u0161lapala spravedlnost. Ta p\u0159itom ji\u017e od Aristotela je pova\u017eov\u00e1na za nejd\u016fle\u017eit\u011bj\u0161\u00ed z ctnost\u00ed, proto\u017ee se vztahuje ke druh\u00e9mu. Jej\u00edm nerespektov\u00e1n\u00edm ne\u010din\u00ed na\u0161e justice \u201edobro pro druh\u00e9\u201c, ale jen pro sebe a pro mocn\u00e9. Spravedlnost je atributem demokracie.<\/p>\n<p>V\u00e1\u017een\u00e9 d\u00e1my a v\u00e1\u017een\u00ed p\u00e1nov\u00e9, obrac\u00edm se k\u00a0V\u00e1m s\u00a0nal\u00e9havou v\u00fdzvou: nedopus\u0165te, aby se podobn\u00e9 p\u0159\u00edpady povrchnosti a bezpr\u00e1v\u00ed opakovaly! Soudce v\u00a0pr\u00e1vn\u00edm stat\u011b lidem nesm\u00ed up\u00edrat jejich z\u00e1konn\u00e1 pr\u00e1va, lh\u00e1t, p\u0159ekrucovat a ur\u00e1\u017eet! K\u00e9\u017e by se trag\u00e9die m\u00e9ho \u017eivotn\u00edho partnera stala v\u00fdstrahou a p\u0159isp\u011bla k tomu, \u017ee zneu\u017eit\u00ed justice ji\u017e nikdy nenastane a Vladim\u00edr Kapal nebojoval za demokracii a lidsk\u00e1 pr\u00e1va zbyte\u010dn\u011b a sv\u016fj \u017eivot ne\u017eil nadarmo.<\/p>\n<p>S \u00factou<br \/>\nSo\u0148a Zikmundov\u00e1<\/p>\n<p>Na v\u011bdom\u00ed:<\/p>\n<p>\u010cTK<\/p>\n<p>Autor:<br \/>\nSo\u0148a Zikmundov\u00e1<\/p>\n<p>Zdroj:\u00a0Emailem, internet-m\u00e9dia<\/p>\n<p>&nbsp;<\/p>\n","protected":false},"excerpt":{"rendered":"<p>Soudcovsk\u00e1 unie \u010cR Ovocn\u00fd trh 14 110 01 Praha 1 JUDr. Pavel Bla\u017eek, Ph.D. ministr&#8230;<\/p>\n","protected":false},"author":2,"featured_media":59037,"comment_status":"closed","ping_status":"closed","sticky":false,"template":"","format":"standard","meta":[],"categories":[6],"tags":[33,158,1412,520,553,7693],"_links":{"self":[{"href":"https:\/\/www.infokuryr.cz\/n\/wp-json\/wp\/v2\/posts\/59036"}],"collection":[{"href":"https:\/\/www.infokuryr.cz\/n\/wp-json\/wp\/v2\/posts"}],"about":[{"href":"https:\/\/www.infokuryr.cz\/n\/wp-json\/wp\/v2\/types\/post"}],"author":[{"embeddable":true,"href":"https:\/\/www.infokuryr.cz\/n\/wp-json\/wp\/v2\/users\/2"}],"replies":[{"embeddable":true,"href":"https:\/\/www.infokuryr.cz\/n\/wp-json\/wp\/v2\/comments?post=59036"}],"version-history":[{"count":0,"href":"https:\/\/www.infokuryr.cz\/n\/wp-json\/wp\/v2\/posts\/59036\/revisions"}],"wp:featuredmedia":[{"embeddable":true,"href":"https:\/\/www.infokuryr.cz\/n\/wp-json\/wp\/v2\/media\/59037"}],"wp:attachment":[{"href":"https:\/\/www.infokuryr.cz\/n\/wp-json\/wp\/v2\/media?parent=59036"}],"wp:term":[{"taxonomy":"category","embeddable":true,"href":"https:\/\/www.infokuryr.cz\/n\/wp-json\/wp\/v2\/categories?post=59036"},{"taxonomy":"post_tag","embeddable":true,"href":"https:\/\/www.infokuryr.cz\/n\/wp-json\/wp\/v2\/tags?post=59036"}],"curies":[{"name":"wp","href":"https:\/\/api.w.org\/{rel}","templated":true}]}}