{"id":59005,"date":"2024-08-01T00:36:45","date_gmt":"2024-07-31T22:36:45","guid":{"rendered":"https:\/\/www.infokuryr.cz\/n\/?p=59005"},"modified":"2024-07-31T16:05:25","modified_gmt":"2024-07-31T14:05:25","slug":"kamala-harrisova-je-nova-loutka-deep-state","status":"publish","type":"post","link":"https:\/\/www.infokuryr.cz\/n\/2024\/08\/01\/kamala-harrisova-je-nova-loutka-deep-state\/","title":{"rendered":"Kamala Harrisov\u00e1 je \u201enov\u00e1 loutka\u201c Deep State"},"content":{"rendered":"<div id=\"fb-root\"><\/div>\n<p><span>Kamala Harrisov\u00e1 je \u201enov\u00e1 figurka hlubok\u00e9ho st\u00e1tu\u201c a jako vrchn\u00ed velitelka by byla \u201eneuv\u011b\u0159iteln\u011b nebezpe\u010dn\u00e1\u201c. Ve videu na soci\u00e1ln\u00edch s\u00edt\u00edch to \u0159ekla b\u00fdval\u00e1 prezidentsk\u00e1 kandid\u00e1tka Tulsi Gabbardov\u00e1. Vyz\u00fdv\u00e1 sv\u00e9 p\u0159\u00edznivce, aby hlasovali pro Donalda Trumpa.<\/span><\/p>\n<p><span>\u201eNenechte se m\u00fdlit: politika se nem\u011bn\u00ed. &#8222;Kamala Harris nebude velet, stejn\u011b jako Joe Biden nevelel,&#8220; zd\u016fraznila Gabbardov\u00e1.<\/span><\/p>\n<p><span>\u201eJe to nov\u00e1 loutka Deep State a slu\u017eka Hillary Clintonov\u00e9, kr\u00e1lovny kliky v\u00e1le\u010dn\u00fdch \u0161tv\u00e1\u010d\u016f,\u201c pokra\u010dovala. \u201eDeep State\u201c by r\u00e1d vid\u011bl, jak se sv\u011bt propad\u00e1 do v\u00e1lky a chce n\u00e1m vz\u00edt svobodu, \u0159ekla b\u00fdval\u00e1 kongresmanka.<\/span><\/p>\n<div class=\"twitter-tweet twitter-tweet-rendered\"><iframe id=\"twitter-widget-0\" class=\"\" title=\"X p\u0159\u00edsp\u011bvek\" src=\"https:\/\/platform.twitter.com\/embed\/Tweet.html?dnt=false&amp;embedId=twitter-widget-0&amp;features=eyJ0ZndfdGltZWxpbmVfbGlzdCI6eyJidWNrZXQiOltdLCJ2ZXJzaW9uIjpudWxsfSwidGZ3X2ZvbGxvd2VyX2NvdW50X3N1bnNldCI6eyJidWNrZXQiOnRydWUsInZlcnNpb24iOm51bGx9LCJ0ZndfdHdlZXRfZWRpdF9iYWNrZW5kIjp7ImJ1Y2tldCI6Im9uIiwidmVyc2lvbiI6bnVsbH0sInRmd19yZWZzcmNfc2Vzc2lvbiI6eyJidWNrZXQiOiJvbiIsInZlcnNpb24iOm51bGx9LCJ0ZndfZm9zbnJfc29mdF9pbnRlcnZlbnRpb25zX2VuYWJsZWQiOnsiYnVja2V0Ijoib24iLCJ2ZXJzaW9uIjpudWxsfSwidGZ3X21peGVkX21lZGlhXzE1ODk3Ijp7ImJ1Y2tldCI6InRyZWF0bWVudCIsInZlcnNpb24iOm51bGx9LCJ0ZndfZXhwZXJpbWVudHNfY29va2llX2V4cGlyYXRpb24iOnsiYnVja2V0IjoxMjA5NjAwLCJ2ZXJzaW9uIjpudWxsfSwidGZ3X3Nob3dfYmlyZHdhdGNoX3Bpdm90c19lbmFibGVkIjp7ImJ1Y2tldCI6Im9uIiwidmVyc2lvbiI6bnVsbH0sInRmd19kdXBsaWNhdGVfc2NyaWJlc190b19zZXR0aW5ncyI6eyJidWNrZXQiOiJvbiIsInZlcnNpb24iOm51bGx9LCJ0ZndfdXNlX3Byb2ZpbGVfaW1hZ2Vfc2hhcGVfZW5hYmxlZCI6eyJidWNrZXQiOiJvbiIsInZlcnNpb24iOm51bGx9LCJ0ZndfdmlkZW9faGxzX2R5bmFtaWNfbWFuaWZlc3RzXzE1MDgyIjp7ImJ1Y2tldCI6InRydWVfYml0cmF0ZSIsInZlcnNpb24iOm51bGx9LCJ0ZndfbGVnYWN5X3RpbWVsaW5lX3N1bnNldCI6eyJidWNrZXQiOnRydWUsInZlcnNpb24iOm51bGx9LCJ0ZndfdHdlZXRfZWRpdF9mcm9udGVuZCI6eyJidWNrZXQiOiJvbiIsInZlcnNpb24iOm51bGx9fQ%3D%3D&amp;frame=false&amp;hideCard=false&amp;hideThread=false&amp;id=1815122213479276897&amp;lang=de&amp;origin=https%3A%2F%2Funcutnews.ch%2Fkamala-harris-ist-die-neue-galionsfigur-des-deep-state%2F&amp;sessionId=6d7a95e81139c44e318d98ef4f54c74fc1e31fed&amp;theme=light&amp;widgetsVersion=2615f7e52b7e0%3A1702314776716&amp;width=550px\" frameborder=\"0\" scrolling=\"no\" allowfullscreen=\"allowfullscreen\" data-tweet-id=\"1815122213479276897\" data-mce-fragment=\"1\"><\/iframe><\/div>\n<p><span>Byla v \u0158\u00edm\u011b na setk\u00e1n\u00ed o m\u00edru, bezpe\u010dnosti a prosperit\u011b, kdy\u017e se dozv\u011bd\u011bla, \u017ee Biden st\u00e1hl svou kandidaturu na prezidenta.<\/span><\/p>\n<p><span>Gabbardov\u00e1, kter\u00e1 stejn\u011b jako Harrisov\u00e1 kandidovala na prezidentku v roce 2020, varovala, \u017ee nen\u00ed zp\u016fsobil\u00e1 b\u00fdt prezidentkou a vrchn\u00ed velitelkou a dokonce je v t\u00e9to roli neuv\u011b\u0159iteln\u011b nebezpe\u010dn\u00e1.<\/span><\/p>\n<p><span>\u201eV\u0161echno, co jsem \u0159ekla o Hillary Clintonov\u00e9, kr\u00e1lovn\u011b v\u00e1le\u010dn\u00fdch \u0161tv\u00e1\u010d\u016f, plat\u00ed tak\u00e9 o Kamale Harrisov\u00e9. Nen\u00ed pochyb o tom, \u017ee Kamala bude slu\u017eebnic\u00ed t\u00e9to v\u00e1le\u010dn\u00e9 kabaly, kter\u00e1 n\u00e1s p\u0159ivedla a\u017e sem, bude novou v\u016fdkyn\u00ed kabaly, pokud j\u00ed dovol\u00edme st\u00e1t se prezidentkou a vrchn\u00ed velitelkou.&#8220;<\/span><\/p>\n<p><span>A za jak\u00fdm \u00fa\u010delem? &#8222;Na pokraj v\u00e1lky s mnoha zem\u011bmi ve v\u0161ech koutech sv\u011bta a jsme bl\u00ed\u017ee jadern\u00e9 v\u00e1lce a Armagedonu ne\u017e kdy p\u0159edt\u00edm.&#8220;<\/span><\/p>\n<p><img decoding=\"async\" loading=\"lazy\" class=\"alignnone size-full wp-image-1185\" src=\"http:\/\/www.infokuryr.cz\/n\/wp-content\/uploads\/2021\/04\/kuryr-podpis.png\" alt=\"\" width=\"84\" height=\"24\" \/><\/p>\n<p>&nbsp;<\/p>\n","protected":false},"excerpt":{"rendered":"<p>Kamala Harrisov\u00e1 je \u201enov\u00e1 figurka hlubok\u00e9ho st\u00e1tu\u201c a jako vrchn\u00ed velitelka by byla \u201eneuv\u011b\u0159iteln\u011b nebezpe\u010dn\u00e1\u201c&#8230;.<\/p>\n","protected":false},"author":2,"featured_media":59006,"comment_status":"closed","ping_status":"closed","sticky":false,"template":"","format":"standard","meta":[],"categories":[7],"tags":[4122,1503,37,27],"_links":{"self":[{"href":"https:\/\/www.infokuryr.cz\/n\/wp-json\/wp\/v2\/posts\/59005"}],"collection":[{"href":"https:\/\/www.infokuryr.cz\/n\/wp-json\/wp\/v2\/posts"}],"about":[{"href":"https:\/\/www.infokuryr.cz\/n\/wp-json\/wp\/v2\/types\/post"}],"author":[{"embeddable":true,"href":"https:\/\/www.infokuryr.cz\/n\/wp-json\/wp\/v2\/users\/2"}],"replies":[{"embeddable":true,"href":"https:\/\/www.infokuryr.cz\/n\/wp-json\/wp\/v2\/comments?post=59005"}],"version-history":[{"count":0,"href":"https:\/\/www.infokuryr.cz\/n\/wp-json\/wp\/v2\/posts\/59005\/revisions"}],"wp:featuredmedia":[{"embeddable":true,"href":"https:\/\/www.infokuryr.cz\/n\/wp-json\/wp\/v2\/media\/59006"}],"wp:attachment":[{"href":"https:\/\/www.infokuryr.cz\/n\/wp-json\/wp\/v2\/media?parent=59005"}],"wp:term":[{"taxonomy":"category","embeddable":true,"href":"https:\/\/www.infokuryr.cz\/n\/wp-json\/wp\/v2\/categories?post=59005"},{"taxonomy":"post_tag","embeddable":true,"href":"https:\/\/www.infokuryr.cz\/n\/wp-json\/wp\/v2\/tags?post=59005"}],"curies":[{"name":"wp","href":"https:\/\/api.w.org\/{rel}","templated":true}]}}