{"id":58987,"date":"2024-07-31T07:05:11","date_gmt":"2024-07-31T05:05:11","guid":{"rendered":"https:\/\/www.infokuryr.cz\/n\/?p=58987"},"modified":"2024-07-31T07:20:24","modified_gmt":"2024-07-31T05:20:24","slug":"pri-utoku-v-teheranu-byl-zabit-vudce-hamasu-ismail-haniyeh","status":"publish","type":"post","link":"https:\/\/www.infokuryr.cz\/n\/2024\/07\/31\/pri-utoku-v-teheranu-byl-zabit-vudce-hamasu-ismail-haniyeh\/","title":{"rendered":"P\u0159i \u00fatoku v Teher\u00e1nu byl zabit v\u016fdce Hamasu Ismail Haniyeh"},"content":{"rendered":"<div id=\"fb-root\"><\/div>\n<p><span style=\"font-size: 18pt;\"><strong>Podle zpr\u00e1v m\u00e9di\u00ed se Ismail Haniyyeh, politick\u00fd v\u016fdce Hamasu, stal ob\u011bt\u00ed pokusu o atent\u00e1t a byl zabit.<\/strong><\/span><\/p>\n<p><img decoding=\"async\" loading=\"lazy\" class=\"wp-image-58991 aligncenter\" src=\"http:\/\/www.infokuryr.cz\/n\/wp-content\/uploads\/2024\/07\/hamas-sef-teheran-300x159.jpeg\" alt=\"\" width=\"609\" height=\"323\" srcset=\"https:\/\/www.infokuryr.cz\/n\/wp-content\/uploads\/2024\/07\/hamas-sef-teheran-300x159.jpeg 300w, https:\/\/www.infokuryr.cz\/n\/wp-content\/uploads\/2024\/07\/hamas-sef-teheran.jpeg 650w\" sizes=\"(max-width: 609px) 100vw, 609px\" \/><\/p>\n<p>Palestinsk\u00e1 skupina Ham\u00e1s vydala prohl\u00e1\u0161en\u00ed k atent\u00e1tu na sv\u00e9ho politick\u00e9ho v\u016fdce Ismaila Haniyeha v \u00edr\u00e1nsk\u00e9m hlavn\u00edm m\u011bst\u011b Teher\u00e1nu:<\/p>\n<p><em>&#8222;Hnut\u00ed isl\u00e1msk\u00e9ho odporu Hamas truchl\u00ed nad na\u0161\u00edm velk\u00fdm palestinsk\u00fdm lidem, arabsk\u00fdm a isl\u00e1msk\u00fdm n\u00e1rodem a v\u0161emi svobodn\u00fdmi n\u00e1rody sv\u011bta: bratrem, v\u016fdcem, mu\u010dedn\u00edkem, Mud\u017eah\u00eddem Ismailem Haniyehem.&#8220;<\/em><\/p>\n<p>Haniyyeh zem\u0159el v d\u016fsledku \u00fatoku na svou rezidenci, uvedl Ham\u00e1s. Za \u201ezr\u00e1dn\u00fd sionistick\u00fd \u00fatok\u201c je odpov\u011bdn\u00e9 izraelsk\u00e9 politick\u00e9 veden\u00ed.<\/p>\n<p>Hlavn\u00ed mluv\u010d\u00ed Hamasu Sami Abu Zuhri podle agentury Reuters popsal zabit\u00ed v\u016fdce Hamasu Ismaila Haniyeha jako \u201ev\u00e1\u017enou eskalaci, kter\u00e1 nedos\u00e1hne sv\u00fdch c\u00edl\u016f\u201c.<\/p>\n<p>V prohl\u00e1\u0161en\u00ed Hamasu se d\u00e1le uv\u00e1d\u00ed, \u017ee Haniyeh byl zabit p\u0159i \u201ezr\u00e1dn\u00e9m sionistick\u00e9m \u00fatoku\u201c. Zabit\u00fd mu\u017e p\u0159icestoval do Teher\u00e1nu z Kataru, aby se z\u00fa\u010dastnil inaugurace \u00edr\u00e1nsk\u00e9ho prezidenta Masouda Pezeshkiana.<\/p>\n<p>Izraelsk\u00fd ministr kulturn\u00edho d\u011bdictv\u00ed Amichai Eliyahu podle zpr\u00e1v m\u00e9di\u00ed \u0159ekl, \u017ee \u201ezabit\u00ed v\u016fdce Ham\u00e1su d\u011bl\u00e1 sv\u011bt o n\u011bco lep\u0161\u00edm\u201c.<\/p>\n<p><img decoding=\"async\" loading=\"lazy\" class=\"alignnone size-full wp-image-1185\" src=\"http:\/\/www.infokuryr.cz\/n\/wp-content\/uploads\/2021\/04\/kuryr-podpis.png\" alt=\"\" width=\"84\" height=\"24\" \/><\/p>\n<p>&nbsp;<\/p>\n<p>&nbsp;<\/p>\n","protected":false},"excerpt":{"rendered":"<p>Podle zpr\u00e1v m\u00e9di\u00ed se Ismail Haniyyeh, politick\u00fd v\u016fdce Hamasu, stal ob\u011bt\u00ed pokusu o atent\u00e1t a&#8230;<\/p>\n","protected":false},"author":2,"featured_media":43679,"comment_status":"closed","ping_status":"closed","sticky":false,"template":"","format":"standard","meta":[],"categories":[7],"tags":[468,347,2849,1111],"_links":{"self":[{"href":"https:\/\/www.infokuryr.cz\/n\/wp-json\/wp\/v2\/posts\/58987"}],"collection":[{"href":"https:\/\/www.infokuryr.cz\/n\/wp-json\/wp\/v2\/posts"}],"about":[{"href":"https:\/\/www.infokuryr.cz\/n\/wp-json\/wp\/v2\/types\/post"}],"author":[{"embeddable":true,"href":"https:\/\/www.infokuryr.cz\/n\/wp-json\/wp\/v2\/users\/2"}],"replies":[{"embeddable":true,"href":"https:\/\/www.infokuryr.cz\/n\/wp-json\/wp\/v2\/comments?post=58987"}],"version-history":[{"count":1,"href":"https:\/\/www.infokuryr.cz\/n\/wp-json\/wp\/v2\/posts\/58987\/revisions"}],"predecessor-version":[{"id":58992,"href":"https:\/\/www.infokuryr.cz\/n\/wp-json\/wp\/v2\/posts\/58987\/revisions\/58992"}],"wp:featuredmedia":[{"embeddable":true,"href":"https:\/\/www.infokuryr.cz\/n\/wp-json\/wp\/v2\/media\/43679"}],"wp:attachment":[{"href":"https:\/\/www.infokuryr.cz\/n\/wp-json\/wp\/v2\/media?parent=58987"}],"wp:term":[{"taxonomy":"category","embeddable":true,"href":"https:\/\/www.infokuryr.cz\/n\/wp-json\/wp\/v2\/categories?post=58987"},{"taxonomy":"post_tag","embeddable":true,"href":"https:\/\/www.infokuryr.cz\/n\/wp-json\/wp\/v2\/tags?post=58987"}],"curies":[{"name":"wp","href":"https:\/\/api.w.org\/{rel}","templated":true}]}}