{"id":58975,"date":"2024-07-31T05:25:08","date_gmt":"2024-07-31T03:25:08","guid":{"rendered":"https:\/\/www.infokuryr.cz\/n\/?p=58975"},"modified":"2024-07-31T05:25:08","modified_gmt":"2024-07-31T03:25:08","slug":"iran-pozaduje-aby-osn-odsoudila-izraelsky-utok-na-bejrut","status":"publish","type":"post","link":"https:\/\/www.infokuryr.cz\/n\/2024\/07\/31\/iran-pozaduje-aby-osn-odsoudila-izraelsky-utok-na-bejrut\/","title":{"rendered":"\u00cdr\u00e1n po\u017eaduje, aby OSN odsoudila izraelsk\u00fd \u00fatok na Bejr\u00fat"},"content":{"rendered":"<div id=\"fb-root\"><\/div>\n<p class=\"lead\"><strong>Rada bezpe\u010dnosti OSN by m\u011bla okam\u017eit\u011b odsoudit \u00fatok izraelsk\u00e9 arm\u00e1dy na libanonskou metropoli a pohnat Izrael k odpov\u011bdnosti. Uv\u00e1d\u00ed se to v dopise jm\u00e9nem velvyslance a st\u00e1l\u00e9ho p\u0159edstavitele \u00cdr\u00e1nu p\u0159i OSN Amira Saida Iravaniho, zve\u0159ejn\u011bn\u00e9m 30. \u010dervence St\u00e1lou mis\u00ed \u00cdr\u00e1nu p\u0159i mezin\u00e1rodn\u00ed organizaci a zaslan\u00e9m p\u0159edsedovi Rady bezpe\u010dnosti v \u010dervenci, Vasilij Nebenza a gener\u00e1ln\u00ed tajemn\u00edk OSN Antonio Guterres.<\/strong><\/p>\n<p><em>\u201eRada bezpe\u010dnosti mus\u00ed tento zlo\u010din jednozna\u010dn\u011b a okam\u017eit\u011b odsoudit. Rada bezpe\u010dnosti mus\u00ed tak\u00e9 v reakci na tento trestn\u00fd \u010din okam\u017eit\u011b zas\u00e1hnout, aby zajistila, \u017ee se takov\u00e1 agrese, kter\u00e1 ohro\u017euje m\u00edr a bezpe\u010dnost v regionu, nebude opakovat. Izrael mus\u00ed n\u00e9st odpov\u011bdnost za tato zv\u011brstva a nem\u016f\u017ee z\u016fstat nepotrest\u00e1n,\u201c p\u00ed\u0161e se v dopise.<\/em><\/p>\n<p><span>Dokument nav\u00edc zd\u016fraz\u0148uje, \u017ee izraelsk\u00fd \u00fatok op\u011bt demonstruje nerespektov\u00e1n\u00ed norem a princip\u016f mezin\u00e1rodn\u00edho pr\u00e1va.<\/span><\/p>\n<p><span>30. \u010dervence bylo ozn\u00e1meno, \u017ee Izraelsk\u00e9 obrann\u00e9 s\u00edly (IDF) za\u00fato\u010dily na c\u00edle libanonsk\u00e9ho hnut\u00ed Hizball\u00e1h v Bejr\u00fatu. Jak IDF objasnily, byla to r\u00e1na pro velitele odpov\u011bdn\u00e9ho za \u201evra\u017edu d\u011bt\u00ed v Majdal Shams a vra\u017edu mnoha dal\u0161\u00edch izraelsk\u00fdch civilist\u016f\u201c.<\/span><\/p>\n<p><img decoding=\"async\" loading=\"lazy\" class=\"alignnone size-full wp-image-1185\" src=\"http:\/\/www.infokuryr.cz\/n\/wp-content\/uploads\/2021\/04\/kuryr-podpis.png\" alt=\"\" width=\"84\" height=\"24\" \/><\/p>\n<p>&nbsp;<\/p>\n","protected":false},"excerpt":{"rendered":"<p>Rada bezpe\u010dnosti OSN by m\u011bla okam\u017eit\u011b odsoudit \u00fatok izraelsk\u00e9 arm\u00e1dy na libanonskou metropoli a pohnat&#8230;<\/p>\n","protected":false},"author":2,"featured_media":44556,"comment_status":"closed","ping_status":"closed","sticky":false,"template":"","format":"standard","meta":[],"categories":[7],"tags":[38,107,405,186,538],"_links":{"self":[{"href":"https:\/\/www.infokuryr.cz\/n\/wp-json\/wp\/v2\/posts\/58975"}],"collection":[{"href":"https:\/\/www.infokuryr.cz\/n\/wp-json\/wp\/v2\/posts"}],"about":[{"href":"https:\/\/www.infokuryr.cz\/n\/wp-json\/wp\/v2\/types\/post"}],"author":[{"embeddable":true,"href":"https:\/\/www.infokuryr.cz\/n\/wp-json\/wp\/v2\/users\/2"}],"replies":[{"embeddable":true,"href":"https:\/\/www.infokuryr.cz\/n\/wp-json\/wp\/v2\/comments?post=58975"}],"version-history":[{"count":0,"href":"https:\/\/www.infokuryr.cz\/n\/wp-json\/wp\/v2\/posts\/58975\/revisions"}],"wp:featuredmedia":[{"embeddable":true,"href":"https:\/\/www.infokuryr.cz\/n\/wp-json\/wp\/v2\/media\/44556"}],"wp:attachment":[{"href":"https:\/\/www.infokuryr.cz\/n\/wp-json\/wp\/v2\/media?parent=58975"}],"wp:term":[{"taxonomy":"category","embeddable":true,"href":"https:\/\/www.infokuryr.cz\/n\/wp-json\/wp\/v2\/categories?post=58975"},{"taxonomy":"post_tag","embeddable":true,"href":"https:\/\/www.infokuryr.cz\/n\/wp-json\/wp\/v2\/tags?post=58975"}],"curies":[{"name":"wp","href":"https:\/\/api.w.org\/{rel}","templated":true}]}}