{"id":58969,"date":"2024-07-31T05:10:54","date_gmt":"2024-07-31T03:10:54","guid":{"rendered":"https:\/\/www.infokuryr.cz\/n\/?p=58969"},"modified":"2024-07-31T05:10:54","modified_gmt":"2024-07-31T03:10:54","slug":"izrael-bombardoval-hlavni-mesto-libanonu","status":"publish","type":"post","link":"https:\/\/www.infokuryr.cz\/n\/2024\/07\/31\/izrael-bombardoval-hlavni-mesto-libanonu\/","title":{"rendered":"Izrael bombardoval hlavn\u00ed m\u011bsto Libanonu"},"content":{"rendered":"<div id=\"fb-root\"><\/div>\n<p><span style=\"font-size: 18pt;\"><strong>IDF potvrdily c\u00edlen\u00fd \u00fatok na velitele Hizball\u00e1hu<\/strong><\/span><\/p>\n<p><span>Budova v Bejr\u00fatu v Libanonu byla zni\u010dena p\u0159i tom, co Izrael ozna\u010dil za c\u00edlen\u00fd \u00fatok na velitele Hizball\u00e1hu. \u00dader vyvolal obavy z \u0161ir\u0161\u00ed v\u00e1lky v regionu.<\/span><\/p>\n<p><span>Libanonsk\u00e1 m\u00e9dia informovala o explozi v Bejr\u00fatsk\u00e9 \u010dtvrti Haret Hreik v \u00fater\u00fd ve\u010der, zat\u00edmco izraelsk\u00e1 m\u00e9dia identifikovala c\u00edlovou oblast jako Dahieh. Nebylo jasn\u00e9, zda \u0161lo o letadla nebo drony.<\/span><\/p>\n<p><span>Podle arabsk\u00e9ho zpravodaje RT zem\u0159eli p\u0159i \u00faderu nejm\u00e9n\u011b dva lid\u00e9 a 20 bylo zran\u011bno, v\u010detn\u011b d\u011bt\u00ed.<\/span><\/p>\n<p><span>Izraelsk\u00e9 obrann\u00e9 s\u00edly (IDF)\u00a0\u00fatok\u00a0<\/span><a href=\"https:\/\/x.com\/IDF\/status\/1818333771260690783\"><span>potvrdily a uvedly, \u017ee byl zam\u011b\u0159en na velitele Hizball\u00e1hu odpov\u011bdn\u00e9ho za sobotn\u00ed \u00fatok na vesnici na Golansk\u00fdch v\u00fd\u0161in\u00e1ch\u00a0<\/span><\/a><em><span>\u201ea zabit\u00ed mnoha dal\u0161\u00edch izraelsk\u00fdch civilist\u016f\u201c.<\/span><\/em><\/p>\n<p><span>Izraelsk\u00fd ministr obrany Yoav Gallant uvedl, \u017ee \u00faderem na vesnici Majdal Shams Hizball\u00e1h\u00a0<\/span><em><span>\u201ep\u0159ekro\u010dil \u010dervenou \u010d\u00e1ru\u201c,<\/span><\/em><span>\u00a0co\u017e odpov\u00edd\u00e1\u00a0<\/span><a href=\"https:\/\/swentr.site\/news\/601778-israel-powers-retaliate-lebanon\/\"><span>ned\u00e1vn\u00fdm koment\u00e1\u0159\u016fm<\/span><\/a><span>\u00a0ministra zahrani\u010d\u00ed Israela Katze.<\/span><\/p>\n<p><span>V dr\u00fazsk\u00e9 vesnici Majdal Shams zem\u0159elo v sobotu p\u0159i dopadu rakety na fotbalov\u00e9 h\u0159i\u0161t\u011b dvan\u00e1ct lid\u00ed, v\u011bt\u0161inou d\u011bt\u00ed. IDF obvinila Hizball\u00e1h, kter\u00fd odpov\u011bdnost odm\u00edtl. \u0160\u00editsk\u00e1 militantn\u00ed skupina uvedla, \u017ee bude reagovat na jak\u00fdkoli izraelsk\u00fd \u00fader.<\/span><\/p>\n<p><span>Izraelsk\u00e1 m\u00e9dia pojmenovala c\u00edl jako Fuad Shukr, alias Hajj Mohsin, a popsala jej jako\u00a0<\/span><em><span>\u201ehlavn\u00edho poradce\u201c<\/span><\/em><span>\u00a0v\u016fdce Hizball\u00e1hu Hasana Nasrall\u00e1ha, velitele projektu p\u0159esn\u00fdch raket skupiny a n\u011bkoho, koho USA hledaly pro svou roli v roli v roce 1983. p\u0159i bombardov\u00e1n\u00ed kas\u00e1ren n\u00e1mo\u0159n\u00ed p\u011bchoty v Bejr\u00fatu.<\/span><\/p>\n<p><span>Izrael a Hizball\u00e1h si u\u017e m\u011bs\u00edce vym\u011b\u0148uj\u00ed st\u0159elbu z raket a dron\u016f, co\u017e si vynutilo evakuaci t\u00e9m\u011b\u0159 200 000 obyvatel na obou stran\u00e1ch hranice.\u00a0<\/span><\/p>\n<p><span>Z\u00e1padn\u00ed Jeruzal\u00e9m u\u017e m\u011bs\u00edce vyhro\u017euje vojenskou operac\u00ed proti Hizball\u00e1hu, i kdy\u017e pokra\u010doval v ofenziv\u011b proti Hamasu v Gaze. Prezident Isaac Herzog\u00a0<\/span><a href=\"https:\/\/swentr.site\/news\/598879-israel-threatens-war-hezbollah\/\"><span>za\u010d\u00e1tkem \u010dervna prohl\u00e1sil,<\/span><\/a><span>\u00a0\u017ee \u201eteroristick\u00e1 agrese Hizball\u00e1hu\u00a0<\/span><em><span>mus\u00ed b\u00fdt zastavena\u201c<\/span><\/em><span>\u00a0a \u017ee sv\u011bt by nem\u011bl b\u00fdt p\u0159ekvapen, kdy\u017e Izrael jedn\u00e1.<\/span><\/p>\n<p><img decoding=\"async\" loading=\"lazy\" class=\"alignnone size-full wp-image-1185\" src=\"http:\/\/www.infokuryr.cz\/n\/wp-content\/uploads\/2021\/04\/kuryr-podpis.png\" alt=\"\" width=\"84\" height=\"24\" \/><\/p>\n<p>&nbsp;<\/p>\n","protected":false},"excerpt":{"rendered":"<p>IDF potvrdily c\u00edlen\u00fd \u00fatok na velitele Hizball\u00e1hu Budova v Bejr\u00fatu v Libanonu byla zni\u010dena p\u0159i&#8230;<\/p>\n","protected":false},"author":2,"featured_media":58970,"comment_status":"closed","ping_status":"closed","sticky":false,"template":"","format":"standard","meta":[],"categories":[7],"tags":[6772,107,405,3203],"_links":{"self":[{"href":"https:\/\/www.infokuryr.cz\/n\/wp-json\/wp\/v2\/posts\/58969"}],"collection":[{"href":"https:\/\/www.infokuryr.cz\/n\/wp-json\/wp\/v2\/posts"}],"about":[{"href":"https:\/\/www.infokuryr.cz\/n\/wp-json\/wp\/v2\/types\/post"}],"author":[{"embeddable":true,"href":"https:\/\/www.infokuryr.cz\/n\/wp-json\/wp\/v2\/users\/2"}],"replies":[{"embeddable":true,"href":"https:\/\/www.infokuryr.cz\/n\/wp-json\/wp\/v2\/comments?post=58969"}],"version-history":[{"count":0,"href":"https:\/\/www.infokuryr.cz\/n\/wp-json\/wp\/v2\/posts\/58969\/revisions"}],"wp:featuredmedia":[{"embeddable":true,"href":"https:\/\/www.infokuryr.cz\/n\/wp-json\/wp\/v2\/media\/58970"}],"wp:attachment":[{"href":"https:\/\/www.infokuryr.cz\/n\/wp-json\/wp\/v2\/media?parent=58969"}],"wp:term":[{"taxonomy":"category","embeddable":true,"href":"https:\/\/www.infokuryr.cz\/n\/wp-json\/wp\/v2\/categories?post=58969"},{"taxonomy":"post_tag","embeddable":true,"href":"https:\/\/www.infokuryr.cz\/n\/wp-json\/wp\/v2\/tags?post=58969"}],"curies":[{"name":"wp","href":"https:\/\/api.w.org\/{rel}","templated":true}]}}