{"id":58930,"date":"2024-07-31T00:44:39","date_gmt":"2024-07-30T22:44:39","guid":{"rendered":"https:\/\/www.infokuryr.cz\/n\/?p=58930"},"modified":"2024-07-30T17:04:48","modified_gmt":"2024-07-30T15:04:48","slug":"297-den-izrael-a-libanon-se-pripravuji-na-novou-eskalaci-pote-co-bylo-pri-uderu-zabito-12-syrskych-obyvatel-golanskych-vysin","status":"publish","type":"post","link":"https:\/\/www.infokuryr.cz\/n\/2024\/07\/31\/297-den-izrael-a-libanon-se-pripravuji-na-novou-eskalaci-pote-co-bylo-pri-uderu-zabito-12-syrskych-obyvatel-golanskych-vysin\/","title":{"rendered":"297 den: Izrael a Libanon se p\u0159ipravuj\u00ed na novou eskalaci pot\u00e9, co bylo p\u0159i \u00faderu zabito 12 syrsk\u00fdch obyvatel Golansk\u00fdch v\u00fd\u0161in"},"content":{"rendered":"<div id=\"fb-root\"><\/div>\n<p><span style=\"font-size: 14pt;\"><strong>Izrael\u0161t\u00ed p\u0159edstavitel\u00e9 tvrd\u00ed, \u017ee Netanjahu stoj\u00ed za tvrzen\u00fdm postojem Izraele, kter\u00fd br\u00e1n\u00ed dohod\u011b o p\u0159\u00edm\u011b\u0159\u00ed, proto\u017ee nov\u00e9 kolo rozhovor\u016f v \u0158\u00edm\u011b kon\u010d\u00ed bez pr\u016flomu.<\/strong><\/span><\/p>\n<p><span style=\"font-size: 18pt;\"><strong>29.\u010dervenec\u00a0 2024<\/strong><\/span><\/p>\n<h2 class=\"wp-block-heading\">Ztr\u00e1ty<\/h2>\n<ul class=\"wp-block-list\">\n<li>39 363 + zabit\u00fdch* a nejm\u00e9n\u011b 90 923 zran\u011bn\u00fdch v p\u00e1smu Gazy. Bylo pln\u011b identifikov\u00e1no 28 903 Palestinc\u016f a odhaduje se, \u017ee asi 10 000 dal\u0161\u00edch je pod troskami.*<\/li>\n<li>Na okupovan\u00e9m Z\u00e1padn\u00edm b\u0159ehu, v\u010detn\u011b v\u00fdchodn\u00edho Jeruzal\u00e9ma, bylo zabito v\u00edce ne\u017e 592 Palestinc\u016f. Pat\u0159\u00ed mezi n\u011b 138 d\u011bt\u00ed.**<\/li>\n<li>Izrael revidoval odhadovan\u00fd po\u010det ob\u011bt\u00ed ze 7. \u0159\u00edjna dol\u016f z 1400 na 1140.<\/li>\n<li>Od 7. \u0159\u00edjna izraelsk\u00e1 arm\u00e1da uznala 690 izraelsk\u00fdch voj\u00e1k\u016f za zabit\u00e9 a 4 096 za zran\u011bn\u00e9.***<\/li>\n<\/ul>\n<p><em>* Pobo\u010dka palestinsk\u00e9ho ministerstva zdravotnictv\u00ed v Gaze potvrdila toto \u010d\u00edslo ve sv\u00e9 denn\u00ed zpr\u00e1v\u011b, zve\u0159ejn\u011bn\u00e9 prost\u0159ednictv\u00edm sv\u00e9ho kan\u00e1lu WhatsApp dne 29. \u010dervence 2024. N\u011bkter\u00e9 organizace na ochranu lidsk\u00fdch pr\u00e1v odhaduj\u00ed, \u017ee po\u010det ob\u011bt\u00ed je mnohem vy\u0161\u0161\u00ed, kdy\u017e se po\u010d\u00edtaj\u00ed s \u00fadajn\u00fdmi mrtv\u00fdmi.<br \/>\n** Po\u010det ob\u011bt\u00ed na Z\u00e1padn\u00edm b\u0159ehu Jord\u00e1nu a v Jeruzal\u00e9m\u011b nen\u00ed pravideln\u011b aktualizov\u00e1n. Podle palestinsk\u00e9ho ministerstva zdravotnictv\u00ed z 27. \u010dervence jde o nejnov\u011bj\u0161\u00ed \u00fadaj.<br \/>\n*** Tyto \u00fadaje jsou zve\u0159ejn\u011bny izraelskou arm\u00e1dou a ukazuj\u00ed voj\u00e1ky, jejich\u017e jm\u00e9na \u201esm\u011bla b\u00fdt zve\u0159ejn\u011bna\u201c. Vedouc\u00ed sdru\u017een\u00ed zran\u011bn\u00fdch izraelsk\u00e9 arm\u00e1dy \u0159ekl izraelsk\u00e9mu Channel 12, \u017ee po\u010det ran\u011bn\u00fdch izraelsk\u00fdch voj\u00e1k\u016f p\u0159ekra\u010duje 20 000, v\u010detn\u011b nejm\u00e9n\u011b 8 000 trvale posti\u017een\u00fdch k 1. \u010dervnu. Izraelsk\u00fd Channel 7 ozn\u00e1mil, \u017ee podle po\u010dtu rehabilita\u010dn\u00edch slu\u017eeb izraelsk\u00e9ho ministerstva v\u00e1lky p\u0159ibylo 8 663 nov\u00fdch zran\u011bn\u00fdch. arm\u00e1dn\u00ed syst\u00e9m rehabilitace handicap\u016f od 7. \u0159\u00edjna od 18. \u010dervna.<\/em><\/p>\n<h2 class=\"wp-block-heading\"><strong>Kl\u00ed\u010dov\u00fd v\u00fdvoj\u00a0<\/strong><\/h2>\n<ul class=\"wp-block-list\">\n<li>Izrael od pond\u011bl\u00ed 25. \u010dervence v Gaze zabil 218 Palestinc\u016f a zranil 666, \u010d\u00edm\u017e se po\u010det ob\u011bt\u00ed od 7. \u0159\u00edjna zv\u00fd\u0161il na 39 363 a po\u010det zran\u011bn\u00fdch na 90 923, uvedlo ministerstvo zdravotnictv\u00ed v Gaze.<\/li>\n<li>Izrael zabil 30 Palestinc\u016f, zranil nejm\u00e9n\u011b 100, v\u010detn\u011b \u017een a d\u011bt\u00ed, p\u0159i bombardov\u00e1n\u00ed \u0161koly ukr\u00fdvaj\u00edc\u00ed civilisty v Deir al-Balah v centr\u00e1ln\u00ed Gaze.<\/li>\n<li>Izrael odp\u00e1l\u00ed dal\u0161\u00ed obytn\u00e9 bloky ve v\u00fdchodn\u00ed \u010d\u00e1sti Ch\u00e1n J\u00fanis, jak pokra\u010duje ofenz\u00edva ji\u017e osm\u00fd den v \u0159ad\u011b.<\/li>\n<li>Nemocnice Naser v Khan Younis varuje p\u0159ed \u0161\u00ed\u0159en\u00edm ko\u017en\u00edch onemocn\u011bn\u00ed mezi d\u011btmi v Gaze.<\/li>\n<li>UNRWA \u0159\u00edk\u00e1, \u017ee 200 jej\u00edch zam\u011bstnanc\u016f v Gaze bylo zabito, v\u011bt\u0161inou s jejich rodinami, zat\u00edmco dv\u011b t\u0159etiny objekt\u016f UNRWA byly zasa\u017eeny izraelsk\u00fdmi \u00fadery, n\u011bkter\u00e9 dvakr\u00e1t.<\/li>\n<li>UNRWA \u0159\u00edk\u00e1, \u017ee osm z jej\u00edch \u0161kol bylo c\u00edlem izraelsk\u00fdch \u00fader\u016f, zat\u00edmco jen v posledn\u00edch dvou t\u00fddnech poskytovalo \u00fakryt civilist\u016fm.<\/li>\n<li>UNRWA uv\u00e1d\u00ed, \u017ee v\u00edce ne\u017e 560 vys\u00eddlen\u00fdch Palestinc\u016f, v\u010detn\u011b \u017een a d\u011bt\u00ed, bylo zabito, kdy\u017e se skr\u00fdvali pod vlajkou OSN.<\/li>\n<li>Izrael obvi\u0148uje Hizball\u00e1h ze zabit\u00ed 12 lid\u00ed pot\u00e9, co projektil spadl a explodoval na h\u0159i\u0161ti v syrsk\u00e9m m\u011bst\u011b Majdal Shams na Izraelem okupovan\u00fdch Golansk\u00fdch v\u00fd\u0161in\u00e1ch. Hizball\u00e1h pop\u00edr\u00e1 odpov\u011bdnost za incident, tvrd\u00ed, \u017ee projektil nefungoval spr\u00e1vn\u011b izraelsk\u00fd protiraketov\u00fd n\u00e1boj.<\/li>\n<li>Izrael vyhro\u017euje Hizball\u00e1hu a Libanonu tvrdou odpov\u011bd\u00ed, izraelsk\u00e1 arm\u00e1da vyhla\u0161uje nov\u00e1 cvi\u010den\u00ed.<\/li>\n<li>Zpr\u00e1vy o tlaku USA na Izrael, aby se vyhnul region\u00e1ln\u00ed v\u00e1lce.<\/li>\n<\/ul>\n<h2 class=\"wp-block-heading\"><strong>Izrael a Libanon jsou bl\u00edzko v\u00e1lky pot\u00e9, co projektil na Golansk\u00fdch v\u00fd\u0161in\u00e1ch zabil 12 lid\u00ed<\/strong><\/h2>\n<p>Nap\u011bt\u00ed mezi Izraelem a Libanonem dos\u00e1hlo v ned\u011bli znovu bodu zlomu pot\u00e9, co 12 lid\u00ed zabila exploze projektilu, kter\u00fd dopadl na h\u0159i\u0161t\u011b ve m\u011bst\u011b Majdal Shams na Izraelem okupovan\u00fdch syrsk\u00fdch Golansk\u00fdch v\u00fd\u0161in\u00e1ch. Izrael obvinil Hizball\u00e1h z vypu\u0161t\u011bn\u00ed projektilu, o kter\u00e9m tvrdil, \u017ee jde o \u201et\u011b\u017ekou\u201c raketu \u00edr\u00e1nsk\u00e9 v\u00fdroby. Hizball\u00e1h odpov\u011bdnost pop\u0159el a uvedl, \u017ee v\u00fdbuch byl d\u016fsledkem selh\u00e1n\u00ed izraelsk\u00e9ho n\u00e1boje protiraketov\u00e9 obrany.<\/p>\n<p>Pozd\u011b v ned\u011bli uzav\u0159el izraelsk\u00fd kabinet mimo\u0159\u00e1dn\u00e9 zased\u00e1n\u00ed, na kter\u00e9m podle izraelsk\u00fdch zpr\u00e1v minist\u0159i hlasovali o delegov\u00e1n\u00ed Netanjahua a jeho ministra v\u00e1lky Yoava Gallanta, aby rozhodli o odvetn\u00e9 akci proti Hizball\u00e1hu. Izraelsk\u00fd Channel 12 uvedl, \u017ee vl\u00e1da usiluje o tvrdou akci, kter\u00e1 by nevedla k tot\u00e1ln\u00ed v\u00e1lce s libanonskou skupinou. Izraelsk\u00fd arm\u00e1dn\u00ed rozhlas popsal izraelsk\u00fd c\u00edl jako \u201eodhodlan\u011bj\u0161\u00ed akci, ale ne v\u00e1lku\u201c.<\/p>\n<p>Podle izraelsk\u00e9ho den\u00edku\u00a0<em>Israel Hayom<\/em>\u00a0zah\u00e1jila izraelsk\u00e1 arm\u00e1da nov\u00e1 bojov\u00e1 cvi\u010den\u00ed v r\u00e1mci p\u0159\u00edpravy na potenci\u00e1ln\u00ed operaci, kter\u00e1 zahrnovala praktiky stahov\u00e1n\u00ed zran\u011bn\u00fdch voj\u00e1k\u016f z libanonsk\u00e9ho boji\u0161t\u011b.<\/p>\n<p>Izraelsk\u00fd ministr v\u00e1lky Yoav Gallant \u0159ekl, \u017ee Hizball\u00e1h \u201ezaplat\u00ed cenu\u201c, zat\u00edmco izraelsk\u00fd opozi\u010dn\u00ed v\u016fdce Benny Gantz \u0159ekl, \u017ee Izrael \u201epot\u0159ebuje velkou reakci\u201c. Mezit\u00edm OSN varovala, \u017ee region\u00e1ln\u00ed v\u00e1lka na Bl\u00edzk\u00e9m v\u00fdchod\u011b povede ke \u201ekatastrof\u011b\u201c, a vyzvala v\u0161echny akt\u00e9ry, aby projevili zdr\u017eenlivost.<\/p>\n<p>V ned\u011bli \u00edr\u00e1nsk\u00e9 ministerstvo zahrani\u010d\u00ed v prohl\u00e1\u0161en\u00ed uvedlo, \u017ee \u201ejak\u00e9koli dobrodru\u017estv\u00ed sionistick\u00e9ho re\u017eimu\u201c by vedlo k \u201eroz\u0161\u00ed\u0159en\u00ed v\u00e1lky do regionu\u201c.<\/p>\n<p>M\u00edstop\u0159edseda libanonsk\u00e9ho parlamentu Elias Abu Saab vyzval v ned\u011bli k nez\u00e1visl\u00e9mu vy\u0161et\u0159en\u00ed incidentu v Majdal Shams s t\u00edm, \u017ee mezin\u00e1rodn\u00ed zprost\u0159edkovatel\u00e9 jsou s Libanonem v neust\u00e1l\u00e9 komunikaci a sna\u017e\u00ed se vyhnout \u0161ir\u0161\u00ed eskalaci. Abu Saab poznamenal, \u017ee Izrael ohro\u017euje Libanon, aby odvedl pozornost od toho, co se v Libanonu d\u011bje.<\/p>\n<p>Abu Saab dodal, \u017ee Libanon je jednotn\u00fd a bude jednotn\u011bj\u0161\u00ed v p\u0159\u00edpad\u011b \u0161ir\u0161\u00edho izraelsk\u00e9ho \u00fatoku a \u017ee pokud se Izrael zam\u011b\u0159\u00ed na Bejr\u00fat nebo zabije libanonsk\u00e9 civilisty, pak Libanon nebude pova\u017eovat izraelsk\u00fd \u00fatok za \u201eomezen\u00fd\u201c.<\/p>\n<p>V pond\u011bl\u00ed Axios ozn\u00e1mil, \u017ee vysok\u00fd poradce Bidena varoval Gallanta, \u017ee USA podpo\u0159\u00ed Izrael v omezen\u00e9 reakci, ale \u017ee by nem\u011bl riskovat tot\u00e1ln\u00ed v\u00e1lku.<\/p>\n<p>Axios tak\u00e9 uvedl, \u017ee ameri\u010dt\u00ed a izrael\u0161t\u00ed p\u0159edstavitel\u00e9 se ob\u00e1vaj\u00ed, \u017ee velk\u00e1 eskalace mezi Izraelem a Libanonem by mohla v\u00e9st ke zmrazen\u00ed rozhovor\u016f o p\u0159\u00edm\u011b\u0159\u00ed mezi Izraelem a Hamasem.<\/p>\n<h2 class=\"wp-block-heading\"><strong>Netanjahu d\u00e1v\u00e1 rozhovor\u016fm nov\u00e9 podm\u00ednky, \u0159\u00edkaj\u00ed \u00fa\u0159edn\u00edci<\/strong><\/h2>\n<p>V \u0158\u00edm\u011b se v ned\u011bli uzav\u0159elo nov\u00e9 kolo rozhovor\u016f o p\u0159\u00edm\u011b\u0159\u00ed v Gaze, kde se izraelsk\u00e1 delegace v \u010dele s \u0161\u00e9fem Mossadu Davidem Barneou setkala s egyptsk\u00fdmi a katarsk\u00fdmi zprost\u0159edkovateli, p\u0159i\u010dem\u017e \u017e\u00e1dn\u00fd pr\u016flom nebyl hl\u00e1\u0161en.<\/p>\n<p>Izraelsk\u00e1 m\u00e9dia uvedla, \u017ee rozhovory se soust\u0159edily kolem mo\u017en\u00e9ho sta\u017een\u00ed Izraele z Filadelfsk\u00e9ho koridoru, p\u00e1su zem\u011b hrani\u010d\u00edc\u00edho s Gazou a Egyptem. Izrael\u0161t\u00ed vyjednava\u010di \u00fadajn\u011b tvrdili, \u017ee Izrael by se mohl st\u00e1hnout z filadelfsk\u00e9ho koridoru, pokud by byly instalov\u00e1ny sledovac\u00ed za\u0159\u00edzen\u00ed a podzemn\u00ed p\u0159ek\u00e1\u017eky, aby se zabr\u00e1nilo pa\u0161ov\u00e1n\u00ed zbran\u00ed do Gazy.<\/p>\n<p>V ned\u011bli\u00a0<a href=\"https:\/\/www.nytimes.com\/2024\/07\/28\/world\/middleeast\/negotiators-meet-in-rome-to-revive-push-for-hostage-release-and-cease-fire-in-gaza.html\">The New York Times<\/a>\u00a0s odkazem na p\u0159edstavitele bl\u00edzk\u00e9 jedn\u00e1n\u00ed uvedl, \u017ee na posledn\u00edm setk\u00e1n\u00ed v \u0158\u00edm\u011b Izrael odm\u00edtl n\u00e1vrat Palestinc\u016f do severn\u00ed Gazy. Izrael ji\u017e v p\u0159edchoz\u00edch kolech rozhovor\u016f akceptoval n\u00e1vrat vys\u00eddlen\u00fdch Palestinc\u016f.<\/p>\n<p>Podle nejmenovan\u00fdch p\u0159edstavitel\u016f je Netanjahu hlavn\u00edm d\u016fvodem zatvrzel\u00e9ho postoje Izraele na jedn\u00e1n\u00edch v \u0158\u00edm\u011b a izrael\u0161t\u00ed bezpe\u010dnostn\u00ed \u010dinitel\u00e9 na n\u011bj tla\u010d\u00ed, aby prok\u00e1zal v\u011bt\u0161\u00ed flexibilitu p\u0159i uzav\u0159en\u00ed dohody.<\/p>\n<p><span style=\"font-size: 10pt;\"><em><strong>\u00davodn\u00ed fotografie:<\/strong> Palestinci prchaj\u00ed z uprchlick\u00e9ho t\u00e1bora al-Bureij v centr\u00e1ln\u00edm p\u00e1smu Gazy 28. \u010dervence 2024 uprost\u0159ed prob\u00edhaj\u00edc\u00edch boj\u016f. (Foto: Omar Ashtawy\/APA Images)<\/em><\/span><\/p>\n<p><span class=\"by\">Od\u00a0<\/span><a class=\"author url fn\" title=\"P\u0159\u00edsp\u011bvky od Qassama Muaddiho\" href=\"https:\/\/mondoweiss.net\/author\/qassam-muaddi\/\" rel=\"author\">Qassama Muaddiho<\/a><\/p>\n<p>&nbsp;<\/p>\n","protected":false},"excerpt":{"rendered":"<p>Izrael\u0161t\u00ed p\u0159edstavitel\u00e9 tvrd\u00ed, \u017ee Netanjahu stoj\u00ed za tvrzen\u00fdm postojem Izraele, kter\u00fd br\u00e1n\u00ed dohod\u011b o p\u0159\u00edm\u011b\u0159\u00ed,&#8230;<\/p>\n","protected":false},"author":2,"featured_media":58931,"comment_status":"closed","ping_status":"closed","sticky":false,"template":"","format":"standard","meta":[],"categories":[7],"tags":[3417,348,107,405],"_links":{"self":[{"href":"https:\/\/www.infokuryr.cz\/n\/wp-json\/wp\/v2\/posts\/58930"}],"collection":[{"href":"https:\/\/www.infokuryr.cz\/n\/wp-json\/wp\/v2\/posts"}],"about":[{"href":"https:\/\/www.infokuryr.cz\/n\/wp-json\/wp\/v2\/types\/post"}],"author":[{"embeddable":true,"href":"https:\/\/www.infokuryr.cz\/n\/wp-json\/wp\/v2\/users\/2"}],"replies":[{"embeddable":true,"href":"https:\/\/www.infokuryr.cz\/n\/wp-json\/wp\/v2\/comments?post=58930"}],"version-history":[{"count":0,"href":"https:\/\/www.infokuryr.cz\/n\/wp-json\/wp\/v2\/posts\/58930\/revisions"}],"wp:featuredmedia":[{"embeddable":true,"href":"https:\/\/www.infokuryr.cz\/n\/wp-json\/wp\/v2\/media\/58931"}],"wp:attachment":[{"href":"https:\/\/www.infokuryr.cz\/n\/wp-json\/wp\/v2\/media?parent=58930"}],"wp:term":[{"taxonomy":"category","embeddable":true,"href":"https:\/\/www.infokuryr.cz\/n\/wp-json\/wp\/v2\/categories?post=58930"},{"taxonomy":"post_tag","embeddable":true,"href":"https:\/\/www.infokuryr.cz\/n\/wp-json\/wp\/v2\/tags?post=58930"}],"curies":[{"name":"wp","href":"https:\/\/api.w.org\/{rel}","templated":true}]}}