{"id":5883,"date":"2021-11-03T04:12:12","date_gmt":"2021-11-03T03:12:12","guid":{"rendered":"http:\/\/www.infokuryr.cz\/n\/?p=5883"},"modified":"2021-11-03T04:12:12","modified_gmt":"2021-11-03T03:12:12","slug":"vite-co-znamena-slova-do-rvacky-tady-je-vysvetleni","status":"publish","type":"post","link":"https:\/\/www.infokuryr.cz\/n\/2021\/11\/03\/vite-co-znamena-slova-do-rvacky-tady-je-vysvetleni\/","title":{"rendered":"V\u00edte, co znamen\u00e1 \u201eslova do rva\u010dky\u201c? Tady je vysv\u011btlen\u00ed"},"content":{"rendered":"<div id=\"fb-root\"><\/div>\n<p>Slova do rva\u010dky neznamenaj\u00ed nic v\u00edc ne\u017e slova, za kter\u00e9 se vyplat\u00ed t\u0159eba porvat se v hospod\u011b. Je to n\u011bkdy dost odv\u00e1\u017en\u00e9, j\u00edt se porvat za n\u011bco, co nen\u00ed jist\u00e9 v\u00edt\u011bzstv\u00edm, ale kdo chce pro pravdu n\u011bco ud\u011blat \u201e jde s k\u016f\u017e\u00ed na trh\u201c. Dnes u n\u00e1s, ale nejen u n\u00e1s, do zna\u010dn\u00e9 m\u00edry usilovn\u011b bojujeme proti nemoci Covidu-19, resp. bojujeme proti \u0161\u00ed\u0159en\u00ed n\u00e1kazy virem Covidu-19. \u017de ten boj nen\u00ed zrovna nej\u00fasp\u011b\u0161n\u011bj\u0161\u00ed, je nasnad\u011b. M\u00e1 to n\u011bkolik d\u016fvod\u016f a jako laik se chci vyj\u00e1d\u0159it k tomu, co mi m\u00e9 IQ dovol\u00ed poznat, zpracovat, pochopit a d\u00e1l p\u0159ed\u00e1vat.<\/p>\n<p>Jedn\u00edm z faktor\u016f v boji proti Covidu-19 je o\u010dkov\u00e1n\u00ed, tedy tzv. vakcinace ob\u010dan\u016f a to hned n\u011bkolika typy o\u010dkovac\u00edch l\u00e1tek-vakc\u00edn od n\u011bkolika v\u00fdrobc\u016f. Vakc\u00edny, kter\u00e9 spat\u0159ily sv\u011btlo sv\u011bta v pr\u016fb\u011bhu max. 12 m\u011bs\u00edc\u016f, a\u010dkoliv se b\u011b\u017en\u011b vyv\u00edj\u00ed i n\u011bkolik let, n\u011bkdy 12 a\u017e 15 rok\u016f.<\/p>\n<p>Toto je tedy prvn\u00ed negativn\u00ed skute\u010dnost, kter\u00e1 ot\u0159\u00e1sla d\u016fv\u011brou ob\u010dan\u016f, po kter\u00fdch se po\u017eadovala aplikace t\u011bchto vakc\u00edn. Nicm\u00e9n\u011b, bez ohledu na tuto skute\u010dnost se nechalo o\u010dkovat statis\u00edce ob\u010dan\u016f. Ne snad proto, \u017ee by jim bylo lhostejn\u00e9, zda je vakc\u00edna kvalitn\u00ed \u010di ne, ale prost\u011b proto, \u017ee nem\u011bli \u017e\u00e1dn\u00e9 poznatky \u010di informace.<\/p>\n<p>Druh\u00e1 negativn\u00ed skute\u010dnost byla, \u017ee vakc\u00edny nem\u011bli vrobcem ud\u00e1vanou \u00fa\u010dinnost, kdy\u017e tato se pohybovala od 72 do 93 %! \u00da\u010dinnost se m\u011bnila podle moment\u00e1ln\u011b zji\u0161t\u011bn\u00fdch v\u00fdsledk\u016f. I to m\u011blo vliv na rozhodov\u00e1n\u00ed lid\u00ed, zda se nechat o\u010dkovat \u010di ne.<\/p>\n<p>T\u0159et\u00ed faktor pro rozhodov\u00e1n\u00ed lid\u00ed bylo zji\u0161t\u011bn\u00ed, \u017ee a\u010dkoliv vakcina m\u011bla pot\u0159ebnou \u00fa\u010dinnost, byla v\u0161ak kr\u00e1tkodob\u00e1, tj., \u017ee imunita proti n\u00e1kaze virem Covidu-19 se velmi rychle vytr\u00e1cela a lid\u00e9 byli nuceni, pro svou dal\u0161\u00ed ochranu p\u0159ed virem podstoupit druh\u00e9, pota\u017emo i t\u0159et\u00ed o\u010dkov\u00e1n\u00ed. P\u0159esto se vir Covidu-19 d\u00e1l \u0161\u00ed\u0159\u00ed bez ohledu na to, zda je \u010dlov\u011bk o\u010dkov\u00e1n \u010di dokonce proo\u010dkov\u00e1n 3 vakcinami.<\/p>\n<p>Nu a snad posledn\u00ed skute\u010dnost, kter\u00e1 je pro lidi rozhoduj\u00edc\u00edm faktorem, pro\u010d se nenech\u00e1vaj\u00ed o\u010dkovat je to, \u017ee p\u0159es nemal\u00e9 \u00fasil\u00ed \u0159ady zainteresovan\u00fdch \u201eodborn\u00edk\u016f\u201c na medic\u00ednu, zab\u00fdvaj\u00edc\u00ed se infek\u010dn\u00edmi chorobami a dal\u0161\u00edmi nemocemi, p\u0159esv\u011bd\u010duj\u00edc\u00ed ob\u010dany o nutnosti, efektivnosti, \u00fa\u010dinnosti, ochran\u011b a prevenci proti Covidu-19, nejsou natolik \u010destn\u00ed a f\u00e9rov\u00ed, kdy\u017e odm\u00edtaj\u00ed \u0159\u00edkat lidem pravdu, \u017ee o\u010dkov\u00e1n\u00ed nechr\u00e1n\u00ed \u010dlov\u011bka p\u0159ed n\u00e1kazou ani onemocn\u011bn\u00edm Covidem-19 tedy, \u017ee i o\u010dkovan\u00fd \u010dlov\u011bk se m\u016f\u017ee znovu nakazit, m\u016f\u017ee b\u00fdt nositelem viru, ani\u017e by o tom v\u011bd\u011bl, proto\u017ee nem\u00e1 \u017e\u00e1dn\u00e9 p\u0159\u00edznaky nemoci, ale m\u016f\u017ee p\u0159itom jin\u00e9ho nakazit. Jin\u00fdmi slovy, lid\u00e9 z\u016fst\u00e1vaj\u00ed neinformovan\u00ed, v\u00e1haj\u00ed, jsou nerozhodn\u00ed, neum\u00ed si vybrat mezi t\u00edm, co jim \u0159\u00edkaj\u00ed placen\u00ed propag\u00e1to\u0159i pro podporu o\u010dkov\u00e1n\u00ed, v\u0161ichni ti, co cht\u011bj\u00ed d\u011blat \u201ete\u010dku\u201c a\u010d d\u011blaj\u00ed otazn\u00edky a vyk\u0159i\u010dn\u00edky! To cel\u00e9 situaci rozhodn\u011b neprosp\u00edv\u00e1.<\/p>\n<p>Jsou v\u0161ak i up\u0159\u00edmn\u00ed lid\u00e9, l\u00e9ka\u0159i, odborn\u00edci, specialist\u00e9, v\u011bdci, kte\u0159\u00ed jsou schopni vyjevit pravdu a v\u0161echny z\u00e1ludnosti, sv\u011bd\u010d\u00ed jejich n\u00e1zory stanoviska, kter\u00e9 se t\u00fdkaj\u00ed dan\u00e9 problematiky nemoci Covidu-19. Zde jsou n\u011bkter\u00e9 z nich, aneb ony tzv. \u201eslova do rva\u010dky\u201c odborn\u00edk\u016f:<\/p>\n<p><strong>Doc. MUDr. Martin Bal\u00edk, Ph.D ,(vedouc\u00ed l\u00e9ka\u0159 z Kliniky anesteziologie, resuscitace a intenzivn\u00ed medic\u00edny VFN a 1. LF v Praze)<\/strong>\u00a0&#8222;Spole\u010dnost jsme \u0161\u00edlen\u011b vystra\u0161ili&#8230; Testujeme tis\u00edce lid\u00ed denn\u011b, stoj\u00ed to t\u0159i \u010dtvrt\u011b miliardy m\u011bs\u00ed\u010dn\u011b a v\u00fdsledkem je 71 pacient\u016f v t\u011b\u017ek\u00e9m stavu, u n\u00e1s je jich \u0161est, maj\u00ed spoustu rizikov\u00fdch faktor\u016f, \u0159\u00edk\u00e1m tomu intenzivn\u00ed obezitologie&#8230; Ch\u0159ipka dok\u00e1\u017ee b\u00fdt destruktivn\u011bj\u0161\u00ed ne\u017e koronavirus&#8220;.<\/p>\n<p><strong>Prof. MUDr. Ji\u0159\u00ed Bene\u0161, CSc. ,(p\u0159ednosta Kliniky infek\u010dn\u00edch nemoc\u00ed 3. LF v Nemocnici Na Bulovce):<\/strong>\u00a0&#8222;Podle na\u0161ich dosavadn\u00edch epidemiologick\u00fdch \u00fadaj\u016f se koronavirus chov\u00e1 v podstat\u011b stejn\u011b jako ch\u0159ipka, dokonce mo\u017en\u00e1 m\u00edrn\u011bji\u201c.<\/p>\n<p><strong>Prof. MUDr. Jan Pirk, DrSc. (p\u0159ednosta kardiocentra IKEM):<\/strong>\u00a0Na ot\u00e1zku, \u017ee n\u011bkte\u0159\u00ed lid\u00e9 promo\u0159ov\u00e1n\u00ed odm\u00edtaj\u00ed s t\u00edm, \u017ee po prod\u011bl\u00e1n\u00ed koronaviru protil\u00e1tky nez\u016fstanou dlouho v t\u011ble, tak\u017ee by n\u00e1m promo\u0159ov\u00e1n\u00ed nepomohlo, odpov\u011bd\u011bl: \u201eTo m\u016f\u017ee \u0159\u00edci jen nezasv\u011bcen\u00fd hlup\u00e1k. Protil\u00e1tky samoz\u0159ejm\u011b nez\u016fstanou, kdy\u017e u\u017e \u010dlov\u011bk nem\u00e1 infekci. M\u00e1me ale imunitu kr\u00e1tkodobou l\u00e1tkovou a bun\u011b\u010dnou, kter\u00e1 je dlouhodob\u00e1. L\u00e1tkov\u00e1 se objev\u00ed v okam\u017eiku, kdy prod\u011bl\u00e1v\u00e1te infekci, n\u011bjakou dobu p\u0159etrv\u00e1v\u00e1, a pak vymiz\u00ed. Pro\u010d by ji \u010dlov\u011bk d\u00e1l produkoval, kdy\u017e mu nic nen\u00ed? T-lymfocyty u\u017e ale maj\u00ed obtisknutou RNA viru \u010di bakterie a kdy\u017e se znovu objev\u00ed, op\u011bt zprost\u0159edkuj\u00ed v\u00fdrobu protil\u00e1tek. Nech\u00e1pu, pro\u010d tohle nikdo ne\u0159ekne (?!)\u201c MUDr. Hana Roh\u00e1\u010dov\u00e1, Ph.D (Klinika infek\u010dn\u00edch, parazit\u00e1rn\u00edch a tropick\u00fdch nemoc\u00ed z Bulovky): &#8222;Obt\u00ed\u017ee poci\u0165uje asi 10% naka\u017een\u00fdch. \u00damrtnost je st\u00e1le stejn\u011b n\u00edzk\u00e1 (max 1%, v re\u00e1lu asi i m\u00e9n\u011b). To m\u00e1 k nemoci, kter\u00e1 \u00fadajn\u011b ohro\u017euje existenci lidstva, daleko&#8230;.&#8220;<\/p>\n<p><strong>Prof. MUDr. Jan \u017daloud\u00edk (l\u00e9ka\u0159, sen\u00e1tor a m\u00edstop\u0159edseda V\u00fdboru pro zdravotnictv\u00ed a soci\u00e1ln\u00ed politiku Sen\u00e1tu P\u010cR):<\/strong>\u00a0\u201cMysl\u00edm ,\u017ee mus\u00edme odli\u0161it zrno od plev. Zjistit kdo, jak, co a pro\u010d hl\u00e1s\u00e1 a nastavit si norm\u00e1ln\u00ed medic\u00ednsk\u00e1 krit\u00e9ria na to, pro\u010d testujeme pozitivitu u zdrav\u00fdch lid\u00ed?! Co testujeme? P\u0159\u00edtomnost aktivn\u00edho viru, neaktivn\u00edho viru, kusu RNA? A v\u0161ude stejn\u011b? PCR kvantitativn\u011b s hodnocen\u00edm i n\u00e1lo\u017ee viru?<\/p>\n<p><strong>Prof. RNDr. Ladislav Du\u0161ek, Ph.D., (\u0159editel \u00dastavu zdravotnick\u00fdch informac\u00ed a statistiky (\u00daZIS) a vedouc\u00ed Institutu biostatistiky a anal\u00fdz na Masarykov\u011b univerzit\u011b v Brn\u011b):<\/strong>\u00a0&#8222;Nechci to bagatelizovat, ale je vlastn\u011b jedno, jestli m\u00e1me ka\u017ed\u00fd den pozitivn\u011b diagnostikovan\u00fdch 200, 500, nebo 600 lid\u00ed. A to proto, \u017ee drtiv\u00e1 v\u011bt\u0161ina nyn\u00ed nov\u011b diagnostikovan\u00fdch jsou lid\u00e9, kte\u0159\u00ed nemaj\u00ed \u017e\u00e1dn\u00e9 p\u0159\u00edznaky nebo maj\u00ed jen velmi lehk\u00fd pr\u016fb\u011bh nemoci. Vlastn\u011b se o nich d\u00e1 \u0159\u00edct, \u017ee nejsou nemocn\u00ed.&#8220;<\/p>\n<p><strong>Prof. MUDr. Tom\u00e1\u0161 Zima (rektor Karlovy univerzity v Praze):<\/strong>\u00a0\u201cVad\u00ed mi neust\u00e1l\u00e9 koronavirov\u00e9 stra\u0161en\u00ed&#8230; Hlavn\u011b nepanika\u0159it a vr\u00e1tit \u017eivot do norm\u00e1ln\u00edch kolej\u00ed. Vir tu zkr\u00e1tka je a my se s n\u00edm mus\u00edme nau\u010dit \u017e\u00edt. Ve\u0159ejnost by se m\u011bla zklidnit, nikoli b\u00fdt vystavena stra\u0161en\u00ed&#8230;. Ur\u010dit\u011b si \u0159ekn\u011bme, \u017ee p\u0159ijdou onemocn\u011bn\u00ed, je\u017e budou m\u00edt stejn\u00e9 p\u0159\u00edznaky jako infekce SARS-CoV-2 nebo nemoc covid-19. Budete smrkat, k\u00fdchat, budete m\u00edt m\u00edrnou teplotu. To s podzimn\u00edmi m\u011bs\u00edci prost\u011b nast\u00e1v\u00e1 a v\u011bt\u0161inou se na tom tak\u00e9 pod\u00edlej\u00ed koronaviry, i kdy\u017e jin\u00e9ho typu. Vypukne panika?!\u201c<\/p>\n<p><strong>MUDr. Hana Zelen\u00e1, Ph.D. (virolo\u017eka, vedouc\u00ed odd\u011blen\u00ed mikrobiologie n\u00e1rodn\u00ed ref. laborato\u0159e pro arboviry):<\/strong>\u00a0&#8222;\u00dadaje o vyl\u00e9\u010den\u00fdch jsou chybn\u00e9, \u010d\u00edsla nehraj\u00ed&#8230;. Kdy\u017e je n\u011bkdo vyl\u00e9\u010den\u00fd, tak p\u0159edpokl\u00e1d\u00e1me, \u017ee byl tak\u00e9 nemocn\u00fd&#8230;.. V\u011bt\u0161ina pozitivn\u011b testovan\u00fdch ale \u017e\u00e1dnou nemoc nem\u011bla. Pozitivn\u00ed test nav\u00edc neznamen\u00e1, \u017ee jste naka\u017een\u00fd nebo infek\u010dn\u00ed. Koronavirus se te\u010f chov\u00e1 jako kter\u00fdkoliv jin\u00fd respira\u010dn\u00ed virus&#8230;.O\u010dkovat bych se nenechala, nejsem p\u0159esv\u011bd\u010den\u00e1 o bezpe\u010dnosti vakc\u00edny, je vyv\u00edjena pod velk\u00fdm tlakem.<\/p>\n<p><strong>MUDr. Radan Goc\u00e1l, internista:<\/strong>\u00a0Na spole\u010dnost Pfizer byl u\u010din\u011bn, zda je schopna sd\u011blit ne\u017e\u00e1douc\u00ed \u00fa\u010dinky. Ta odpov\u011bd\u011bla, \u017ee prvn\u00ed studie budou dokon\u010deny a\u017e v roce 2023. Znamen\u00e1 to, \u017ee vakc\u00edny jsou st\u00e1le schv\u00e1leny jen v tz. nouzov\u00e9m re\u017eimu, studie budou pr\u00fd u Pfizeru a Moderny dokon\u010deny na konci roku 2023. Je ot\u00e1zkou l\u00e9ka\u0159sk\u00e9 etiky lidem o ne\u017e\u00e1douc\u00edch \u00fa\u010dinc\u00edch \u0159\u00edct.<\/p>\n<p>Kr\u00e1tkodob\u00e9 jsou u\u017e \u010d\u00e1ste\u010dn\u011b zn\u00e1my z dat z Izraele \u010di z Velk\u00e9 Brit\u00e1nie a USA. Nap\u0159\u00edklad v americk\u00e9m syst\u00e9mu VAERS, kter\u00fd shroma\u017e\u010fuje data o negativn\u00edch reakc\u00edch na vakc\u00edny. Jenom ve VAERS bylo do konce \u010dervence hl\u00e1\u0161eno asi 5000 z\u00e1va\u017en\u00fdch onemocn\u011bn\u00ed nervov\u00e9 paral\u00fdzy, kter\u00e9 jsou velice v\u00e1\u017en\u00e9, s nutnost\u00ed hospitalizace, n\u011bkter\u00e9 kon\u010d\u00ed i smrt\u00ed,\u201c uvedl doktor Goc\u00e1l a dodal, \u017ee se jedn\u00e1 o ofici\u00e1ln\u011b zji\u0161t\u011bn\u00e9 a dohledateln\u00e9 informace.<\/p>\n<p>Realita je vystra\u0161en\u00fd a z \u010d\u00e1sti diskriminovn\u00fd n\u00e1rod a co d\u00e1l? N\u00e1zor si ud\u011blejte ka\u017ed\u00fd s\u00e1m. V\u0161ichni ostatn\u00ed, kte\u0159\u00ed nal\u00e9haj\u00ed na nutnost se nechat o\u010dkovat, sleduj\u00ed jin\u00e9 z\u00e1jmy, ne\u017e (pochybnou) efektivitu z o\u010dkov\u00e1n\u00ed. Nebo\u0165 v\u0161echno co \u010din\u00ed, \u010din\u00ed navzdory v\u00fd\u0161e citovan\u00fdm n\u00e1zor\u016fm a stanovisek lid\u00ed, o kter\u00fdch nelze pochybovat \u017ee v\u011bd\u00ed, pro\u010d to \u0159\u00edkaj\u00ed.<\/p>\n<p>P\u0159esto se p\u0159\u00edstup a \u0159e\u0161en\u00ed ministerstva zdravotnictv\u00ed v \u010dele s ministrem Adamem Vojt\u011bchem (Mgr. et Mgr., MHA, politik, pr\u00e1vn\u00edk, b\u00fdval\u00fd poradce, zp\u011bv\u00e1k a hudebn\u00ed skladatel atd., tedy v\u0161echno, jen ne vystudovan\u00fd MUDr.) nic nem\u011bn\u00ed, kr\u00e9do: o\u010dkovat, o\u010dkovat, o\u010dkovat, Ud\u011blejme Te\u010dku sotva n\u011bkoho spas\u00ed, nicm\u00e9n\u011b navzdory v\u0161em negac\u00edm, kter\u00e9 se praktikuj\u00ed plat\u00ed, \u017ee zdrav\u00ed m\u00e1me jen jedno a proto d\u011blejme tak, abychom si jej co nejv\u00edce chr\u00e1nili.<\/p>\n<p>Ji\u0159\u00ed Ba\u0165a<\/p>\n<p><img decoding=\"async\" loading=\"lazy\" class=\"alignnone  wp-image-1539\" src=\"http:\/\/www.infokuryr.cz\/n\/wp-content\/uploads\/2021\/05\/jiri-bata-225x300.jpg\" alt=\"\" width=\"180\" height=\"240\" srcset=\"https:\/\/www.infokuryr.cz\/n\/wp-content\/uploads\/2021\/05\/jiri-bata-225x300.jpg 225w, https:\/\/www.infokuryr.cz\/n\/wp-content\/uploads\/2021\/05\/jiri-bata.jpg 280w\" sizes=\"(max-width: 180px) 100vw, 180px\" \/><\/p>\n<p>&nbsp;<\/p>\n<p>&nbsp;<\/p>\n","protected":false},"excerpt":{"rendered":"<p>Slova do rva\u010dky neznamenaj\u00ed nic v\u00edc ne\u017e slova, za kter\u00e9 se vyplat\u00ed t\u0159eba porvat se&#8230;<\/p>\n","protected":false},"author":2,"featured_media":3283,"comment_status":"closed","ping_status":"closed","sticky":false,"template":"","format":"standard","meta":[],"categories":[6],"tags":[23,29,213,46],"_links":{"self":[{"href":"https:\/\/www.infokuryr.cz\/n\/wp-json\/wp\/v2\/posts\/5883"}],"collection":[{"href":"https:\/\/www.infokuryr.cz\/n\/wp-json\/wp\/v2\/posts"}],"about":[{"href":"https:\/\/www.infokuryr.cz\/n\/wp-json\/wp\/v2\/types\/post"}],"author":[{"embeddable":true,"href":"https:\/\/www.infokuryr.cz\/n\/wp-json\/wp\/v2\/users\/2"}],"replies":[{"embeddable":true,"href":"https:\/\/www.infokuryr.cz\/n\/wp-json\/wp\/v2\/comments?post=5883"}],"version-history":[{"count":0,"href":"https:\/\/www.infokuryr.cz\/n\/wp-json\/wp\/v2\/posts\/5883\/revisions"}],"wp:featuredmedia":[{"embeddable":true,"href":"https:\/\/www.infokuryr.cz\/n\/wp-json\/wp\/v2\/media\/3283"}],"wp:attachment":[{"href":"https:\/\/www.infokuryr.cz\/n\/wp-json\/wp\/v2\/media?parent=5883"}],"wp:term":[{"taxonomy":"category","embeddable":true,"href":"https:\/\/www.infokuryr.cz\/n\/wp-json\/wp\/v2\/categories?post=5883"},{"taxonomy":"post_tag","embeddable":true,"href":"https:\/\/www.infokuryr.cz\/n\/wp-json\/wp\/v2\/tags?post=5883"}],"curies":[{"name":"wp","href":"https:\/\/api.w.org\/{rel}","templated":true}]}}