{"id":5882,"date":"2021-11-03T04:08:51","date_gmt":"2021-11-03T03:08:51","guid":{"rendered":"http:\/\/www.infokuryr.cz\/n\/?p=5882"},"modified":"2021-11-03T04:08:51","modified_gmt":"2021-11-03T03:08:51","slug":"rozhovor-se-slecnou-ve-fronte-na-tecku","status":"publish","type":"post","link":"https:\/\/www.infokuryr.cz\/n\/2021\/11\/03\/rozhovor-se-slecnou-ve-fronte-na-tecku\/","title":{"rendered":"ROZHOVOR SE SLE\u010cNOU VE FRONT\u011a NA TE\u010cKU"},"content":{"rendered":"<div id=\"fb-root\"><\/div>\n<p>Smutn\u011b jsem se d\u00edvala na lidi ve front\u011b na te\u010dku. Je a\u017e d\u011bsiv\u00e9, jak stoj\u00ed p\u011bkn\u011b za sebou, i kdy\u017e bylo z\u0159ejm\u00e9, \u017ee n\u011bkte\u0159\u00ed p\u0159i\u0161li spolu. Zhruba 10 minut jsem st\u00e1la na schodech k toalet\u00e1m a sledovala jejich chov\u00e1n\u00ed.<\/p>\n<p>Ti lid\u00e9 jsou odevzdan\u00ed. \u017d\u00e1dn\u00e1 radost, \u017ee si jdou ochr\u00e1nit zdrav\u00ed. Jsou tam pod n\u00e1tlakem, zahn\u00e1ni do kouta a z donucen\u00ed.<\/p>\n<p>Ta t\u00e9m\u011b\u0159 dokonal\u00e1 \u0159ada p\u011bkn\u011b za sebou mne vr\u00e1tila my\u0161lenkami do dokument\u00e1rn\u00edch film\u016f zachycuj\u00edc\u00edch fronty na vlaky. Je v tom n\u011bjak\u00fd rozd\u00edl? Tito lid\u00e9 tak\u00e9 v\u016fbec netu\u0161\u00ed, kam je to zavede, a co s nimi bude v dal\u0161\u00edch dnech.<\/p>\n<p>Jen slep\u011b v\u011b\u0159\u00ed. U vchodu do te\u010dky st\u00e1la sympatick\u00e1 drobn\u00e1 \u010dernovlas\u00e1 sle\u010dna, v ruce desky s klipem a vypl\u0148ovala pot\u0159ebn\u00fd dotazn\u00edk.<\/p>\n<p>J\u00e1: &#8222;dobr\u00fd den, mohla bych V\u00e1m nahl\u00e9dnout pod ruku a pod\u00edvat se, co to vypl\u0148ujete?&#8220;<br \/>\nSle\u010dna: &#8222;To je dotazn\u00edk, kter\u00fd p\u0159edaj\u00ed i V\u00e1m, a\u017e se dostanete na \u0159adu.&#8220;<br \/>\nJ: &#8220; V\u00edte, j\u00e1 se o\u010dkovat nenech\u00e1m, nev\u011b\u0159\u00edm t\u00e9 \u0161makul\u00e1d\u011b a \u017e\u00e1dn\u00e9 nemoci se neboj\u00edm. Nejsem z Prahy a cht\u011bla jsem se p\u0159esv\u011bd\u010dit, \u017ee ty fronty v TV nejsou komparz.&#8220;<br \/>\nS: &#8222;J\u00e1 tak\u00e9 nejsem z Prahy. P\u0159ijela jsem se nao\u010dkovat. J\u00e1 se \u017e\u00e1dn\u00e9 nemoci tak\u00e9 neboj\u00edm. Ale od z\u00edtra u\u017e v\u0161echno zp\u0159\u00eds\u0148uj\u00ed, v\u0161ude cht\u011bj\u00ed testy, te\u010f si je budu hradit a to si nemohu dovolit. Bez test\u016f nebo o\u010dkov\u00e1n\u00ed u\u017e se nikam nedostanete. Dote\u010f to \u0161lo, ale od z\u00edtra u\u017e to bude jin\u00e9.&#8220;<br \/>\nJ: &#8222;A to v\u00e1m nep\u0159ipad\u00e1 divn\u00e9? Vy se neboj\u00edte, \u017ee by to bylo nebezpe\u010dn\u00e9 a cel\u00fd ten tlak na o\u010dko je zav\u00e1d\u011bj\u00edc\u00ed?&#8220;<br \/>\nS: &#8222;Jen\u017ee s t\u00edm se ned\u00e1 nic d\u011blat a j\u00e1 chci m\u00edt klid. Nemohu nikde l\u00edtat po testech a je\u0161t\u011b si je platit. Sly\u0161ela jsem, \u017ee hroz\u00ed neplodnost. Ale nev\u011b\u0159\u00edm tomu. Pro\u010d by toto n\u011bkdo cht\u011bl a lidem ubli\u017eoval?&#8220;<br \/>\nJ: &#8222;A co kdy\u017e p\u0159ijde moment a vy zjist\u00edte, \u017ee jste si nechala p\u00edchnout n\u011bco nebezpe\u010dn\u00e9ho?&#8220;<br \/>\nS: &#8222;J\u00e1 jsem mlad\u00e1 a zdrav\u00e1, mn\u011b se nic nem\u016f\u017ee st\u00e1t.&#8220;<br \/>\nJ: &#8222;Kouk\u00e1m, \u017ee dotazn\u00edk mus\u00edte podepsat. \u010cetla jsem, \u017ee podpisem zbavujete ostatn\u00ed zodpov\u011bdnosti, kdybyste m\u011bla ne\u017e\u00e1douc\u00ed \u00fa\u010dinky a t\u00edm se ochuzujete o p\u0159\u00edpadn\u00e9 kompenzace.&#8220;<br \/>\nS: &#8222;Tak j\u00e1 to nepodep\u00ed\u0161u a zept\u00e1m se na to vevnit\u0159.&#8220;<\/p>\n<p>Pop\u0159\u00e1la jsem sle\u010dn\u011b hodn\u011b \u0161t\u011bst\u00ed a p\u0159\u00edjemn\u00fd zbytek dne. Jestli n\u011bco skute\u010dn\u011b \u0159ekla, co j\u00ed odpov\u011bd\u011bli a jak to dopadlo, u\u017e se nikdy nedov\u00edm. Sle\u010dnu jsem necht\u011bla stra\u0161it p\u0159\u00edpady mlad\u00fdch lid\u00ed z m\u00e9ho okol\u00ed s v\u00e1\u017en\u00fdmi ne\u017e\u00e1douc\u00edmi \u00fa\u010dinky.<\/p>\n<p>Nev\u011b\u0159ila by mi. Ona byla p\u0159esv\u011bd\u010den\u00e1, \u017ee si jde pro v\u00fdchodisko. Nikdo by j\u00ed p\u0159eci necht\u011bl ubl\u00ed\u017eit. V ten moment dal security tmav\u0161\u00ed pleti pokyn, \u017ee mohou j\u00edt dovnit\u0159 dal\u0161\u00ed. \u0160li. P\u011bkn\u011b v \u0159ad\u011b za sebou. Dal\u0161\u00edch p\u011bt.<\/p>\n<p>D\u00edvala jsem se t\u011bm lidem do o\u010d\u00ed. Byli ode m\u011b na p\u016fl metru. Pak jsem \u0161la pod\u00e9l fronty ven. Oni v t\u011bch o\u010d\u00edch nemaj\u00ed \u017e\u00e1dnou jiskru. Dostali je. A nikomu (ani securi\u0165\u00e1kovi) na mn\u011b nebylo nic divn\u00e9. Byla jsem bez n\u00e1hubku a na bund\u011b \u010ditelnou placku.<\/p>\n<p>&#8222;NENECH SE ZASTRA\u0160IT, VYSTUP Z \u0158ADY&#8220;<\/p>\n<p>Lidi\u010dky, vy se dr\u017ete. Vy v\u00edte, jak se v\u011bci maj\u00ed. Vy m\u00e1te jiskru v o\u010d\u00edch, neodevzdali jste se.\u00a0 Od z\u00edtra se nic nem\u011bn\u00ed. Je to jen dal\u0161\u00ed nez\u00e1konn\u00e9 na\u0159\u00edzen\u00ed, a jako i ta p\u0159edchoz\u00ed nebude v\u011bt\u0161ina lid\u00ed dodr\u017eovat.<\/p>\n<p>Dokonce na V\u00e1clav\u00e1ku v mal\u00fdch obch\u016fdc\u00edch lid\u00e9 bez respir\u00e1tor\u016f, prodava\u010di tak\u00e9. V restaurac\u00edch tak\u00e9. Ve v\u011bt\u0161\u00edch obchodech to m\u011blo dost lid\u00ed pod nosem. V Primarku ve vchod\u011b ob\u00e9zn\u00ed sekuri\u0165\u00e1k, 2x za tu chvilku, co jsem nakukovala, st\u00e1hl respir\u00e1tor a pro\u0161\u0165oural se prstem v nose.<\/p>\n<p>A je\u0161t\u011b p\u0159id\u00e1m obr\u00e1zek z metra. Mlad\u00fd mu\u017e cca 30 let si st\u00e1hnul respir\u00e1tor, p\u00e1r sekund si okusoval nehty a pak si ho zase nasadil. V\u0161ichni do jednoho (na koho jsem dohl\u00e9dla) se minim\u00e1ln\u011b jednou za t\u011bch 20 minut, co jsem metrem jela, respir\u00e1toru dotkli.<\/p>\n<p>Pak m\u011b ty nevra\u017eiv\u00e9 pohledy n\u011bkter\u00fdch opravdu bav\u00ed<\/p>\n<p>Na Florenci nastoupil mlad\u00edk s buldo\u010dkem. Mlad\u00edk m\u011bl n\u00e1hubek, pejsek ne. Jak jsem sed\u011bla, m\u011bla jsem pejska na p\u00e1r cm od sebe. Zad\u00edvala jsem se na n\u011bj. Asi m\u011bl radost, \u017ee vid\u00ed obli\u010dej. Sko\u010dil mi p\u0159edn\u00edmi tlapkami na stehna. Mlad\u00edk se za\u010dal omlouvat. \u0158ekla jsem mu, \u017ee nem\u00e1 za co. Zv\u00ed\u0159ata v\u017edy um\u00ed vyc\u00edtit du\u0161i \u010dlov\u011bka. Ten pejsek v\u011bd\u011bl, \u017ee se nebudu zlobit a je\u0161t\u011b vyhr\u00e1l pohlazen\u00ed. Asi za\u010dnu sepisovat &#8222;P\u0159\u00edb\u011bhy z metra v dob\u011b kovid\u00ed&#8220;.<\/p>\n<p><strong>Lenka Tarabov\u00e1<\/strong><\/p>\n<p>&nbsp;<\/p>\n","protected":false},"excerpt":{"rendered":"<p>Smutn\u011b jsem se d\u00edvala na lidi ve front\u011b na te\u010dku. Je a\u017e d\u011bsiv\u00e9, jak stoj\u00ed&#8230;<\/p>\n","protected":false},"author":2,"featured_media":2279,"comment_status":"closed","ping_status":"closed","sticky":false,"template":"","format":"standard","meta":[],"categories":[6],"tags":[23,1052],"_links":{"self":[{"href":"https:\/\/www.infokuryr.cz\/n\/wp-json\/wp\/v2\/posts\/5882"}],"collection":[{"href":"https:\/\/www.infokuryr.cz\/n\/wp-json\/wp\/v2\/posts"}],"about":[{"href":"https:\/\/www.infokuryr.cz\/n\/wp-json\/wp\/v2\/types\/post"}],"author":[{"embeddable":true,"href":"https:\/\/www.infokuryr.cz\/n\/wp-json\/wp\/v2\/users\/2"}],"replies":[{"embeddable":true,"href":"https:\/\/www.infokuryr.cz\/n\/wp-json\/wp\/v2\/comments?post=5882"}],"version-history":[{"count":0,"href":"https:\/\/www.infokuryr.cz\/n\/wp-json\/wp\/v2\/posts\/5882\/revisions"}],"wp:featuredmedia":[{"embeddable":true,"href":"https:\/\/www.infokuryr.cz\/n\/wp-json\/wp\/v2\/media\/2279"}],"wp:attachment":[{"href":"https:\/\/www.infokuryr.cz\/n\/wp-json\/wp\/v2\/media?parent=5882"}],"wp:term":[{"taxonomy":"category","embeddable":true,"href":"https:\/\/www.infokuryr.cz\/n\/wp-json\/wp\/v2\/categories?post=5882"},{"taxonomy":"post_tag","embeddable":true,"href":"https:\/\/www.infokuryr.cz\/n\/wp-json\/wp\/v2\/tags?post=5882"}],"curies":[{"name":"wp","href":"https:\/\/api.w.org\/{rel}","templated":true}]}}