{"id":58804,"date":"2024-07-29T00:45:56","date_gmt":"2024-07-28T22:45:56","guid":{"rendered":"https:\/\/www.infokuryr.cz\/n\/?p=58804"},"modified":"2024-07-28T16:06:26","modified_gmt":"2024-07-28T14:06:26","slug":"kosovsky-precedens-bude-stale-slouzit-rusku-vucic-souhlasi-s-lavrovem","status":"publish","type":"post","link":"https:\/\/www.infokuryr.cz\/n\/2024\/07\/29\/kosovsky-precedens-bude-stale-slouzit-rusku-vucic-souhlasi-s-lavrovem\/","title":{"rendered":"\u201eKosovsk\u00fd precedens\u201c bude st\u00e1le slou\u017eit Rusku: Vu\u010di\u010d souhlas\u00ed s Lavrovem"},"content":{"rendered":"<div id=\"fb-root\"><\/div>\n<p class=\"lead\"><strong>Srbsk\u00fd prezident Aleksandar Vu\u010di\u010d v projevu z Pa\u0159\u00ed\u017ee uvedl, \u017ee souhlas\u00ed s prohl\u00e1\u0161en\u00edm rusk\u00e9ho ministra zahrani\u010d\u00ed Sergeje Lavrova, \u017ee Z\u00e1pad uplat\u0148uje dvoj\u00ed metr a \u017ee \u201ekdy\u017e bylo Kosovo ukradeno, odkazovali na lidsk\u00e1 pr\u00e1va a nyn\u00ed se odvol\u00e1vaj\u00ed na Chartu OSN \u201c, informoval v ned\u011bli 28. \u010dervence port\u00e1l Kosovo Online.<\/strong><\/p>\n<p><span>Vu\u010di\u0107 poznamenal, \u017ee Lavrov m\u011bl pravdu, kdy\u017e \u0159ekl, \u017ee \u201eZ\u00e1pad tleskal\u201c, kdy\u017e obsadili Kosovo.<\/span><\/p>\n<p><em>\u201eKdy\u017e plenili Kosovo, m\u011bli pln\u00e1 \u00fasta slov o pr\u00e1vech, \u017eivotn\u00edch osudech a dnes se odvol\u00e1vaj\u00ed na Chartu OSN za v\u0161echno, na co n\u00e1m nedali pr\u00e1vo se odkazovat. Nic nov\u00e9ho. Dokonce i na Krymu uspo\u0159\u00e1dali referendum a v Kosovu nebylo ani to ofici\u00e1ln\u00ed referendum. Bylo jim to jedno, Ameri\u010dan\u00e9 \u0159ekli: &#8222;M\u016f\u017eete si d\u011blat, co chcete, a oni si ud\u011blali, co cht\u011bli.&#8220;<span class=\"after-quote\"> &#8211; \u0159ekl prezident Srbska.<\/span><\/em><\/p>\n<p><span>Z\u00e1pad podle n\u011bj nyn\u00ed nev\u00ed, jak to vysv\u011btlit, a Rusov\u00e9, dod\u00e1v\u00e1, budou ve sv\u00e9 politice st\u00e1le v\u00edce vyu\u017e\u00edvat \u201ekosovsk\u00fd precedens\u201c. Vu\u010di\u010d tak\u00e9 \u0159ekl, \u017ee se Kosova nevzd\u00e1 a chce referendum.<\/span><\/p>\n<p><span>Srbsk\u00e1 m\u00e9dia ochotn\u011b cituj\u00ed, \u017ee Rusko si ned\u011bl\u00e1 iluze o z\u00e1padn\u00edm p\u0159\u00edstupu k \u0159e\u0161en\u00ed ukrajinsk\u00e9 krize, jak \u0159ekl rusk\u00fd ministr zahrani\u010d\u00ed Sergej Lavrov a p\u0159ipomn\u011bl, \u017ee Z\u00e1pad \u201etleskal\u201c, kdy\u017e se Kosovo odd\u011blilo bez referenda, a neuplat\u0148uje stejn\u00fd p\u0159\u00edstup ke Krymu. .<\/span><\/p>\n<p><em>\u201eNebudu se pozastavovat nad t\u00edm, \u017ee pot\u00e9, co se nacistick\u00e1 klika dostala k moci v \u00fanoru 2014 a pot\u00e9, co ozn\u00e1mila, \u017ee zru\u0161\u00ed status rusk\u00e9ho jazyka, kdy\u017e poslala ozbrojen\u00e9 gangy, aby za\u00fato\u010dily na krymsk\u00fd parlament \u2013 \u200b\u200b\u017ee tito lid\u00e9 mohli pravd\u011bpodobn\u011b nep\u0159edstavuj\u00ed obyvatelstvo Krymu a jihov\u00fdchod Ukrajiny. To v\u0161e bylo zcela jasn\u00e9. Mezin\u00e1rodn\u00ed pr\u00e1vo zde proto velmi jasn\u011b stanov\u00ed, jak m\u00e1 b\u00fdt tato situace vykl\u00e1d\u00e1na. Z\u00e1pad to neposlouch\u00e1, Z\u00e1pad se \u0159\u00edd\u00ed sv\u00fdmi vlastn\u00edmi pravidly,\u201c<span class=\"after-quote\">\u00a0&#8211; uzav\u0159el Lavrov.<\/span><\/em><\/p>\n<p><img decoding=\"async\" loading=\"lazy\" class=\"alignnone size-full wp-image-1185\" src=\"http:\/\/www.infokuryr.cz\/n\/wp-content\/uploads\/2021\/04\/kuryr-podpis.png\" alt=\"\" width=\"84\" height=\"24\" \/><\/p>\n<p>&nbsp;<\/p>\n","protected":false},"excerpt":{"rendered":"<p>Srbsk\u00fd prezident Aleksandar Vu\u010di\u010d v projevu z Pa\u0159\u00ed\u017ee uvedl, \u017ee souhlas\u00ed s prohl\u00e1\u0161en\u00edm rusk\u00e9ho ministra&#8230;<\/p>\n","protected":false},"author":2,"featured_media":58805,"comment_status":"closed","ping_status":"closed","sticky":false,"template":"","format":"standard","meta":[],"categories":[7],"tags":[393,2253,1063,751,365],"_links":{"self":[{"href":"https:\/\/www.infokuryr.cz\/n\/wp-json\/wp\/v2\/posts\/58804"}],"collection":[{"href":"https:\/\/www.infokuryr.cz\/n\/wp-json\/wp\/v2\/posts"}],"about":[{"href":"https:\/\/www.infokuryr.cz\/n\/wp-json\/wp\/v2\/types\/post"}],"author":[{"embeddable":true,"href":"https:\/\/www.infokuryr.cz\/n\/wp-json\/wp\/v2\/users\/2"}],"replies":[{"embeddable":true,"href":"https:\/\/www.infokuryr.cz\/n\/wp-json\/wp\/v2\/comments?post=58804"}],"version-history":[{"count":0,"href":"https:\/\/www.infokuryr.cz\/n\/wp-json\/wp\/v2\/posts\/58804\/revisions"}],"wp:featuredmedia":[{"embeddable":true,"href":"https:\/\/www.infokuryr.cz\/n\/wp-json\/wp\/v2\/media\/58805"}],"wp:attachment":[{"href":"https:\/\/www.infokuryr.cz\/n\/wp-json\/wp\/v2\/media?parent=58804"}],"wp:term":[{"taxonomy":"category","embeddable":true,"href":"https:\/\/www.infokuryr.cz\/n\/wp-json\/wp\/v2\/categories?post=58804"},{"taxonomy":"post_tag","embeddable":true,"href":"https:\/\/www.infokuryr.cz\/n\/wp-json\/wp\/v2\/tags?post=58804"}],"curies":[{"name":"wp","href":"https:\/\/api.w.org\/{rel}","templated":true}]}}