{"id":58766,"date":"2024-07-28T05:44:01","date_gmt":"2024-07-28T03:44:01","guid":{"rendered":"https:\/\/www.infokuryr.cz\/n\/?p=58766"},"modified":"2024-07-28T05:44:01","modified_gmt":"2024-07-28T03:44:01","slug":"izrael-bombarduje-cile-v-libanonu","status":"publish","type":"post","link":"https:\/\/www.infokuryr.cz\/n\/2024\/07\/28\/izrael-bombarduje-cile-v-libanonu\/","title":{"rendered":"Izrael bombarduje c\u00edle v Libanonu"},"content":{"rendered":"<div id=\"fb-root\"><\/div>\n<p><span style=\"font-size: 18pt;\"><strong>Jsou hl\u00e1\u0161en\u00e9 n\u00e1lety, kter\u00e9 p\u0159i\u0161ly pot\u00e9, co Izrael obvinil Hizball\u00e1h ze zabit\u00ed 12 civilist\u016f na Golansk\u00fdch v\u00fd\u0161in\u00e1ch<\/strong><\/span><\/p>\n<p><span>Izraelsk\u00e9 obrann\u00e9 s\u00edly (IDF) \u00fadajn\u011b provedly n\u00e1lety na n\u011bkolik c\u00edl\u016f v ji\u017en\u00edm Libanonu, informovalo v ned\u011bli v rann\u00edch hodin\u00e1ch n\u011bkolik zpr\u00e1v.<\/span><\/p>\n<p><span>Izrael\u0161t\u00ed p\u0159edstavitel\u00e9 d\u0159\u00edve sl\u00edbili odvetu pot\u00e9, co p\u0159i dopadu rakety na fotbalov\u00e9 h\u0159i\u0161t\u011b na okupovan\u00fdch Golansk\u00fdch v\u00fd\u0161in\u00e1ch zahynulo 12 lid\u00ed.\u00a0<\/span><strong><br \/>\n<\/strong><\/p>\n<p><span>Podle Al-D\u017eaz\u00edry byly sly\u0161et v\u00fdbuchy v pob\u0159e\u017en\u00edm m\u011bst\u011b Tyre a n\u011bkolika vesnic\u00edch pod\u00e9l izraelsko-libanonsk\u00e9 hranice.<\/span><\/p>\n<p><span>Nap\u011bt\u00ed se rozho\u0159elo v sobotu, kdy\u017e raketa zas\u00e1hla dr\u00fazskou vesnici Majdal Shams. Izraelsk\u00e1 vl\u00e1da obvinila z \u00fatoku, jeho\u017e ob\u011b\u0165mi byly p\u0159ev\u00e1\u017en\u011b d\u011bti, Hizball\u00e1h. Libanonsk\u00e1 propalestinsk\u00e1 ozbrojen\u00e1 skupina v\u0161ak obvin\u011bn\u00ed odm\u00edtla.<\/span><\/p>\n<p><span>Izrael\u0161t\u00ed politici b\u011bhem dne pronesli d\u016frazn\u00e1 prohl\u00e1\u0161en\u00ed, v nich\u017e odsoudili Hizball\u00e1h, jeho\u017e s\u00edly v solidarit\u011b s Palestinci v Gaze odpaluj\u00ed rakety a minometn\u00e9 gran\u00e1ty na izraelsk\u00e9 vojensk\u00e9 a civiln\u00ed c\u00edle.\u00a0<\/span><\/p>\n<p><em><span>\u201eNen\u00ed pochyb o tom, \u017ee Hizball\u00e1h p\u0159ekro\u010dil v\u0161echny \u010derven\u00e9 \u010d\u00e1ry,\u201c<\/span><\/em><span>\u00a0\u0159ekl izraelsk\u00fd ministr zahrani\u010d\u00ed Israel Katz a varoval, \u017ee zem\u011b je na pokraji\u00a0\u00a0<\/span><em><span>\u201etot\u00e1ln\u00ed v\u00e1lky\u201c<\/span><\/em><span>\u00a0s Hizball\u00e1hem v Libanonu.<\/span><\/p>\n<div class=\"rtcode\">\n<div class=\"twitter-tweet twitter-tweet-rendered\"><iframe id=\"twitter-widget-0\" class=\"\" title=\"P\u0159\u00edsp\u011bvek X\" src=\"https:\/\/platform.twitter.com\/embed\/Tweet.html?creatorScreenName=RT_com&amp;dnt=false&amp;embedId=twitter-widget-0&amp;features=eyJ0ZndfdGltZWxpbmVfbGlzdCI6eyJidWNrZXQiOltdLCJ2ZXJzaW9uIjpudWxsfSwidGZ3X2ZvbGxvd2VyX2NvdW50X3N1bnNldCI6eyJidWNrZXQiOnRydWUsInZlcnNpb24iOm51bGx9LCJ0ZndfdHdlZXRfZWRpdF9iYWNrZW5kIjp7ImJ1Y2tldCI6Im9uIiwidmVyc2lvbiI6bnVsbH0sInRmd19yZWZzcmNfc2Vzc2lvbiI6eyJidWNrZXQiOiJvbiIsInZlcnNpb24iOm51bGx9LCJ0ZndfZm9zbnJfc29mdF9pbnRlcnZlbnRpb25zX2VuYWJsZWQiOnsiYnVja2V0Ijoib24iLCJ2ZXJzaW9uIjpudWxsfSwidGZ3X21peGVkX21lZGlhXzE1ODk3Ijp7ImJ1Y2tldCI6InRyZWF0bWVudCIsInZlcnNpb24iOm51bGx9LCJ0ZndfZXhwZXJpbWVudHNfY29va2llX2V4cGlyYXRpb24iOnsiYnVja2V0IjoxMjA5NjAwLCJ2ZXJzaW9uIjpudWxsfSwidGZ3X3Nob3dfYmlyZHdhdGNoX3Bpdm90c19lbmFibGVkIjp7ImJ1Y2tldCI6Im9uIiwidmVyc2lvbiI6bnVsbH0sInRmd19kdXBsaWNhdGVfc2NyaWJlc190b19zZXR0aW5ncyI6eyJidWNrZXQiOiJvbiIsInZlcnNpb24iOm51bGx9LCJ0ZndfdXNlX3Byb2ZpbGVfaW1hZ2Vfc2hhcGVfZW5hYmxlZCI6eyJidWNrZXQiOiJvbiIsInZlcnNpb24iOm51bGx9LCJ0ZndfdmlkZW9faGxzX2R5bmFtaWNfbWFuaWZlc3RzXzE1MDgyIjp7ImJ1Y2tldCI6InRydWVfYml0cmF0ZSIsInZlcnNpb24iOm51bGx9LCJ0ZndfbGVnYWN5X3RpbWVsaW5lX3N1bnNldCI6eyJidWNrZXQiOnRydWUsInZlcnNpb24iOm51bGx9LCJ0ZndfdHdlZXRfZWRpdF9mcm9udGVuZCI6eyJidWNrZXQiOiJvbiIsInZlcnNpb24iOm51bGx9fQ%3D%3D&amp;frame=false&amp;hideCard=false&amp;hideThread=false&amp;id=1817349005635952910&amp;lang=cs&amp;origin=https%3A%2F%2Fswentr.site%2Fnews%2F601751-israel-strikes-lebanon%2F&amp;sessionId=63a2326702b0b8b85a86285126cc07cfeebb2803&amp;siteScreenName=RT_com&amp;theme=light&amp;widgetsVersion=2615f7e52b7e0%3A1702314776716&amp;width=550px\" frameborder=\"0\" scrolling=\"no\" allowfullscreen=\"allowfullscreen\" data-tweet-id=\"1817349005635952910\" data-mce-fragment=\"1\"><\/iframe><\/div>\n<\/div>\n<div class=\"rtcode\">\n<div class=\"twitter-tweet twitter-tweet-rendered\"><iframe id=\"twitter-widget-1\" class=\"\" title=\"P\u0159\u00edsp\u011bvek X\" src=\"https:\/\/platform.twitter.com\/embed\/Tweet.html?creatorScreenName=RT_com&amp;dnt=false&amp;embedId=twitter-widget-1&amp;features=eyJ0ZndfdGltZWxpbmVfbGlzdCI6eyJidWNrZXQiOltdLCJ2ZXJzaW9uIjpudWxsfSwidGZ3X2ZvbGxvd2VyX2NvdW50X3N1bnNldCI6eyJidWNrZXQiOnRydWUsInZlcnNpb24iOm51bGx9LCJ0ZndfdHdlZXRfZWRpdF9iYWNrZW5kIjp7ImJ1Y2tldCI6Im9uIiwidmVyc2lvbiI6bnVsbH0sInRmd19yZWZzcmNfc2Vzc2lvbiI6eyJidWNrZXQiOiJvbiIsInZlcnNpb24iOm51bGx9LCJ0ZndfZm9zbnJfc29mdF9pbnRlcnZlbnRpb25zX2VuYWJsZWQiOnsiYnVja2V0Ijoib24iLCJ2ZXJzaW9uIjpudWxsfSwidGZ3X21peGVkX21lZGlhXzE1ODk3Ijp7ImJ1Y2tldCI6InRyZWF0bWVudCIsInZlcnNpb24iOm51bGx9LCJ0ZndfZXhwZXJpbWVudHNfY29va2llX2V4cGlyYXRpb24iOnsiYnVja2V0IjoxMjA5NjAwLCJ2ZXJzaW9uIjpudWxsfSwidGZ3X3Nob3dfYmlyZHdhdGNoX3Bpdm90c19lbmFibGVkIjp7ImJ1Y2tldCI6Im9uIiwidmVyc2lvbiI6bnVsbH0sInRmd19kdXBsaWNhdGVfc2NyaWJlc190b19zZXR0aW5ncyI6eyJidWNrZXQiOiJvbiIsInZlcnNpb24iOm51bGx9LCJ0ZndfdXNlX3Byb2ZpbGVfaW1hZ2Vfc2hhcGVfZW5hYmxlZCI6eyJidWNrZXQiOiJvbiIsInZlcnNpb24iOm51bGx9LCJ0ZndfdmlkZW9faGxzX2R5bmFtaWNfbWFuaWZlc3RzXzE1MDgyIjp7ImJ1Y2tldCI6InRydWVfYml0cmF0ZSIsInZlcnNpb24iOm51bGx9LCJ0ZndfbGVnYWN5X3RpbWVsaW5lX3N1bnNldCI6eyJidWNrZXQiOnRydWUsInZlcnNpb24iOm51bGx9LCJ0ZndfdHdlZXRfZWRpdF9mcm9udGVuZCI6eyJidWNrZXQiOiJvbiIsInZlcnNpb24iOm51bGx9fQ%3D%3D&amp;frame=false&amp;hideCard=false&amp;hideThread=false&amp;id=1817372496787644753&amp;lang=cs&amp;maxWidth=560px&amp;origin=https%3A%2F%2Fswentr.site%2Fnews%2F601751-israel-strikes-lebanon%2F&amp;sessionId=63a2326702b0b8b85a86285126cc07cfeebb2803&amp;siteScreenName=RT_com&amp;theme=light&amp;widgetsVersion=2615f7e52b7e0%3A1702314776716&amp;width=550px\" frameborder=\"0\" scrolling=\"no\" allowfullscreen=\"allowfullscreen\" data-tweet-id=\"1817372496787644753\" data-mce-fragment=\"1\"><\/iframe><\/div>\n<\/div>\n<p><span>Zvl\u00e1\u0161tn\u00ed koordin\u00e1torka OSN pro Libanon Jeanine Hennis-Plasschaert a velitel m\u00edrov\u00fdch jednotek OSN v Libanonu Aroldo Lazaro v ned\u011bli vydali spole\u010dn\u00e9 prohl\u00e1\u0161en\u00ed, ve kter\u00e9m vyzvali\u00a0<\/span><em><span>\u201estrany, aby zachovaly maxim\u00e1ln\u00ed zdr\u017eenlivost a zastavily pokra\u010duj\u00edc\u00ed intenzivn\u011bj\u0161\u00ed v\u00fdm\u011bnu n\u00e1zor\u016f. ohe\u0148.&#8220;<\/span><\/em><\/p>\n<p><span>Eskalace\u00a0<\/span><em><span>\u201eby mohla za\u017eehnout \u0161ir\u0161\u00ed po\u017e\u00e1r, kter\u00fd by cel\u00fd region pohltil neuv\u011b\u0159itelnou katastrofou,\u201c<\/span><\/em><span>\u00a0uvedli.<\/span><\/p>\n<p><img decoding=\"async\" loading=\"lazy\" class=\"alignnone size-full wp-image-1185\" src=\"http:\/\/www.infokuryr.cz\/n\/wp-content\/uploads\/2021\/04\/kuryr-podpis.png\" alt=\"\" width=\"84\" height=\"24\" \/><\/p>\n<p>&nbsp;<\/p>\n","protected":false},"excerpt":{"rendered":"<p>Jsou hl\u00e1\u0161en\u00e9 n\u00e1lety, kter\u00e9 p\u0159i\u0161ly pot\u00e9, co Izrael obvinil Hizball\u00e1h ze zabit\u00ed 12 civilist\u016f na&#8230;<\/p>\n","protected":false},"author":2,"featured_media":48363,"comment_status":"closed","ping_status":"closed","sticky":false,"template":"","format":"standard","meta":[],"categories":[7],"tags":[107,405,3535],"_links":{"self":[{"href":"https:\/\/www.infokuryr.cz\/n\/wp-json\/wp\/v2\/posts\/58766"}],"collection":[{"href":"https:\/\/www.infokuryr.cz\/n\/wp-json\/wp\/v2\/posts"}],"about":[{"href":"https:\/\/www.infokuryr.cz\/n\/wp-json\/wp\/v2\/types\/post"}],"author":[{"embeddable":true,"href":"https:\/\/www.infokuryr.cz\/n\/wp-json\/wp\/v2\/users\/2"}],"replies":[{"embeddable":true,"href":"https:\/\/www.infokuryr.cz\/n\/wp-json\/wp\/v2\/comments?post=58766"}],"version-history":[{"count":0,"href":"https:\/\/www.infokuryr.cz\/n\/wp-json\/wp\/v2\/posts\/58766\/revisions"}],"wp:featuredmedia":[{"embeddable":true,"href":"https:\/\/www.infokuryr.cz\/n\/wp-json\/wp\/v2\/media\/48363"}],"wp:attachment":[{"href":"https:\/\/www.infokuryr.cz\/n\/wp-json\/wp\/v2\/media?parent=58766"}],"wp:term":[{"taxonomy":"category","embeddable":true,"href":"https:\/\/www.infokuryr.cz\/n\/wp-json\/wp\/v2\/categories?post=58766"},{"taxonomy":"post_tag","embeddable":true,"href":"https:\/\/www.infokuryr.cz\/n\/wp-json\/wp\/v2\/tags?post=58766"}],"curies":[{"name":"wp","href":"https:\/\/api.w.org\/{rel}","templated":true}]}}