{"id":58763,"date":"2024-07-28T00:53:13","date_gmt":"2024-07-27T22:53:13","guid":{"rendered":"https:\/\/www.infokuryr.cz\/n\/?p=58763"},"modified":"2024-07-28T05:30:11","modified_gmt":"2024-07-28T03:30:11","slug":"miroslav-kavij-za-ukonceni-valky-nikoliv-za-vydani-pasu","status":"publish","type":"post","link":"https:\/\/www.infokuryr.cz\/n\/2024\/07\/28\/miroslav-kavij-za-ukonceni-valky-nikoliv-za-vydani-pasu\/","title":{"rendered":"Miroslav Kavij: Za ukon\u010den\u00ed v\u00e1lky, nikoliv za vyd\u00e1n\u00ed pasu"},"content":{"rendered":"<div id=\"fb-root\"><\/div>\n<p>V\u00a0dob\u011b,\u00a0 kdy z ukrajinsk\u00fdch \u00a0banderovsk\u00fdch \u00a0oddanc\u016f\u00a0 do v\u00e1le\u010dn\u00e9ho \u201eml\u00ednku \u201c \u00a0\u00a0nen\u00ed\u00a0 ji\u017e \u00a0\u00a0kde br\u00e1t, \u00a0\u00a0Ukrajinci \u00a0\u017eij\u00edc\u00ed\u00a0 na na\u0161em \u00fazem\u00ed protestuj\u00ed p\u0159ed pra\u017eskou ambas\u00e1dou sv\u00e9 rodn\u00e9 zem\u011b.\u00a0 Ukrajinsk\u00e9 \u00a0\u00fa\u0159ady\u00a0 v\u00a0\u010cesku, v\u00a0sou\u010dasn\u00e9 pro Ukrajinu nep\u0159\u00edzniv\u00e9 situaci, odm\u00edtaj\u00ed\u00a0 zdej\u0161\u00edm \u00a0Ukrajinc\u016fm, kter\u00fdm vypr\u0161ela platnost doklad\u016f\u00a0\u00a0 vyd\u00e1vat pasy \u00a0a\u00a0\u00a0 tak \u00a0se sna\u017e\u00ed \u00a0\u00a0dostat bojeschopn\u00e9 \u00a0mu\u017ee zp\u011bt na Ukrajinu.<\/p>\n<p>Jde o reakci \u00a0v\u00a0jejich \u00a0t\u00ed\u017eiv\u00e9 \u00a0\u017eivotn\u00ed \u00a0situaci\u00a0 pro ka\u017ed\u00e9ho\u00a0 m\u00edrumilovn\u00e9ho\u00a0 \u010dlov\u011bka pochopitelnou , v\u017edy\u0165 \u00a0kdo by cht\u011bl nasazovat sv\u016fj \u017eivot za zkorumpovan\u00fd re\u017eim podporuj\u00edc\u00ed\u00a0 obnovu fa\u0161ismu. V\u00a0dob\u011b, kdy\u00a0 sou\u010dasn\u00fd mocensk\u00fd re\u017eim st\u00e1le v\u00edce\u00a0 p\u0159ibli\u017euje Ukrajinu k finan\u010dn\u00edmu bankrotu.<\/p>\n<p>\u00da\u010dastn\u00edci \u00a0uveden\u00e9 \u00a0demonstrace \u00a0si \u00a0\u00a0jen \u00a0vybrali \u00a0\u0161patn\u00e9 \u00a0m\u00edsto\u00a0 a tak\u00e9\u00a0 obsah\u00a0 \u00a0protestu. \u00a0Sv\u016fj odpor k\u00a0v\u00e1lce je p\u0159\u00ed\u0161t\u011b t\u0159eba \u00a0vyj\u00e1d\u0159it \u00a0p\u0159ed \u00da\u0159adem vl\u00e1dy \u010cR, p\u0159ed Pra\u017esk\u00fdm hradem, \u010di p\u0159ed s\u00eddlem\u00a0 dal\u0161\u00edch\u00a0 krvela\u010dn\u00fdch jest\u0159\u00e1b\u016f v\u00a0podob\u011b \u010cernochov\u00e9 \u00a0\u010di\u00a0 \u0158ehky. \u00a0Hlavn\u00edch\u00a0 tahoun\u016f prosazov\u00e1n\u00ed \u00a0v\u011b\u010dn\u00e9 my\u0161lenky Z\u00e1padu na \u00a0smaz\u00e1n\u00ed\u00a0 \u00a0sou\u010dasn\u00e9 podoby \u00a0Ruska z\u00a0mapy, jeho \u201erozparcelov\u00e1n\u00ed\u201c na\u00a0 men\u0161\u00ed st\u00e1ty, z\u00edskat kone\u010dn\u011b neomezen\u00fd p\u0159\u00edstup ke v\u0161em strategick\u00fdm nerostn\u00fdm surovin\u00e1m.<\/p>\n<p>Agent P\u00e1vek, profesor Fiala alias nutella, \u00a0\u00a0prodejkyn\u011b \u00a0mobil\u016f MPA, \u010di nov\u011b zvolen\u00fd europoslanec Kol\u00e1\u0159, kter\u00e9mu je\u0161t\u011b \u201ened\u00e1vno\u201c i p\u0159es p\u0159id\u011blenou ochranku\u00a0 moc do zp\u011bvu nebylo. Jm\u00e9na, kter\u00e1 svou neutuchaj\u00edc\u00ed v\u00e1le\u010dnou energi\u00ed \u00a0nejv\u00edce p\u0159isp\u00edvaj\u00ed\u00a0 za \u00a0\u010deskou stranu k\u00a0eskalaci v\u00e1lky na Ukrajin\u011b, tetel\u00ed se blahem, kterak jsou \u00fasp\u011b\u0161n\u00ed v\u00a0prosazov\u00e1n\u00ed \u201e jejich\u201c\u00a0 iniciativy n\u00e1kupu d\u011blost\u0159eleck\u00e9 munice\u00a0 pro Ukrajinu\u00a0 nejen ve st\u00e1tech EU.<\/p>\n<p>P\u0159ed \u00da\u0159adem vl\u00e1dy \u010cR, Pra\u017esk\u00fdm hradem, MO A\u010cR, m\u00edsty, kde \u00a0vyj\u00e1d\u0159it nejen sv\u016fj nesouhlas s\u00a0pokra\u010dov\u00e1n\u00ed v\u00e1lky na Ukrajin\u011b, ale vyj\u00e1d\u0159it i \u00a0po\u017eadavek na p\u0159esluhuj\u00edc\u00ed \u00a0hlavu Ukrajiny \u00a0\u00a0t\u00fdkaj\u00edc\u00ed se vyhl\u00e1\u0161en\u00ed referenda o \u00fazemn\u00edch \u00fastupc\u00edch Rusku, kter\u00e9\u00a0\u00a0 jak p\u0159izn\u00e1v\u00e1 v\u00a0sou\u010dasn\u00e9 dob\u011b \u00a0ji\u017e\u00a0 i mainstream \u00a0je na po\u0159adu dne.<\/p>\n<p>Ka\u017ed\u00fd den toti\u017e \u00a0znamen\u00e1 dal\u0161\u00ed \u00fazemn\u00ed ztr\u00e1ty Ukrajiny o kter\u00e9 nakonec v\u00a0referendu p\u0159ijde.\u00a0 Pro zbroja\u0159sk\u00e9 firmy \u00a0naopak ka\u017ed\u00fd den\u00a0 znamen\u00e1 dal\u0161\u00ed \u00a0finan\u010dn\u00ed astronomick\u00e9 zisky.<\/p>\n<p>P\u0159edev\u0161\u00edm ale,\u00a0 ka\u017ed\u00fd den pokra\u010duj\u00edc\u00edho konfliktu znamen\u00e1 dal\u0161\u00ed v\u00e1le\u010dn\u00e9 ob\u011bti dnes ji\u017e nejen na\u00a0 stran\u011b Ukrajiny a RF, ale\u00a0 vojensk\u00fdch instruktor\u016f a \u017eold\u00e1k\u016f\u00a0 z \u00a0prvn\u00edch\u00a0 st\u00e1t\u016f, kter\u00e9 se\u00a0 lidsk\u00fdmi zdroji\u00a0 zapojily do konfliktu. Znamen\u00e1 \u00a0dal\u0161\u00ed eskalaci, kter\u00e1 m\u016f\u017ee skon\u010dit jadernou zk\u00e1zou lidstva.<\/p>\n<p><a href=\"https:\/\/www.pokec24.cz\/blog\/za-ukonceni-valky-nikoliv-za-vydani-pasu\/\">Miroslav Kavij<\/a><\/p>\n<p>&nbsp;<\/p>\n","protected":false},"excerpt":{"rendered":"<p>V\u00a0dob\u011b,\u00a0 kdy z ukrajinsk\u00fdch \u00a0banderovsk\u00fdch \u00a0oddanc\u016f\u00a0 do v\u00e1le\u010dn\u00e9ho \u201eml\u00ednku \u201c \u00a0\u00a0nen\u00ed\u00a0 ji\u017e \u00a0\u00a0kde br\u00e1t, \u00a0\u00a0Ukrajinci&#8230;<\/p>\n","protected":false},"author":2,"featured_media":55051,"comment_status":"closed","ping_status":"closed","sticky":false,"template":"","format":"standard","meta":[],"categories":[6],"tags":[1503,242,815,1635,40],"_links":{"self":[{"href":"https:\/\/www.infokuryr.cz\/n\/wp-json\/wp\/v2\/posts\/58763"}],"collection":[{"href":"https:\/\/www.infokuryr.cz\/n\/wp-json\/wp\/v2\/posts"}],"about":[{"href":"https:\/\/www.infokuryr.cz\/n\/wp-json\/wp\/v2\/types\/post"}],"author":[{"embeddable":true,"href":"https:\/\/www.infokuryr.cz\/n\/wp-json\/wp\/v2\/users\/2"}],"replies":[{"embeddable":true,"href":"https:\/\/www.infokuryr.cz\/n\/wp-json\/wp\/v2\/comments?post=58763"}],"version-history":[{"count":0,"href":"https:\/\/www.infokuryr.cz\/n\/wp-json\/wp\/v2\/posts\/58763\/revisions"}],"wp:featuredmedia":[{"embeddable":true,"href":"https:\/\/www.infokuryr.cz\/n\/wp-json\/wp\/v2\/media\/55051"}],"wp:attachment":[{"href":"https:\/\/www.infokuryr.cz\/n\/wp-json\/wp\/v2\/media?parent=58763"}],"wp:term":[{"taxonomy":"category","embeddable":true,"href":"https:\/\/www.infokuryr.cz\/n\/wp-json\/wp\/v2\/categories?post=58763"},{"taxonomy":"post_tag","embeddable":true,"href":"https:\/\/www.infokuryr.cz\/n\/wp-json\/wp\/v2\/tags?post=58763"}],"curies":[{"name":"wp","href":"https:\/\/api.w.org\/{rel}","templated":true}]}}