{"id":5871,"date":"2021-11-03T03:02:58","date_gmt":"2021-11-03T02:02:58","guid":{"rendered":"http:\/\/www.infokuryr.cz\/n\/?p=5871"},"modified":"2021-11-03T03:02:58","modified_gmt":"2021-11-03T02:02:58","slug":"usa-vyplytvaly-za-pul-roku-15-milionu-davek-vakcin-proti-covid-19","status":"publish","type":"post","link":"https:\/\/www.infokuryr.cz\/n\/2021\/11\/03\/usa-vyplytvaly-za-pul-roku-15-milionu-davek-vakcin-proti-covid-19\/","title":{"rendered":"USA vypl\u00fdtvaly za p\u016fl roku 15 milion\u016f d\u00e1vek vakc\u00edn proti COVID-19"},"content":{"rendered":"<div id=\"fb-root\"><\/div>\n<p>List San Francisco Chronicle ned\u00e1vno uvedl, \u017ee od prosince 2020 bylo v Kalifornii vypl\u00fdtv\u00e1no v\u00edce ne\u017e 640 tis\u00edc d\u00e1vek vakc\u00edn proti COVID-19, co\u017e odpov\u00edd\u00e1 v pr\u016fm\u011bru v\u00edce ne\u017e 58 tis\u00edc\u016fm promarn\u011bn\u00fdch d\u00e1vek ka\u017ed\u00fd m\u011bs\u00edc. B\u011bhem obdob\u00ed od b\u0159ezna do srpna roku 2021 bylo ve Spojen\u00fdch st\u00e1tech zlikvidov\u00e1no p\u0159es 15 milion\u016f d\u00e1vek vakc\u00edn proti COVID-19.<\/p>\n<p>Americk\u00e1 m\u00e9dia citovala \u00fadaje kalifornsk\u00e9ho ministerstva zdravotnictv\u00ed, aby uk\u00e1zala, \u017ee od 15. prosince 2020 do 22. \u0159\u00edjna 2021 bylo v Kalifornii vypl\u00fdtv\u00e1no v\u00edce ne\u017e 640 tis\u00edc d\u00e1vek vakc\u00edn proti COVID-19, co\u017e p\u0159edstavuje asi 1 % dostupn\u00fdch d\u00e1vek vakc\u00edn proti COVID-19 v regionu. V posledn\u00edch m\u011bs\u00edc\u00edch rostla v Kalifornii m\u00edra pl\u00fdtv\u00e1n\u00ed vakc\u00ednami proti COVID-19. V dubnu to bylo pouze 0,13 % a pot\u00e9 se toto \u010d\u00edslo ka\u017ed\u00fd m\u011bs\u00edc zvy\u0161ovalo a v \u0159\u00edjnu dos\u00e1hlo 1,11 %.<\/p>\n<p>Kalifornsk\u00e9 ministerstvo zdravotnictv\u00ed vysv\u011btlilo, \u017ee ka\u017ed\u00fd pl\u00e1n na dod\u00e1n\u00ed vakc\u00edn zahrnuje norm\u00e1ln\u00ed a p\u0159edv\u00eddateln\u00e9 pl\u00fdtv\u00e1n\u00ed a Kalifornie pl\u00fdtv\u00e1 vakc\u00ednami m\u00e9n\u011b ve srovn\u00e1n\u00ed se Spojen\u00fdmi st\u00e1ty. \u00dadaje z americk\u00e9ho Centra pro kontrolu a prevenci nemoc\u00ed ve Spojen\u00fdch st\u00e1tech ukazuj\u00ed, \u017ee pr\u016fm\u011brn\u00e1 m\u00edra pl\u00fdtv\u00e1n\u00ed vakc\u00ednami proti COVID-19 ve Spojen\u00fdch st\u00e1tech je 4,8 %. B\u011bhem obdob\u00ed od b\u0159ezna do srpna 2021 bylo ve Spojen\u00fdch st\u00e1tech zlikvidov\u00e1no p\u0159es 15 milion\u016f d\u00e1vek vakc\u00edn proti COVID-19.<\/p>\n<p><img decoding=\"async\" loading=\"lazy\" class=\"alignnone size-full wp-image-1185\" src=\"http:\/\/www.infokuryr.cz\/n\/wp-content\/uploads\/2021\/04\/kuryr-podpis.png\" alt=\"\" width=\"84\" height=\"24\" \/><\/p>\n<p>&nbsp;<\/p>\n","protected":false},"excerpt":{"rendered":"<p>List San Francisco Chronicle ned\u00e1vno uvedl, \u017ee od prosince 2020 bylo v Kalifornii vypl\u00fdtv\u00e1no v\u00edce&#8230;<\/p>\n","protected":false},"author":2,"featured_media":5619,"comment_status":"closed","ping_status":"closed","sticky":false,"template":"","format":"standard","meta":[],"categories":[7],"tags":[593,37,651],"_links":{"self":[{"href":"https:\/\/www.infokuryr.cz\/n\/wp-json\/wp\/v2\/posts\/5871"}],"collection":[{"href":"https:\/\/www.infokuryr.cz\/n\/wp-json\/wp\/v2\/posts"}],"about":[{"href":"https:\/\/www.infokuryr.cz\/n\/wp-json\/wp\/v2\/types\/post"}],"author":[{"embeddable":true,"href":"https:\/\/www.infokuryr.cz\/n\/wp-json\/wp\/v2\/users\/2"}],"replies":[{"embeddable":true,"href":"https:\/\/www.infokuryr.cz\/n\/wp-json\/wp\/v2\/comments?post=5871"}],"version-history":[{"count":0,"href":"https:\/\/www.infokuryr.cz\/n\/wp-json\/wp\/v2\/posts\/5871\/revisions"}],"wp:featuredmedia":[{"embeddable":true,"href":"https:\/\/www.infokuryr.cz\/n\/wp-json\/wp\/v2\/media\/5619"}],"wp:attachment":[{"href":"https:\/\/www.infokuryr.cz\/n\/wp-json\/wp\/v2\/media?parent=5871"}],"wp:term":[{"taxonomy":"category","embeddable":true,"href":"https:\/\/www.infokuryr.cz\/n\/wp-json\/wp\/v2\/categories?post=5871"},{"taxonomy":"post_tag","embeddable":true,"href":"https:\/\/www.infokuryr.cz\/n\/wp-json\/wp\/v2\/tags?post=5871"}],"curies":[{"name":"wp","href":"https:\/\/api.w.org\/{rel}","templated":true}]}}