{"id":5870,"date":"2021-11-03T03:00:09","date_gmt":"2021-11-03T02:00:09","guid":{"rendered":"http:\/\/www.infokuryr.cz\/n\/?p=5870"},"modified":"2021-11-03T03:00:09","modified_gmt":"2021-11-03T02:00:09","slug":"jak-blesk-pomohl-potopit-piratskou-lod","status":"publish","type":"post","link":"https:\/\/www.infokuryr.cz\/n\/2021\/11\/03\/jak-blesk-pomohl-potopit-piratskou-lod\/","title":{"rendered":"Jak Blesk pomohl potopit pir\u00e1tskou lo\u010f"},"content":{"rendered":"<div id=\"fb-root\"><\/div>\n<p>V\u010derej\u0161\u00ed a\u00a0dne\u0161n\u00ed zpr\u00e1vy vyvol\u00e1vaj\u00ed dojem, \u017ee Pir\u00e1ti p\u0159isuzuj\u00ed svou potupu ve sn\u011bmovn\u00edch volb\u00e1ch, v\u00a0nich\u017e ztratili 18 z\u00a022 mand\u00e1t\u016f, pouze krou\u017ekovac\u00ed kampani uskupen\u00ed STAN. Ve sv\u00e9 \u201e<a href=\"https:\/\/www.scribd.com\/document\/536430607\/Anal%C3%BDza-poru%C5%A1eni-smluvnich-ujednani-koali%C4%8Dniho-partnera-v-oblasti-v%C3%BDzev-ke-krou%C5%BEkovani-v-pr%C5%AFb%C4%9Bhu-volebni-kampan%C4%9B-do-Poslanecke-sn%C4%9Bmovny-v-roce-2021\" target=\"_blank\" rel=\"noopener\">Anal\u00fdze poru\u0161en\u00ed smluvn\u00edch ujedn\u00e1n\u00ed<\/a>\u201c se starosty dokl\u00e1daj\u00ed Pir\u00e1ti, jak jejich partner poskytoval sv\u00fdm voli\u010d\u016fm n\u00e1vod k\u00a0volebn\u00edmu p\u0159eskakov\u00e1n\u00ed. Z\u00e1rove\u0148 v\u0161ak Pir\u00e1ti\u00a0<a href=\"https:\/\/archiv.hn.cz\/c1-66990750-bartos-babis-vedl-brutalni-kampan-a-vyzvy-ke-krouzkovani-od-stan-nebyly-spravne-ale-s-rakusanem-mame-porad-dobry-vztah\" target=\"_blank\" rel=\"noopener\">Ivan Barto\u0161<\/a>\u00a0a\u00a0<a href=\"https:\/\/plus.rozhlas.cz\/ve-volbach-jsme-vykrvaceli-na-tom-aby-demokraticke-strany-porazily-babise-8598484\" target=\"_blank\" rel=\"noopener\">Jakub Mich\u00e1lek<\/a>\u00a0u\u017e d\u0159\u00edve ze sv\u00fdch pot\u00ed\u017e\u00ed ve\u0159ejn\u011b obvinili bulv\u00e1rn\u00ed den\u00edk Blesk. T\u00fdden p\u0159ed volbami, 1. \u0159\u00edjna, toti\u017e Blesk poskytl \u201e<a href=\"https:\/\/www.blesk.cz\/clanek\/volby-volby-do-snemovny\/667210\/krouzkovani-jak-funguji-preferencni-hlasy-ve-volbach-do-poslanecke-snemovny.html\" target=\"_blank\" rel=\"noopener\">modelov\u00fd p\u0159\u00edklad<\/a>\u201c toho, jak lze up\u0159ednostnit \u010dty\u0159i kandid\u00e1ty STAN p\u0159ed 14 Pir\u00e1ty. Z\u00a0t\u011bch\u00a0<a href=\"https:\/\/www.starostove-nezavisli.cz\/nasi-lide\/nasi-poslanci\" target=\"_blank\" rel=\"noopener\">\u010dty\u0159 kandid\u00e1t\u016f Starost\u016f byli nakonec zvoleni t\u0159i<\/a>, ze\u00a0<a href=\"https:\/\/www.psp.cz\/sqw\/snem.sqw?id=1300\" target=\"_blank\" rel=\"noopener\">14 Pir\u00e1t\u016f pouze dva<\/a>. A\u00a0to je\u0161t\u011b jen v\u00a0Praze. Pokyny Blesku m\u011bly \u0161ir\u0161\u00ed dosah ne\u017e jak\u00e9koliv samostatn\u00e9 aktivity jednotliv\u00fdch kandid\u00e1t\u016f uskupen\u00ed STAN. Majitel Blesku Daniel K\u0159et\u00ednsk\u00fd si te\u010f nejsp\u00ed\u0161 mysl\u00ed, \u017ee by m\u011bl za odm\u011bnu dostat jedno z\u00a0budouc\u00edch ministerstev hnut\u00ed STAN.<\/p>\n<p><a href=\"https:\/\/www.fsfinalword.cz\/?page=archive&amp;day=2021-11-02&amp;utm_source=utm_source%3Dnewsletter&amp;utm_medium=utm_medium%3De-mail&amp;utm_campaign=utm_campaign%3Dfinal_word_2.11.2021\">Erik Best<\/a><\/p>\n<p>&nbsp;<\/p>\n","protected":false},"excerpt":{"rendered":"<p>V\u010derej\u0161\u00ed a\u00a0dne\u0161n\u00ed zpr\u00e1vy vyvol\u00e1vaj\u00ed dojem, \u017ee Pir\u00e1ti p\u0159isuzuj\u00ed svou potupu ve sn\u011bmovn\u00edch volb\u00e1ch, v\u00a0nich\u017e ztratili&#8230;<\/p>\n","protected":false},"author":2,"featured_media":1790,"comment_status":"closed","ping_status":"closed","sticky":false,"template":"","format":"standard","meta":[],"categories":[6],"tags":[137,1291,424],"_links":{"self":[{"href":"https:\/\/www.infokuryr.cz\/n\/wp-json\/wp\/v2\/posts\/5870"}],"collection":[{"href":"https:\/\/www.infokuryr.cz\/n\/wp-json\/wp\/v2\/posts"}],"about":[{"href":"https:\/\/www.infokuryr.cz\/n\/wp-json\/wp\/v2\/types\/post"}],"author":[{"embeddable":true,"href":"https:\/\/www.infokuryr.cz\/n\/wp-json\/wp\/v2\/users\/2"}],"replies":[{"embeddable":true,"href":"https:\/\/www.infokuryr.cz\/n\/wp-json\/wp\/v2\/comments?post=5870"}],"version-history":[{"count":0,"href":"https:\/\/www.infokuryr.cz\/n\/wp-json\/wp\/v2\/posts\/5870\/revisions"}],"wp:featuredmedia":[{"embeddable":true,"href":"https:\/\/www.infokuryr.cz\/n\/wp-json\/wp\/v2\/media\/1790"}],"wp:attachment":[{"href":"https:\/\/www.infokuryr.cz\/n\/wp-json\/wp\/v2\/media?parent=5870"}],"wp:term":[{"taxonomy":"category","embeddable":true,"href":"https:\/\/www.infokuryr.cz\/n\/wp-json\/wp\/v2\/categories?post=5870"},{"taxonomy":"post_tag","embeddable":true,"href":"https:\/\/www.infokuryr.cz\/n\/wp-json\/wp\/v2\/tags?post=5870"}],"curies":[{"name":"wp","href":"https:\/\/api.w.org\/{rel}","templated":true}]}}