{"id":58683,"date":"2024-07-27T04:59:08","date_gmt":"2024-07-27T02:59:08","guid":{"rendered":"https:\/\/www.infokuryr.cz\/n\/?p=58683"},"modified":"2024-07-27T04:59:08","modified_gmt":"2024-07-27T02:59:08","slug":"g20-se-nedokaze-dohodnout-na-globalni-miliardarske-dani","status":"publish","type":"post","link":"https:\/\/www.infokuryr.cz\/n\/2024\/07\/27\/g20-se-nedokaze-dohodnout-na-globalni-miliardarske-dani\/","title":{"rendered":"G20 se nedok\u00e1\u017ee dohodnout na glob\u00e1ln\u00ed miliard\u00e1\u0159sk\u00e9 dani"},"content":{"rendered":"<div id=\"fb-root\"><\/div>\n<p><span style=\"font-size: 18pt;\"><strong>Na setk\u00e1n\u00ed v Braz\u00edlii vedly USA kampa\u0148 proti minim\u00e1ln\u00edm odvod\u016fm pro nejbohat\u0161\u00edch 3000 lid\u00ed sv\u011bta<\/strong><\/span><\/p>\n<p><span>Minist\u0159i financ\u00ed 20 p\u0159edn\u00edch sv\u011btov\u00fdch ekonomik se nedok\u00e1zali dohodnout na glob\u00e1ln\u00ed dani pro miliard\u00e1\u0159e, ale sl\u00edbili uvalit progresivn\u00ed dan\u011b na superbohat\u00e9, uvedl v p\u00e1tek Politico.<\/span><\/p>\n<p><span>Na sch\u016fzce v Rio de Janeiru minist\u0159i uvedli, \u017ee zah\u00e1j\u00ed\u00a0<\/span><em><span>\u201edialog o spravedliv\u00e9m a progresivn\u00edm zdan\u011bn\u00ed, v\u010detn\u011b jednotlivc\u016f s ultra vysok\u00fdm \u010dist\u00fdm jm\u011bn\u00edm\u201c,<\/span><\/em><span>\u00a0podle textu spole\u010dn\u00e9ho komunik\u00e9, kter\u00e9 vid\u011blo Politico.<\/span><\/p>\n<p><span>Komunik\u00e9 bude zve\u0159ejn\u011bno pozd\u011bji v p\u00e1tek a nebude obsahovat prohl\u00e1\u0161en\u00ed o podpo\u0159e 2% odvodu pro 3000 nejbohat\u0161\u00edch miliard\u00e1\u0159\u016f sv\u011bta, jak doufala Braz\u00edlie, kter\u00e1 v sou\u010dasnosti zast\u00e1v\u00e1 rotuj\u00edc\u00ed p\u0159edsednictv\u00ed G20.<\/span><\/p>\n<p><span>Francouzsk\u00fd ekonom Gabriel Zucman, konzultant G20 pro da\u0148ov\u00e9 ot\u00e1zky, tvrd\u00ed, \u017ee odvod by celosv\u011btov\u011b vynesl kolem 250 miliard dolar\u016f ro\u010dn\u011b.<\/span><\/p>\n<p><em><span>&#8222;N\u011bkte\u0159\u00ed jednotlivci ovl\u00e1daj\u00ed v\u00edce zdroj\u016f ne\u017e cel\u00e9 zem\u011b,&#8220;<\/span><\/em><span>\u00a0\u0159ekl brazilsk\u00fd prezident Luiz Inacio Lula da Silva na st\u0159ede\u010dn\u00ed tiskov\u00e9 konferenci. Da\u0148 z miliard\u00e1\u0159\u016f by mohla pomoci financovat boj proti sv\u011btov\u00e9mu hladu, dodal brazilsk\u00fd ministr financ\u00ed Fernando Haddad a varoval, \u017ee takov\u00fd da\u0148ov\u00fd re\u017eim\u00a0\u00a0<\/span><em><span>\u201enebude zaveden p\u0159es noc, proto\u017ee jde o velmi choulostiv\u00fd mechanismus\u201c.<\/span><\/em><\/p>\n<p><span>B\u011bhem \u010dtvrte\u010dn\u00edch rozhovor\u016f se uk\u00e1zalo, \u017ee n\u011bkter\u00e9 vl\u00e1dy G20 takov\u00fd krok nepodpo\u0159\u00ed.\u00a0<\/span><\/p>\n<p><em><span>&#8222;Nevid\u00edme pot\u0159ebu nebo si opravdu nemysl\u00edme, \u017ee je \u017e\u00e1douc\u00ed pokou\u0161et se vyjednat glob\u00e1ln\u00ed dohodu o [miliard\u00e1\u0159sk\u00e9 dani],&#8220;<\/span><\/em><span>\u00a0\u0159ekla ministryn\u011b financ\u00ed USA Janet Yellenov\u00e1 na tiskov\u00e9 konferenci.\u00a0<\/span><em><span>&#8222;Mysl\u00edme si, \u017ee v\u0161echny zem\u011b by se m\u011bly ujistit, \u017ee jejich da\u0148ov\u00e9 syst\u00e9my jsou spravedliv\u00e9 a progresivn\u00ed.&#8220;<\/span><\/em><\/p>\n<p><span>N\u011bmecko se p\u0159ipojilo k USA v odporu proti odvodu, zat\u00edmco Francie, \u0160pan\u011blsko, Ji\u017en\u00ed Afrika, Kolumbie a Africk\u00e1 unie podpo\u0159ily brazilsk\u00fd n\u00e1vrh.<\/span><\/p>\n<p><img decoding=\"async\" loading=\"lazy\" class=\"alignnone size-full wp-image-1185\" src=\"http:\/\/www.infokuryr.cz\/n\/wp-content\/uploads\/2021\/04\/kuryr-podpis.png\" alt=\"\" width=\"84\" height=\"24\" \/><\/p>\n<p>&nbsp;<\/p>\n","protected":false},"excerpt":{"rendered":"<p>Na setk\u00e1n\u00ed v Braz\u00edlii vedly USA kampa\u0148 proti minim\u00e1ln\u00edm odvod\u016fm pro nejbohat\u0161\u00edch 3000 lid\u00ed sv\u011bta&#8230;<\/p>\n","protected":false},"author":2,"featured_media":58684,"comment_status":"closed","ping_status":"closed","sticky":false,"template":"","format":"standard","meta":[],"categories":[7],"tags":[288,936,50,1426],"_links":{"self":[{"href":"https:\/\/www.infokuryr.cz\/n\/wp-json\/wp\/v2\/posts\/58683"}],"collection":[{"href":"https:\/\/www.infokuryr.cz\/n\/wp-json\/wp\/v2\/posts"}],"about":[{"href":"https:\/\/www.infokuryr.cz\/n\/wp-json\/wp\/v2\/types\/post"}],"author":[{"embeddable":true,"href":"https:\/\/www.infokuryr.cz\/n\/wp-json\/wp\/v2\/users\/2"}],"replies":[{"embeddable":true,"href":"https:\/\/www.infokuryr.cz\/n\/wp-json\/wp\/v2\/comments?post=58683"}],"version-history":[{"count":0,"href":"https:\/\/www.infokuryr.cz\/n\/wp-json\/wp\/v2\/posts\/58683\/revisions"}],"wp:featuredmedia":[{"embeddable":true,"href":"https:\/\/www.infokuryr.cz\/n\/wp-json\/wp\/v2\/media\/58684"}],"wp:attachment":[{"href":"https:\/\/www.infokuryr.cz\/n\/wp-json\/wp\/v2\/media?parent=58683"}],"wp:term":[{"taxonomy":"category","embeddable":true,"href":"https:\/\/www.infokuryr.cz\/n\/wp-json\/wp\/v2\/categories?post=58683"},{"taxonomy":"post_tag","embeddable":true,"href":"https:\/\/www.infokuryr.cz\/n\/wp-json\/wp\/v2\/tags?post=58683"}],"curies":[{"name":"wp","href":"https:\/\/api.w.org\/{rel}","templated":true}]}}