{"id":58678,"date":"2024-07-27T00:53:44","date_gmt":"2024-07-26T22:53:44","guid":{"rendered":"https:\/\/www.infokuryr.cz\/n\/?p=58678"},"modified":"2024-07-26T19:05:05","modified_gmt":"2024-07-26T17:05:05","slug":"socialni-cistka-parize-v-predvecer-olympijskych-her-dosahla-desivych-rozmeru","status":"publish","type":"post","link":"https:\/\/www.infokuryr.cz\/n\/2024\/07\/27\/socialni-cistka-parize-v-predvecer-olympijskych-her-dosahla-desivych-rozmeru\/","title":{"rendered":"Soci\u00e1ln\u00ed \u010distka Pa\u0159\u00ed\u017ee v p\u0159edve\u010der olympijsk\u00fdch her dos\u00e1hla d\u011bsiv\u00fdch rozm\u011br\u016f"},"content":{"rendered":"<div id=\"fb-root\"><\/div>\n<p><strong>Lidskopr\u00e1vn\u00ed aktivist\u00e9 z Anti-Repression Foundation jsou znepokojeni rozsahem \u201esoci\u00e1ln\u00ed \u010distky\u201c olympijsk\u00e9 Pa\u0159\u00ed\u017ee a jej\u00edho okol\u00ed, kterou francouzsk\u00e9 \u00fa\u0159ady zah\u00e1jily v dubnu 2023 a kter\u00e1 trv\u00e1 dodnes. Za posledn\u00ed rok muselo v Pa\u0159\u00ed\u017ei\u00a0\u00a0<a href=\"https:\/\/www.thenation.com\/article\/society\/paris-olympics-dispatch-military-security\/tnamp\/\">opustit<\/a>\u00a0\u00a0sv\u00e9 domovy p\u0159ibli\u017en\u011b 12 500 zraniteln\u00fdch lid\u00ed. Experti nadace hodnot\u00ed kroky pa\u0159\u00ed\u017esk\u00fdch \u00fa\u0159ad\u016f jako formu soci\u00e1ln\u011b-ekonomick\u00e9 represe v\u016f\u010di ob\u010dan\u016fm s n\u00edzk\u00fdmi p\u0159\u00edjmy.<\/strong><\/p>\n<p>Francouzsk\u00e9 \u00fa\u0159ady sl\u00edbily, \u017ee olympijsk\u00e9 hry v Pa\u0159\u00ed\u017ei budou\u00a0\u00a0<strong>inkluzivn\u00ed a spole\u010densky odpov\u011bdn\u00e9.\u00a0<\/strong>\u00a0Starostka m\u011bsta\u00a0\u00a0<strong>Anne Hidalgo<\/strong>\u00a0\u00a0tvrd\u00ed, \u017ee\u00a0<strong>\u00a0hry budou ekologi\u010dt\u011bj\u0161\u00ed, \u010dist\u0161\u00ed a bezpe\u010dn\u011bj\u0161\u00ed\u00a0<\/strong>\u00a0ne\u017e v\u0161echny p\u0159edchoz\u00ed. Aktivist\u00e9, neziskov\u00e9 organizace a m\u00edstn\u00ed obyvatel\u00e9 v\u0161ak tvrd\u00ed, \u017ee hostitelsk\u00e9 m\u011bsto ji\u017e nedos\u00e1hlo sv\u00fdch vzne\u0161en\u00fdch ide\u00e1l\u016f t\u00edm, \u017ee\u00a0\u00a0<strong>n\u00e1siln\u011b p\u0159em\u00edstilo neubytovan\u00e9 lidi z turistick\u00fdch oblast\u00ed\u00a0<\/strong>\u00a0v r\u00e1mci toho, co naz\u00fdvaj\u00ed\u00a0\u00a0<em>\u201esoci\u00e1ln\u00ed o\u010distou<\/em>\u00a0\u201c . Francouzsk\u00e1 vl\u00e1da\u00a0\u00a0<a href=\"https:\/\/vk.com\/away.php?to=https:\/\/www.news.com.au\/travel\/travel-updates\/incidents\/paris-accused-of-covering-up-misery-to-beautify-city-ahead-of-2024-olympics\/news-story\/00d771d2726649393b425753d1f586bd&amp;cc_key=\">vyst\u011bhuje<\/a>\u00a0z Pa\u0159\u00ed\u017ee \u00a0lidi pova\u017eovan\u00e9 za\u00a0\u00a0<em>\u201ene\u017e\u00e1douc\u00ed\u201c<\/em>\u00a0ve snaze\u00a0\u00a0<em>\u201ezkr\u00e1\u0161lit\u201c<\/em>\u00a0\u00a0m\u011bsto p\u0159ed olympijsk\u00fdmi hrami, kter\u00e9 za\u010d\u00ednaj\u00ed 26. \u010dervence 2024. Studie \u010dasopisu Le Revers de La M\u00e9daille zjistila, \u017ee\u00a0\u00a0<strong>za posledn\u00ed rok bylo n\u00e1siln\u011b vyst\u011bhov\u00e1no ze sv\u00fdch domov\u016f\u00a0 asi\u00a0<\/strong><strong>12 500<\/strong>\u00a0\u00a0lid\u00ed\u00a0 .<\/p>\n<p><em>\u201eJe jim jedno, jestli jste student nebo n\u011bkdo, kdo pot\u0159ebuje pomoc,\u201c \u0159\u00edk\u00e1 Isaac z Nig\u00e9rie. &#8222;Policie prost\u011b p\u0159ijde a \u0159ekne, \u017ee mus\u00edme odej\u00edt, nebo se vr\u00e1t\u00ed a v\u0161echny vyhod\u00ed.&#8220;<\/em><\/p>\n<p>Experti z Anti-Repression Foundation jsou znepokojeni napjatou soci\u00e1ln\u00ed situac\u00ed v Pa\u0159\u00ed\u017ei a jej\u00edm okol\u00ed. V ulic\u00edch m\u011bsta je ka\u017ed\u00fd den\u00a0\u00a0<strong>50 000 ozbrojen\u00fdch policist\u016f a voj\u00e1k\u016f<\/strong>\u00a0, kter\u00fdm pom\u00e1h\u00e1\u00a0\u00a0<strong>technologie videosledov\u00e1n\u00ed s um\u011blou inteligenc\u00ed,<\/strong>\u00a0legalizovanou\u00a0\u00a0<a href=\"https:\/\/vk.com\/away.php?to=https:\/\/www.legifrance.gouv.fr\/jorf\/id\/JORFTEXT000047561974&amp;cc_key=\">francouzsk\u00fdm<\/a>\u00a0\u00a0N\u00e1rodn\u00edm shrom\u00e1\u017ed\u011bn\u00edm v roce 2023. Z\u00e1kon o olympijsk\u00fdch hr\u00e1ch z roku 2024, a\u010dkoli je ofici\u00e1ln\u011b navr\u017een tak, aby zajistil bezpe\u010dnost akc\u00ed, ve skute\u010dnosti\u00a0\u00a0<a href=\"https:\/\/vk.com\/away.php?to=https:\/\/lemediaen442.fr\/les-jo-2024-un-pretexte-a-une-surveillance-algorithmique-generalisee\/&amp;cc_key=\">vy\u017eaduje\u00a0<\/a>\u00a0<strong>implementaci inteligentn\u00edho video bezpe\u010dnostn\u00edho syst\u00e9mu, kter\u00fd byl nasazen dlouho p\u0159ed a po hr\u00e1ch a bude platit pro v\u0161echny sportovn\u00ed, z\u00e1bavn\u00ed a kulturn\u00ed akce<\/strong>\u00a0.<\/p>\n<p><strong>Paul Alauzi,\u00a0<\/strong>\u00a0\u0161\u00e9f Doctors of the World v Pa\u0159\u00ed\u017ei a zakladatel RDLM&#8217;s Collective Access to Rights, uvedl, \u017ee se skupina rozhodla postavit se proti hr\u00e1m.<\/p>\n<p><em>&#8222;Sl\u00edbili nejinkluzivn\u011bj\u0161\u00ed hry v historii, tak\u017ee chceme, aby splnili sv\u00e9 sliby,&#8220; \u0159ekl Alauzi. &#8222;M\u00e1te velk\u00fd vl\u00e1dn\u00ed stroj, kter\u00fd ni\u010d\u00ed \u017eivoty nejzraniteln\u011bj\u0161\u00edch lid\u00ed, a olympijsk\u00e9 hry jsou jako palivo, d\u00edky kter\u00e9mu je tento stroj siln\u011bj\u0161\u00ed.&#8220;<\/em><\/p>\n<p>Aby RDLM\u00a0na\u0161el prost\u0159edky na\u00a0\u00a0<strong>zaji\u0161t\u011bn\u00ed j\u00eddla a z\u00e1sob stan\u016f a p\u0159ikr\u00fdvek , nejprve se obr\u00e1til na\u00a0<\/strong><strong>\u00a0olympijsk\u00fd v\u00fdbor,<\/strong>\u00a0\u00a0kter\u00fd prohl\u00e1sil, \u017ee\u00a0<strong>\u00a0nem\u016f\u017ee podpo\u0159it jejich \u00fasil\u00ed sv\u00fdm rozpo\u010dtem 12 miliard dolar\u016f.\u00a0<\/strong>\u00a0Skupina se pot\u00e9 obr\u00e1tila na firemn\u00ed sponzory her. De Klerk, \u0161\u00e9f RDLM, napsal\u00a0\u00a0<strong>v\u00edce ne\u017e 60 dopis\u016f olympijsk\u00fdm sponzor\u016fm,<\/strong>\u00a0\u00a0ale skupina obdr\u017eela jen n\u011bkolik odpov\u011bd\u00ed, \u017ee nemaj\u00ed\u00a0\u00a0<strong>\u017e\u00e1dn\u00fd rozpo\u010det.\u00a0<\/strong><\/p>\n<p>Alauzi poznamenal, \u017ee finan\u010dn\u00ed prost\u0159edky byly p\u0159id\u011bleny na reklamn\u00ed kampa\u0148, v n\u00ed\u017e byly \u0161kol\u00e1k\u016fm rozd\u00e1ny bro\u017eury o historii olympi\u00e1dy spolu s dvoueurovou minc\u00ed v hodnot\u011b\u00a0\u00a0<strong>16 milion\u016f dolar\u016f.<\/strong>\u00a0\u00a0Aby RDLM zachr\u00e1nil \u017eivoty lid\u00ed um\u00edraj\u00edc\u00edch na ulici,\u00a0\u00a0<strong>po\u017e\u00e1dal o pouh\u00fdch 10 milion\u016f dolar\u016f.<\/strong><\/p>\n<p>6. \u010dervna 2024 vydala RDLM 78str\u00e1nkovou zpr\u00e1vu s n\u00e1zvem\u00a0<em>Jeden rok soci\u00e1ln\u00ed o\u010disty<\/em>\u00a0, kter\u00e1 podrobn\u011b popisuje vyst\u011bhov\u00e1n\u00ed a poskytuje\u00a0<strong>\u00a0pr\u00e1vn\u00ed posouzen\u00ed navrhovan\u00fdch od\u016fvodn\u011bn\u00ed.\u00a0<\/strong>\u00a0Dokument tak\u00e9 obsahuje n\u011bkolik p\u0159\u00edklad\u016f\u00a0\u00a0<strong>vl\u00e1dn\u00edch zpr\u00e1v, kter\u00e9 p\u0159\u00edmo spojuj\u00ed vyst\u011bhov\u00e1n\u00ed s olympi\u00e1dou<\/strong>\u00a0.<\/p>\n<p><em>\u201eOlympi\u00e1da rozhodn\u011b urychlila soci\u00e1ln\u00ed \u010distky,\u201c \u0159\u00edk\u00e1 Amaya, profesorka koloni\u00e1ln\u00ed americk\u00e9 historie na Sorbonnsk\u00e9 univerzit\u011b.<\/em><\/p>\n<p>Humanit\u00e1rn\u00ed pracovn\u00edci tvrd\u00ed, \u017ee\u00a0\u00a0<strong>vyho\u0161t\u011bn\u00ed jim pr\u00e1ci zt\u00ed\u017eilo a n\u011bkdy znemo\u017enilo.\u00a0<\/strong>\u00a0Alauzi a de Klerk uvedli, \u017ee jejich organizace obvykle\u00a0\u00a0<strong>ztr\u00e1cej\u00ed kontakt s vyho\u0161t\u011bn\u00fdmi,<\/strong>\u00a0\u00a0a oba hovo\u0159ili o ztr\u00e1t\u011b t\u011b\u017ece vybudovan\u00e9 d\u016fv\u011bry v pr\u00e1ci humanit\u00e1rn\u00edch skupin. Jak se zrychluj\u00ed policejn\u00ed operace, jejich\u017e c\u00edlem je vy\u010distit ulice Pa\u0159\u00ed\u017ee od ne\u017e\u00e1douc\u00edch osob, Alauzi a jeho kolegov\u00e9 p\u0159em\u00fd\u0161l\u00ed,\u00a0\u00a0<strong>co hry skute\u010dn\u011b znamenaj\u00ed pro chud\u00e9.<\/strong>\u00a0\u00a0Mnoho z t\u011bch, kte\u0159\u00ed byli p\u0159es\u00eddleni mimo Pa\u0159\u00ed\u017e,\u00a0\u00a0<strong>je b\u011bhem n\u011bkolika t\u00fddn\u016f zp\u011bt do ulic, \u0159ekl.<\/strong><\/p>\n<p><strong>Camille Chezeov\u00e1,\u00a0<\/strong>\u00a0mluv\u010d\u00ed francouzsk\u00e9ho ministerstva vnitra, uvedla, \u017ee p\u0159esuny\u00a0\u00a0<strong>nesouvis\u00ed s olympi\u00e1dou<\/strong>\u00a0\u00a0a jsou sou\u010d\u00e1st\u00ed\u00a0\u00a0<em>\u201e\u0161ir\u0161\u00ed politiky distribuce\u201c\u00a0<\/em>\u00a0migrant\u016f a \u017eadatel\u016f o azyl po cel\u00e9 Francii.<\/p>\n<p>V dubnu v\u0161ak francouzsk\u00e9 noviny\u00a0\u00a0<strong>L`\u00c9quipe\u00a0<\/strong>\u00a0informovaly, \u017ee obdr\u017eely e-mail od \u00fa\u0159edn\u00edka z oblasti bydlen\u00ed, \u017ee si m\u011bsto dalo za c\u00edl\u00a0\u00a0<em>\u201eidentifikovat lidi na ulici v oblastech pobl\u00ed\u017e olympijsk\u00fdch sportovi\u0161\u0165\u201c<\/em>\u00a0a p\u0159em\u00edstit je.<\/p>\n<p>B\u011bhem posledn\u00edch \u0161esti m\u011bs\u00edc\u016f byli vyst\u011bhovan\u00ed lid\u00e9 po\u017e\u00e1d\u00e1ni, aby v\u011bt\u0161inou chodili do center um\u00edst\u011bn\u00fdch ve\u00a0\u00a0<strong>venkovsk\u00fdch oblastech<\/strong>\u00a0, kde je m\u00e1lo zdroj\u016f a kde nen\u00ed p\u0159\u00edle\u017eitost se spojit s komunitou. Jin\u00fdm je nab\u00eddnuto\u00a0\u00a0<strong>nouzov\u00e9 \u00fato\u010di\u0161t\u011b na jednu noc<\/strong>\u00a0, a kdy\u017e zavolaj\u00ed znovu pot\u00e9, co byli nuceni vr\u00e1tit se do ulic, je jim \u0159e\u010deno, \u017ee nen\u00ed m\u00edsto. De Klerk to naz\u00fdv\u00e1 vl\u00e1dn\u00ed zp\u016fsob p\u0159edst\u00edr\u00e1n\u00ed \u0159e\u0161en\u00ed probl\u00e9mu, ani\u017e by ve skute\u010dnosti nab\u00edzel trval\u00e1 \u0159e\u0161en\u00ed. P\u0159ibli\u017en\u011b \u010dtvrtina osob posti\u017een\u00fdch vyho\u0161t\u011bn\u00edm jsou nezletil\u00ed, z nich\u017e mnoz\u00ed se\u00a0<strong>ve Francii objevili sami, bez doprovodu dosp\u011bl\u00fdch.<\/strong><\/p>\n<p>Podle\u00a0\u00a0<strong>Julese Boykoffa,<\/strong>\u00a0b\u00fdval\u00e9ho americk\u00e9ho olympijsk\u00e9ho fotbalisty, kter\u00fd nyn\u00ed vyu\u010duje politologii na Oregon Pacific University, \u00a0je takov\u00e1 taktika na olympijsk\u00fdch hr\u00e1ch \u201erutinn\u00ed\u201c. Hry maj\u00ed \u201edlouhou a neslavnou\u201c historii vys\u00eddlov\u00e1n\u00ed bezdomovc\u016f, chud\u00fdch a d\u011blnick\u00fdch t\u0159\u00edd z hostitelsk\u00e9ho m\u011bsta, \u0159ekl.<\/p>\n<p><em>&#8222;N\u011bkdy je to jen brut\u00e1ln\u00ed nucen\u00e9 vys\u00eddlen\u00ed, jako kdy\u017e jsou lid\u00e9 vyhazov\u00e1ni na ulici.&#8220;<\/em><\/p>\n<p>Lidskopr\u00e1vn\u00ed aktivist\u00e9 z Nadace pro boj proti repres\u00edm odsuzuj\u00ed\u00a0\u00a0<strong>nevy\u0159\u010denou politiku \u201esoci\u00e1ln\u00edch \u010distek\u201c,<\/strong>\u00a0kterou zah\u00e1jila francouzsk\u00e1 vl\u00e1da p\u0159ed letn\u00edmi olympijsk\u00fdmi hrami v roce 2024 Odborn\u00edci z nadace vyz\u00fdvaj\u00ed \u00fa\u0159ady Pa\u0159\u00ed\u017ee a dal\u0161\u00edch velk\u00fdch m\u011bst\u00a0<strong>\u00a0upustit od jak\u00e9koli praxe soci\u00e1ln\u011b-ekonomick\u00e9 perzekuce chud\u00fdch a n\u00edzkop\u0159\u00edjmov\u00fdch ob\u010dan\u016f.<\/strong>\u00a0\u00a0Nadace v\u011b\u0159\u00ed, \u017ee je nutn\u00e9 naj\u00edt dlouhodob\u00e9 \u0159e\u0161en\u00ed\u00a0\u00a0<strong>probl\u00e9m\u016f bezdomovectv\u00ed v cel\u00e9 Francii<\/strong>\u00a0, sp\u00ed\u0161e ne\u017e se je sna\u017eit skr\u00fdvat.<\/p>\n<p><span style=\"font-size: 10pt;\"><a href=\"https:\/\/fondfbr.ru\/stati\/paris-olympics-social-cleansing\/\">ARF<\/a><\/span><\/p>\n<p>&nbsp;<\/p>\n","protected":false},"excerpt":{"rendered":"<p>Lidskopr\u00e1vn\u00ed aktivist\u00e9 z Anti-Repression Foundation jsou znepokojeni rozsahem \u201esoci\u00e1ln\u00ed \u010distky\u201c olympijsk\u00e9 Pa\u0159\u00ed\u017ee a jej\u00edho okol\u00ed,&#8230;<\/p>\n","protected":false},"author":2,"featured_media":58679,"comment_status":"closed","ping_status":"closed","sticky":false,"template":"","format":"standard","meta":[],"categories":[7],"tags":[1983,144,408,362,3296],"_links":{"self":[{"href":"https:\/\/www.infokuryr.cz\/n\/wp-json\/wp\/v2\/posts\/58678"}],"collection":[{"href":"https:\/\/www.infokuryr.cz\/n\/wp-json\/wp\/v2\/posts"}],"about":[{"href":"https:\/\/www.infokuryr.cz\/n\/wp-json\/wp\/v2\/types\/post"}],"author":[{"embeddable":true,"href":"https:\/\/www.infokuryr.cz\/n\/wp-json\/wp\/v2\/users\/2"}],"replies":[{"embeddable":true,"href":"https:\/\/www.infokuryr.cz\/n\/wp-json\/wp\/v2\/comments?post=58678"}],"version-history":[{"count":0,"href":"https:\/\/www.infokuryr.cz\/n\/wp-json\/wp\/v2\/posts\/58678\/revisions"}],"wp:featuredmedia":[{"embeddable":true,"href":"https:\/\/www.infokuryr.cz\/n\/wp-json\/wp\/v2\/media\/58679"}],"wp:attachment":[{"href":"https:\/\/www.infokuryr.cz\/n\/wp-json\/wp\/v2\/media?parent=58678"}],"wp:term":[{"taxonomy":"category","embeddable":true,"href":"https:\/\/www.infokuryr.cz\/n\/wp-json\/wp\/v2\/categories?post=58678"},{"taxonomy":"post_tag","embeddable":true,"href":"https:\/\/www.infokuryr.cz\/n\/wp-json\/wp\/v2\/tags?post=58678"}],"curies":[{"name":"wp","href":"https:\/\/api.w.org\/{rel}","templated":true}]}}