{"id":58567,"date":"2024-07-26T00:33:09","date_gmt":"2024-07-25T22:33:09","guid":{"rendered":"https:\/\/www.infokuryr.cz\/n\/?p=58567"},"modified":"2024-07-25T15:47:01","modified_gmt":"2024-07-25T13:47:01","slug":"vazne-putin-zlikvidoval-vaclava-havla","status":"publish","type":"post","link":"https:\/\/www.infokuryr.cz\/n\/2024\/07\/26\/vazne-putin-zlikvidoval-vaclava-havla\/","title":{"rendered":"V\u00e1\u017en\u011b Putin zlikvidoval V\u00e1clava Havla?"},"content":{"rendered":"<div id=\"fb-root\"><\/div>\n<div class=\"introtext\">\n<p><span style=\"font-size: 18pt;\"><strong>Zd\u00e1 se, \u017ee si Putin nikdy ned\u00e1 pokoj. Nejd\u0159\u00edv Vrb\u011btice, nyn\u00ed zase zl\u00e9 jazyky tvrd\u00ed, \u017ee si do\u0161l\u00e1pl na Havla.<\/strong><\/span><\/p>\n<\/div>\n<div class=\"fulltext\">\n<p>Teda na leti\u0161t\u011b Ruzy\u0148, kter\u00e9 b\u016fhv\u00ed pro\u010d n\u011bkdo p\u0159emaloval na Havla.<\/p>\n<h4><span style=\"font-size: 18pt;\"><strong>A p\u0159i\u0161la ke slovu op\u011bt propiska, star\u00e1, dobr\u00e1 k\u0159\u00edda a i \u0161koln\u00ed tabule&#8230;<\/strong><\/span><\/h4>\n<p>Podle Div\u00ed\u0161kov\u00e9 st\u0159ede\u010dn\u00ed v\u00fdpadek informa\u010dn\u00edch syst\u00e9m\u016f postihl krom\u011b informa\u010dn\u00edch tabul\u00ed na leti\u0161ti i intranet, web a intern\u00ed komunika\u010dn\u00ed kan\u00e1ly leti\u0161t\u011b. V hal\u00e1ch na obou termin\u00e1lech u\u017e podle n\u00ed pracovn\u00edci leti\u0161t\u011b rozm\u00edstili cedule, kter\u00e9 cestuj\u00edc\u00ed informuj\u00ed o probl\u00e9mu.<\/p>\n<table>\n<tbody>\n<tr>\n<td><span class=\"c_ew\">Microsoft zd\u016fraznil, \u017ee p\u0159\u00ed\u010dina probl\u00e9mu nebyla na jeho stran\u011b, ale u \u201enez\u00e1visl\u00e9 spole\u010dnosti\u00a0zab\u00fdvaj\u00edc\u00ed se kybernetickou bezpe\u010dnost\u00ed\u201c.<\/span><\/td>\n<\/tr>\n<\/tbody>\n<\/table>\n<p>Ch\u00e1pete to?\u00a0<strong>Kdy\u017e to nen\u00ed Putin, tak n\u00e1s ohro\u017euj\u00ed ti, co se staraj\u00ed o na\u0161\u00ed kybernetickou bezpe\u010dnost!<\/strong>\u00a0To nem\u00e1 chybu!<\/p>\n<p>M\u00edsto jednotek milion\u016f se toti\u017e po\u010det posti\u017een\u00fdch za\u0159\u00edzen\u00ed bl\u00ed\u017e\u00ed a\u017e k deseti milion\u016fm. Microsoft v sobotu informoval, \u017ee kolaps ochromil celkem na 8,5 milionu po\u010d\u00edta\u010d\u016f. To bylo p\u0159ed \u010dty\u0159mi dny. A Leti\u0161t\u011b Ruzy\u0148, z leknut\u00ed Havel, zkolabovalo op\u011bt v\u010dera.<\/p>\n<p>T\u0159eba nakonec vezmeme k dobru star\u00e9, sov\u011btsk\u00e9 \u0161\u010doty, neboli kuli\u010dkov\u00e1 po\u010d\u00edtadla..<\/p>\n<p>V\u00e1\u017en\u00fd dodatek: p\u00e1r agresivn\u00edch politick\u00fdch pitomc\u016f a zmago\u0159en\u00fdch d\u011bt\u00ed \u017e\u00e1d\u00e1 zru\u0161it klasickou m\u011bnu, v\u0161e p\u0159ejde na digit\u00e1l. Pak vypadne p\u00edsmenko v po\u010d\u00edta\u010di, vypadne elektrick\u00fd proud, a nete\u010de ani voda z kohoutku.\u00a0<strong>A p\u0159ed bar\u00e1kem si m\u016f\u017eete postavit kadibudku s k\u00fdblem a ta \u00faleva&#8230;<\/strong><\/p>\n<p><a href=\"https:\/\/www.skrytapravda.cz\/z-domova\/2012-vazne-putin-zlikvidoval-vaclava-havla\">Petr Pokorn\u00fd<\/a><\/p>\n<\/div>\n<p>&nbsp;<\/p>\n","protected":false},"excerpt":{"rendered":"<p>Zd\u00e1 se, \u017ee si Putin nikdy ned\u00e1 pokoj. Nejd\u0159\u00edv Vrb\u011btice, nyn\u00ed zase zl\u00e9 jazyky tvrd\u00ed,&#8230;<\/p>\n","protected":false},"author":2,"featured_media":58568,"comment_status":"closed","ping_status":"closed","sticky":false,"template":"","format":"standard","meta":[],"categories":[6],"tags":[647,1068,1503,806],"_links":{"self":[{"href":"https:\/\/www.infokuryr.cz\/n\/wp-json\/wp\/v2\/posts\/58567"}],"collection":[{"href":"https:\/\/www.infokuryr.cz\/n\/wp-json\/wp\/v2\/posts"}],"about":[{"href":"https:\/\/www.infokuryr.cz\/n\/wp-json\/wp\/v2\/types\/post"}],"author":[{"embeddable":true,"href":"https:\/\/www.infokuryr.cz\/n\/wp-json\/wp\/v2\/users\/2"}],"replies":[{"embeddable":true,"href":"https:\/\/www.infokuryr.cz\/n\/wp-json\/wp\/v2\/comments?post=58567"}],"version-history":[{"count":0,"href":"https:\/\/www.infokuryr.cz\/n\/wp-json\/wp\/v2\/posts\/58567\/revisions"}],"wp:featuredmedia":[{"embeddable":true,"href":"https:\/\/www.infokuryr.cz\/n\/wp-json\/wp\/v2\/media\/58568"}],"wp:attachment":[{"href":"https:\/\/www.infokuryr.cz\/n\/wp-json\/wp\/v2\/media?parent=58567"}],"wp:term":[{"taxonomy":"category","embeddable":true,"href":"https:\/\/www.infokuryr.cz\/n\/wp-json\/wp\/v2\/categories?post=58567"},{"taxonomy":"post_tag","embeddable":true,"href":"https:\/\/www.infokuryr.cz\/n\/wp-json\/wp\/v2\/tags?post=58567"}],"curies":[{"name":"wp","href":"https:\/\/api.w.org\/{rel}","templated":true}]}}