{"id":58533,"date":"2024-07-26T00:31:44","date_gmt":"2024-07-25T22:31:44","guid":{"rendered":"https:\/\/www.infokuryr.cz\/n\/?p=58533"},"modified":"2024-07-25T14:22:52","modified_gmt":"2024-07-25T12:22:52","slug":"thomas-roper-ukrajinsky-ministr-zahranici-v-cine-a-nova-retorika-ukrajinskeho-vedeni","status":"publish","type":"post","link":"https:\/\/www.infokuryr.cz\/n\/2024\/07\/26\/thomas-roper-ukrajinsky-ministr-zahranici-v-cine-a-nova-retorika-ukrajinskeho-vedeni\/","title":{"rendered":"Thomas R\u00f6per: Ukrajinsk\u00fd ministr zahrani\u010d\u00ed v \u010c\u00edn\u011b a nov\u00e1 r\u00e9torika ukrajinsk\u00e9ho veden\u00ed"},"content":{"rendered":"<div id=\"fb-root\"><\/div>\n<p><span style=\"font-size: 14pt;\"><strong>Z Kyjeva se v posledn\u00ed dob\u011b oz\u00fdvaj\u00ed nov\u00e9 zvuky. Najednou se mluv\u00ed o p\u0159\u00edm\u00fdch jedn\u00e1n\u00edch s Ruskem a Moskva nyn\u00ed signalizovala, \u017ee nov\u00e9 kyjevsk\u00e9 ambas\u00e1dy \u201esouhlas\u00ed\u201c s rusk\u00fdm postojem.<\/strong><\/span><\/p>\n<p><span>V dubnu 2022 se Kyjev a Moskva b\u011bhem jedn\u00e1n\u00ed v Istanbulu\u00a0<\/span><a href=\"https:\/\/anti-spiegel.ru\/2024\/der-artikel-der-new-york-times-ueber-die-friedensverhandlungen-vom-maerz-und-april-2022\/\"><span>velmi p\u0159ibl\u00ed\u017eily m\u00edrov\u00e9mu \u0159e\u0161en\u00ed<\/span><\/a><span>\u00a0, ale pot\u00e9 Kyjev \u2013\u00a0<\/span><a href=\"https:\/\/anti-spiegel.ru\/2023\/die-friedensverhandlungen-zwischen-russland-und-der-ukraine-im-maerz-2022\/\"><span>z\u0159ejm\u011b pod tlakem Z\u00e1padu<\/span><\/a><span>\u00a0\u2013 jedn\u00e1n\u00ed p\u0159eru\u0161il a ozn\u00e1mil, \u017ee rozhodnut\u00ed bude muset b\u00fdt u\u010din\u011bno na boji\u0161ti. 30. z\u00e1\u0159\u00ed 2022 (\u00a0<\/span><a href=\"https:\/\/anti-spiegel.ru\/2024\/selensky-will-russland-zu-naechstem-friedensgipfel-einladen\/\"><span>v t\u00e9 dob\u011b je\u0161t\u011b legitimn\u00ed<\/span><\/a><span>\u00a0) ukrajinsk\u00fd prezident Zelenskyj dokonce vydal dekret zakazuj\u00edc\u00ed vyjedn\u00e1v\u00e1n\u00ed s \u201ePutinov\u00fdm Ruskem\u201c a \u010din\u00ed je trestuhodn\u00fdmi.<\/span><\/p>\n<p><span>To byla ofici\u00e1ln\u00ed linie Kyjeva a Z\u00e1padu v\u00edce ne\u017e dva roky. Ale ned\u00e1vno se z Kyjeva ozvaly nov\u00e9 zvuky a\u00a0<\/span><a href=\"https:\/\/anti-spiegel.ru\/2024\/selensky-will-russland-zu-naechstem-friedensgipfel-einladen\/\"><span>najednou Zelenskij mluv\u00ed o<\/span><\/a><span>\u00a0pozv\u00e1n\u00ed Ruska na p\u0159\u00ed\u0161t\u00ed \u201em\u00edrov\u00fd summit\u201c. Jak je to slu\u010diteln\u00e9 s jeho v\u00fdnosem, ve kter\u00e9m kriminalizoval p\u0159\u00edm\u00e9 rozhovory s \u201ePutinov\u00fdm Ruskem\u201c, z\u016fst\u00e1v\u00e1 tajemstv\u00edm.<\/span><\/p>\n<p><span>Nov\u00e1 prohl\u00e1\u0161en\u00ed z Kyjeva byla zat\u00edm zna\u010dn\u011b zakalen\u00e1 a reakce Moskvy odpov\u00eddaj\u00edc\u00edm zp\u016fsobem opatrn\u00e1, proto\u017ee Moskva nev\u011bd\u011bla, o \u010dem p\u0159esn\u011b a za jak\u00fdch podm\u00ednek chce Ukrajina na p\u0159\u00ed\u0161t\u00edm \u201em\u00edrov\u00e9m summitu\u201c vlastn\u011b jednat.<\/span><\/p>\n<h3 class=\"wp-block-heading\"><span style=\"font-size: 18pt;\">Ukrajinsk\u00fd ministr zahrani\u010d\u00ed v \u010c\u00edn\u011b<\/span><\/h3>\n<p><span>Ve\u0159ejn\u011b zn\u00e1m\u00e9 tiskov\u00e9 zpr\u00e1vy to zat\u00edm nezm\u011bnily, ale v z\u00e1kulis\u00ed z\u0159ejm\u011b doch\u00e1z\u00ed k pohybu, jak ukazuje cesta ukrajinsk\u00e9ho ministra zahrani\u010d\u00ed Kuleby do \u010c\u00edny. Po setk\u00e1n\u00ed\u00a0\u010d\u00ednsk\u00fd ministr zahrani\u010d\u00ed\u00a0<\/span><a href=\"https:\/\/tass.ru\/mezhdunarodnaya-panorama\/21435647\"><span>uvedl :<\/span><\/a><\/p>\n<p><em>&#8222;Ukrajina se chce \u00fa\u010dastnit dialogu a jedn\u00e1n\u00ed s Ruskem a p\u0159ipravuje se na to.&#8220;<\/em><\/p>\n<p><span>Podle ukrajinsk\u00e9ho ministra zahrani\u010d\u00ed by \u201erozhovory m\u011bly b\u00fdt racion\u00e1ln\u00ed a v\u011bcn\u00e9, aby bylo dosa\u017eeno spravedliv\u00e9ho a trval\u00e9ho m\u00edru,\u201c pokra\u010doval \u010d\u00ednsk\u00fd ministr zahrani\u010d\u00ed.<\/span><\/p>\n<p><span>Kuleba \u0159ekl, \u017ee Ukrajina vysoce oce\u0148uje aktivn\u00ed a konstruktivn\u00ed roli \u010c\u00edny p\u0159i prosazov\u00e1n\u00ed m\u00edru a udr\u017eov\u00e1n\u00ed mezin\u00e1rodn\u00edho po\u0159\u00e1dku, co\u017e bylo velmi neo\u010dek\u00e1van\u00e9 prohl\u00e1\u0161en\u00ed, proto\u017ee Kyjev dosud odm\u00edtal v\u0161echny \u010d\u00ednsk\u00e9 my\u0161lenky o ukrajinsk\u00e9m konfliktu. A \u0159ekl je\u0161t\u011b ne\u010dekan\u011bj\u0161\u00ed v\u011bci, proto\u017ee tak\u00e9 \u0159ekl, \u017ee Kyjev p\u0159ikl\u00e1d\u00e1 velk\u00fd v\u00fdznam n\u00e1zoru Pekingu, \u017ee ukrajinsk\u00e1 strana prostudovala iniciativu \u010c\u00edny a Braz\u00edlie na politick\u00e9 urovn\u00e1n\u00ed konfliktu, co\u017e Kyjev v\u017edy rozhodn\u011b odm\u00edtal.<\/span><\/p>\n<p><span>Ukrajinsk\u00e9 ministerstvo zahrani\u010d\u00ed\u00a0<\/span><a href=\"https:\/\/tass.ru\/mezhdunarodnaya-panorama\/21436469\"><span>uvedlo<\/span><\/a><span>\u00a0, \u017ee ukrajinsk\u00fd ministr zahrani\u010d\u00ed Dmitrij Kuleba informoval \u010d\u00ednsk\u00e9ho ministra zahrani\u010d\u00ed Wang Yi, \u017ee Kyjev je p\u0159ipraven na jedn\u00e1n\u00ed s Moskvou ve vhodnou dobu:<\/span><\/p>\n<p><em>&#8222;Dmitri Kuleba vyj\u00e1d\u0159il konzistentn\u00ed postoj Ukrajiny, kter\u00fd zahrnuje p\u0159ipravenost v\u00e9st proces vyjedn\u00e1v\u00e1n\u00ed s ruskou stranou ve vhodn\u00e9 f\u00e1zi, kdy je Rusko p\u0159ipraveno jednat v dobr\u00e9 v\u00ed\u0159e.&#8220;<\/em><\/p>\n<p><span>Ukrajinsk\u00e9 ministerstvo zahrani\u010d\u00ed ale dodalo, \u017ee podle ukrajinsk\u00e9ho ministra zahrani\u010d\u00ed \u201ena rusk\u00e9 stran\u011b v sou\u010dasnosti takov\u00e1 ochota nen\u00ed\u201c. Ukrajinsk\u00e9 ministerstvo zahrani\u010d\u00ed d\u00e1le uvedlo, \u017ee hled\u00e1n\u00ed cest k vy\u0159e\u0161en\u00ed konfliktu bylo hlavn\u00edm t\u00e9matem jedn\u00e1n\u00ed s Wang Yi, p\u0159i\u010dem\u017e Kuleba poznamenal, \u017ee je nutn\u00e9 ukon\u010dit ukrajinsk\u00fd konflikt, \u201eobnovit m\u00edr a urychlit obnovu st\u00e1tu\u201c.<\/span><\/p>\n<p><span>Tyto ofici\u00e1ln\u00ed zpr\u00e1vy se neli\u0161\u00ed od toho, co ned\u00e1vno zazn\u011blo z Kyjeva, ale kter\u00e9 neobsahovalo \u017e\u00e1dn\u00e1 konkr\u00e9tn\u00ed prohl\u00e1\u0161en\u00ed.<\/span><\/p>\n<h3 class=\"wp-block-heading\"><span style=\"font-size: 18pt;\">Je Kyjev p\u0159ipraven vzd\u00e1t se \u010dlenstv\u00ed v NATO?<\/span><\/h3>\n<p><span>Jedn\u00edm z nejd\u016fle\u017eit\u011bj\u0161\u00edch po\u017eadavk\u016f Ruska v\u017edy bylo, aby Ukrajina z\u016fstala neutr\u00e1ln\u00edm st\u00e1tem, kter\u00fd se nep\u0159ipoj\u00ed k \u017e\u00e1dn\u00e9 vojensk\u00e9 alianci \u2013 a u\u017e v\u016fbec ne k NATO. Ohl\u00e1\u0161en\u00fd vstup Ukrajiny do NATO byl hlavn\u00edm d\u016fvodem eskalace v \u00fanoru 2022. Kuleba proto v \u010c\u00edn\u011b \u0159ekl n\u011bco velmi p\u0159ekvapiv\u00e9ho.<\/span><\/p>\n<p><span>Ve sv\u00e9m \u00favodn\u00edm projevu p\u0159ed jedn\u00e1n\u00edm se sv\u00fdm \u010d\u00ednsk\u00fdm prot\u011bj\u0161kem v Guangzhou prohl\u00e1sil\u00a0<\/span><a href=\"https:\/\/tass.ru\/mezhdunarodnaya-panorama\/21436931\"><span>,<\/span><\/a><span>\u00a0\u017ee Ukrajina hodl\u00e1 vstoupit do EU, ale nezm\u00ednil, jak je v takov\u00fdch p\u0159\u00edpadech obvykl\u00e9, pl\u00e1ny Kyjeva na \u010dlenstv\u00ed v NATO:<\/span><\/p>\n<p><em>\u201eUkrajina ned\u00e1vno zah\u00e1jila jedn\u00e1n\u00ed o vstupu do EU. Toto rozhodnut\u00ed je nevratn\u00e9 jak pro Ukrajinu, tak pro EU. &#8222;Navrhuji dnes mluvit o na\u0161ich bilater\u00e1ln\u00edch vztaz\u00edch tak\u00e9 z pohledu budouc\u00edho \u010dlenstv\u00ed Ukrajiny v EU a vztah\u016f \u010c\u00edny s EU.&#8220;<\/em><\/p>\n<p><span>Mimochodem, na istanbulsk\u00fdch jedn\u00e1n\u00edch v roce 2022 Rusko dokonce v\u00fdslovn\u011b souhlasilo s podporou vstupu Ukrajiny do EU. Zd\u00e1 se, \u017ee Rusko rezignovalo na p\u0159istoupen\u00ed Ukrajiny k EU pot\u00e9, co vl\u00e1dy na Majdanu vytvo\u0159ily hotovou v\u011bc a p\u0159eru\u0161ily star\u00e9 obchodn\u00ed a ekonomick\u00e9 vazby mezi Ukrajinou a Ruskem. Ale vstup Ukrajiny do NATO a rozm\u00edst\u011bn\u00ed zahrani\u010dn\u00edch voj\u00e1k\u016f na Ukrajin\u011b z\u016fst\u00e1v\u00e1 pro Rusko nep\u0159ijateln\u00e9.<\/span><\/p>\n<p><span>Pravd\u011bpodobn\u011b prob\u011bhly i n\u011bjak\u00e9 diskuse v z\u00e1kulis\u00ed, mo\u017en\u00e1 je na m\u00edst\u011b dokonce rusk\u00fd vyjednava\u010d, kter\u00e9ho mohou \u010c\u00ed\u0148an\u00e9 v p\u0159\u00edpad\u011b pot\u0159eby p\u0159\u00edmo informovat a pt\u00e1t se, proto\u017ee kr\u00e1tce po sch\u016fzce Kuleby s \u010d\u00ednsk\u00fdm ministrem zahrani\u010d\u00ed se\u00a0k tomu\u00a0<\/span><a href=\"https:\/\/de.rt.com\/international\/213397-kreml-kiews-erklaerung-zu-verhandlungsbereitschaft\/\"><span>vyj\u00e1d\u0159il<\/span><\/a><span>\u00a0mluv\u010d\u00ed Kremlu Dmitrij Peskov setk\u00e1n\u00ed v \u010c\u00edn\u011b a prvn\u00ed ve\u0159ejn\u00e1 prohl\u00e1\u0161en\u00ed takto:<\/span><\/p>\n<p><em>&#8222;Tato zpr\u00e1va je v souladu s na\u0161\u00ed pozic\u00ed.&#8220;<\/em><\/p>\n<p><span>Jde o zcela nov\u00e9 zvuky z Moskvy, co\u017e m\u016f\u017ee znamenat jen to, \u017ee Kuleba prok\u00e1zal je\u0161t\u011b v\u011bt\u0161\u00ed ochotu k jedn\u00e1n\u00ed v z\u00e1kulis\u00ed, ne\u017e avizoval ve sv\u00fdch ofici\u00e1ln\u00edch prohl\u00e1\u0161en\u00edch. Lid\u00e9 v Moskv\u011b byli z\u0159ejm\u011b rychle informov\u00e1ni, proto\u017ee citovan\u00e1 ve\u0159ejn\u00e1 prohl\u00e1\u0161en\u00ed ze sch\u016fzky v \u010c\u00edn\u011b nijak neospravedl\u0148uj\u00ed koment\u00e1\u0159, \u017ee tato zpr\u00e1va odpov\u00edd\u00e1 rusk\u00e9mu postoji.<\/span><\/p>\n<h3 class=\"wp-block-heading\"><span style=\"font-size: 18pt;\">Je Kyjev kone\u010dn\u011b p\u0159ipraven na seri\u00f3zn\u00ed jedn\u00e1n\u00ed?<\/span><\/h3>\n<p><span>Skute\u010dnost, \u017ee Kuleba odlet\u011bl do \u010c\u00edny, ukazuje, \u017ee Kyjev by mohl b\u00fdt p\u0159ipraven na seri\u00f3zn\u00ed jedn\u00e1n\u00ed. V o\u010d\u00edch Kyjeva je \u010c\u00edna pova\u017eov\u00e1na za spojence Moskvy a Kyjev v\u017edy \u010d\u00ednsk\u00fd m\u00edrov\u00fd n\u00e1vrh p\u0159\u00edmo odm\u00edtal.<\/span><\/p>\n<p><a href=\"https:\/\/tass.ru\/mezhdunarodnaya-panorama\/21443603\"><span>Koment\u00e1\u0159, kter\u00fd Kuleba zve\u0159ejnil<\/span><\/a><span>\u00a0po jedn\u00e1n\u00ed v \u010c\u00edn\u011b, tak\u00e9 ukazuje, \u017ee se postoj Kyjeva mohl zm\u011bnit\u00a0:<\/span><\/p>\n<p><em>&#8222;Shodli jsme se, \u017ee v\u0161echny s\u00edly by m\u011bly spolupracovat, aby na\u0161ly spole\u010dnou \u0159e\u010d sm\u011brem k obnoven\u00ed skute\u010dn\u00e9ho m\u00edru.&#8220;<\/em><\/p>\n<p><span>Kyjev podle jeho n\u00e1zoru pot\u0159ebuje trval\u00fd m\u00edr, nikoli iluzi. Kuleba popsal diskuse s Wang Yi jako podrobn\u00e9 a v\u011bcn\u00e9. Pod\u011bkoval \u010d\u00ednsk\u00e9mu ministru zahrani\u010d\u00ed za pohostinnost a pozval ho na n\u00e1v\u0161t\u011bvu Ukrajiny.<\/span><\/p>\n<p><span>Tentokr\u00e1t nebylo ani stopy po p\u0159edchoz\u00ed ukrajinsk\u00e9 kritice \u010d\u00ednsk\u00e9ho postoje k ukrajinsk\u00e9mu konfliktu a \u010d\u00ednsk\u00e9mu m\u00edrov\u00e9mu pl\u00e1nu.<\/span><\/p>\n<p><span>To neznamen\u00e1, \u017ee bylo dosa\u017eeno pr\u016flomu. Ale alespo\u0148 se zd\u00e1, \u017ee se v\u011bci h\u00fdbou spr\u00e1vn\u00fdm sm\u011brem.<\/span><\/p>\n<p><a href=\"https:\/\/anti-spiegel.ru\/2024\/der-ukrainische-aussenminister-in-kiew-und-die-neue-rhetorik-der-ukrainischen-fuehrung\/\">Thomas R\u00f6per<\/a><\/p>\n<p><img decoding=\"async\" loading=\"lazy\" class=\"alignnone  wp-image-22016\" src=\"http:\/\/www.infokuryr.cz\/n\/wp-content\/uploads\/2023\/01\/Thomas-Roper-298x300.jpg\" alt=\"\" width=\"163\" height=\"164\" srcset=\"https:\/\/www.infokuryr.cz\/n\/wp-content\/uploads\/2023\/01\/Thomas-Roper-298x300.jpg 298w, https:\/\/www.infokuryr.cz\/n\/wp-content\/uploads\/2023\/01\/Thomas-Roper-150x150.jpg 150w, https:\/\/www.infokuryr.cz\/n\/wp-content\/uploads\/2023\/01\/Thomas-Roper.jpg 596w\" sizes=\"(max-width: 163px) 100vw, 163px\" \/><\/p>\n","protected":false},"excerpt":{"rendered":"<p>Z Kyjeva se v posledn\u00ed dob\u011b oz\u00fdvaj\u00ed nov\u00e9 zvuky. Najednou se mluv\u00ed o p\u0159\u00edm\u00fdch jedn\u00e1n\u00edch&#8230;<\/p>\n","protected":false},"author":2,"featured_media":58534,"comment_status":"closed","ping_status":"closed","sticky":false,"template":"","format":"standard","meta":[],"categories":[7],"tags":[30,1503,1426,1629,26],"_links":{"self":[{"href":"https:\/\/www.infokuryr.cz\/n\/wp-json\/wp\/v2\/posts\/58533"}],"collection":[{"href":"https:\/\/www.infokuryr.cz\/n\/wp-json\/wp\/v2\/posts"}],"about":[{"href":"https:\/\/www.infokuryr.cz\/n\/wp-json\/wp\/v2\/types\/post"}],"author":[{"embeddable":true,"href":"https:\/\/www.infokuryr.cz\/n\/wp-json\/wp\/v2\/users\/2"}],"replies":[{"embeddable":true,"href":"https:\/\/www.infokuryr.cz\/n\/wp-json\/wp\/v2\/comments?post=58533"}],"version-history":[{"count":0,"href":"https:\/\/www.infokuryr.cz\/n\/wp-json\/wp\/v2\/posts\/58533\/revisions"}],"wp:featuredmedia":[{"embeddable":true,"href":"https:\/\/www.infokuryr.cz\/n\/wp-json\/wp\/v2\/media\/58534"}],"wp:attachment":[{"href":"https:\/\/www.infokuryr.cz\/n\/wp-json\/wp\/v2\/media?parent=58533"}],"wp:term":[{"taxonomy":"category","embeddable":true,"href":"https:\/\/www.infokuryr.cz\/n\/wp-json\/wp\/v2\/categories?post=58533"},{"taxonomy":"post_tag","embeddable":true,"href":"https:\/\/www.infokuryr.cz\/n\/wp-json\/wp\/v2\/tags?post=58533"}],"curies":[{"name":"wp","href":"https:\/\/api.w.org\/{rel}","templated":true}]}}