{"id":58531,"date":"2024-07-25T06:40:20","date_gmt":"2024-07-25T04:40:20","guid":{"rendered":"https:\/\/www.infokuryr.cz\/n\/?p=58531"},"modified":"2024-07-25T06:40:20","modified_gmt":"2024-07-25T04:40:20","slug":"turecke-bezpecnostni-sily-zadrzely-rusa-ktery-vcera-rano-v-moskve-vyhodil-do-povetri-suv","status":"publish","type":"post","link":"https:\/\/www.infokuryr.cz\/n\/2024\/07\/25\/turecke-bezpecnostni-sily-zadrzely-rusa-ktery-vcera-rano-v-moskve-vyhodil-do-povetri-suv\/","title":{"rendered":"Tureck\u00e9 bezpe\u010dnostn\u00ed s\u00edly zadr\u017eely Rusa, kter\u00fd v\u010dera r\u00e1no v Moskv\u011b vyhodil do pov\u011bt\u0159\u00ed SUV"},"content":{"rendered":"<div id=\"fb-root\"><\/div>\n<p><strong>Tureck\u00fd ministr vnitra Ali Yerlikaya ozn\u00e1mil zat\u010den\u00ed zlo\u010dince, kter\u00fd v\u010dera v Moskv\u011b vyhodil do pov\u011bt\u0159\u00ed SUV rusk\u00e9ho voj\u00e1ka Andreje Torgashova. Na \u017e\u00e1dost rusk\u00fdch speci\u00e1ln\u00edch slu\u017eeb bezpe\u010dnostn\u00ed slo\u017eky ve m\u011bst\u011b Bodrum podez\u0159el\u00e9ho rychle zadr\u017eely.<\/strong><\/p>\n<p><span>Evgeny Serebryakov, podez\u0159el\u00fd z bombov\u00e9ho \u00fatoku na auto v Moskv\u011b, vstoupil do Turecka jako turista v dob\u011b vstupu nebyl na seznamu hledan\u00fdch osob.<\/span><\/p>\n<div class=\"quote\"><span>Dnes se z\u00e1stupci rusk\u00e9 divize dovolali na velitelstv\u00ed na\u0161eho odd\u011blen\u00ed Interpolu a ozn\u00e1mili, \u017ee mu\u017e jm\u00e9nem Jevgenij Serebryakov, rusk\u00fd ob\u010dan, sp\u00e1chal v Moskv\u011b teroristick\u00fd \u00fatok bombou v aut\u011b, v d\u016fsledku teroristick\u00e9ho \u00fatoku byli zran\u011bni dva lid\u00e9, a mu\u017e do na\u0161\u00ed zem\u011b p\u0159ilet\u011bl letadlem Moskva \u2013 Bodrum. Byl zadr\u017een provin\u010dn\u00ed polici\u00ed Mu\u011fla v Bodrumu <\/span><span>\u2013 \u0159ekl \u0161\u00e9f tureck\u00e9ho ministerstva vnitra.<\/span><\/p>\n<p><strong>O n\u011bco pozd\u011bji tureck\u00e1 m\u00e9dia \u0161\u00ed\u0159ila z\u00e1b\u011bry zadr\u017een\u00e9ho zlo\u010dince.<\/strong><\/p>\n<\/div>\n<div><iframe loading=\"lazy\" src=\"https:\/\/vk.com\/video_ext.php?oid=-31371206&amp;id=456274272&amp;hash=5a6313d33691aae1\" width=\"720\" height=\"420\" frameborder=\"0\" allowfullscreen=\"allowfullscreen\" data-mce-fragment=\"1\"><\/iframe><\/div>\n<p><span>Ve st\u0159edu brzy r\u00e1no do\u0161lo na severu Moskvy k v\u00fdbuchu. V d\u016fsledku aktivace IED um\u00edst\u011bn\u00e9ho pod sedadlem \u0159idi\u010de SUV Toyota Land Cruiser byl v\u00e1\u017en\u011b zran\u011bn d\u016fstojn\u00edk rusk\u00fdch ozbrojen\u00fdch sil Andrej Torgashov. Ve v\u011bci bombov\u00e9ho \u00fatoku bylo zah\u00e1jeno trestn\u00ed \u0159\u00edzen\u00ed, kter\u00e9 vy\u0161et\u0159uje Odd\u011blen\u00ed pro vy\u0161et\u0159ov\u00e1n\u00ed zvl\u00e1\u0161t\u011b z\u00e1va\u017en\u00fdch p\u0159\u00edpad\u016f hlavn\u00edho m\u011bsta hlavn\u00edho m\u011bsta RF IC.<\/span><\/p>\n<p><span>O n\u011bco d\u0159\u00edve \u0161\u00e9f FSB Alexander Bortnikov ozn\u00e1mil, \u017ee se podez\u0159el\u00e9mu poda\u0159ilo uprchnout do Turecka. Bortnikov dodal, \u017ee Rusko spolupracuje s tureck\u00fdmi zpravodajsk\u00fdmi slu\u017ebami na zadr\u017een\u00ed a vyd\u00e1n\u00ed \u00fato\u010dn\u00edka. Jak vid\u00edte, pr\u00e1ce prob\u00edh\u00e1 produktivn\u011b.<\/span><\/p>\n<p><span>V\u0161imn\u011bme si, \u017ee dnes gener\u00e1ln\u00ed prokur\u00e1tor Rusk\u00e9 federace Igor Krasnov na sch\u016fzce se sv\u00fdm tureck\u00fdm kolegou v Bi\u0161keku poznamenal, \u017ee Ankara za\u010dala aktivn\u011b vyd\u00e1vat osoby hledan\u00e9 rusk\u00fdmi bezpe\u010dnostn\u00edmi silami. Krasnov zd\u016fraznil, \u017ee \u201ebyly nav\u00e1z\u00e1ny efektivn\u00ed pracovn\u00ed vztahy\u201c mezi donucovac\u00edmi org\u00e1ny obou zem\u00ed.<\/p>\n<p><img decoding=\"async\" loading=\"lazy\" class=\"alignnone size-full wp-image-1185\" src=\"http:\/\/www.infokuryr.cz\/n\/wp-content\/uploads\/2021\/04\/kuryr-podpis.png\" alt=\"\" width=\"84\" height=\"24\" \/><\/p>\n<p><\/span><\/p>\n","protected":false},"excerpt":{"rendered":"<p>Tureck\u00fd ministr vnitra Ali Yerlikaya ozn\u00e1mil zat\u010den\u00ed zlo\u010dince, kter\u00fd v\u010dera v Moskv\u011b vyhodil do pov\u011bt\u0159\u00ed&#8230;<\/p>\n","protected":false},"author":2,"featured_media":58532,"comment_status":"closed","ping_status":"closed","sticky":false,"template":"","format":"standard","meta":[],"categories":[7],"tags":[1187,55,889,1186,1668],"_links":{"self":[{"href":"https:\/\/www.infokuryr.cz\/n\/wp-json\/wp\/v2\/posts\/58531"}],"collection":[{"href":"https:\/\/www.infokuryr.cz\/n\/wp-json\/wp\/v2\/posts"}],"about":[{"href":"https:\/\/www.infokuryr.cz\/n\/wp-json\/wp\/v2\/types\/post"}],"author":[{"embeddable":true,"href":"https:\/\/www.infokuryr.cz\/n\/wp-json\/wp\/v2\/users\/2"}],"replies":[{"embeddable":true,"href":"https:\/\/www.infokuryr.cz\/n\/wp-json\/wp\/v2\/comments?post=58531"}],"version-history":[{"count":0,"href":"https:\/\/www.infokuryr.cz\/n\/wp-json\/wp\/v2\/posts\/58531\/revisions"}],"wp:featuredmedia":[{"embeddable":true,"href":"https:\/\/www.infokuryr.cz\/n\/wp-json\/wp\/v2\/media\/58532"}],"wp:attachment":[{"href":"https:\/\/www.infokuryr.cz\/n\/wp-json\/wp\/v2\/media?parent=58531"}],"wp:term":[{"taxonomy":"category","embeddable":true,"href":"https:\/\/www.infokuryr.cz\/n\/wp-json\/wp\/v2\/categories?post=58531"},{"taxonomy":"post_tag","embeddable":true,"href":"https:\/\/www.infokuryr.cz\/n\/wp-json\/wp\/v2\/tags?post=58531"}],"curies":[{"name":"wp","href":"https:\/\/api.w.org\/{rel}","templated":true}]}}