{"id":58520,"date":"2024-07-25T05:51:53","date_gmt":"2024-07-25T03:51:53","guid":{"rendered":"https:\/\/www.infokuryr.cz\/n\/?p=58520"},"modified":"2024-07-25T05:51:53","modified_gmt":"2024-07-25T03:51:53","slug":"zelenskyj-definitivne-ztratil-legitimitu","status":"publish","type":"post","link":"https:\/\/www.infokuryr.cz\/n\/2024\/07\/25\/zelenskyj-definitivne-ztratil-legitimitu\/","title":{"rendered":"Zelenskyj \u201edefinitivn\u011b\u201c ztratil legitimitu"},"content":{"rendered":"<div id=\"fb-root\"><\/div>\n<p><span style=\"font-size: 18pt;\"><strong>Status ukrajinsk\u00e9ho v\u016fdce by mohl b\u00fdt potenci\u00e1ln\u011b p\u0159ek\u00e1\u017ekou pro budouc\u00ed m\u00edrov\u00e1 jedn\u00e1n\u00ed, \u0159ekl mluv\u010d\u00ed Dmitrij Peskov<\/strong><\/span><\/p>\n<p><span>Pochybn\u00fd status ukrajinsk\u00e9ho v\u016fdce Vladimira Zelensk\u00e9ho m\u016f\u017ee p\u0159edstavovat probl\u00e9m, kdy\u017e se Moskva a Kyjev nakonec dohodnou na m\u00edrov\u00fdch rozhovorech, \u0159ekl ve st\u0159edu novin\u00e1\u0159\u016fm mluv\u010d\u00ed Kremlu Dmitrij Peskov. Ji\u017e d\u0159\u00edve rusk\u00fd prezident Vladimir Putin zpochybnil Zelensk\u00e9ho legitimitu a poznamenal, \u017ee jeho funk\u010dn\u00ed obdob\u00ed form\u00e1ln\u011b vypr\u0161elo.<\/span><\/p>\n<p><em><span>\u201eN\u00e1\u0161 prezident opakovan\u011b \u0159ekl, \u017ee prezident Zelenskij definitivn\u011b ztratil legitimitu,\u201c<\/span><\/em><span>\u00a0\u0159ekl Peskov novin\u00e1\u0159\u016fm.\u00a0<\/span><\/p>\n<p><span>Dal\u0161\u00ed ot\u00e1zkou, kter\u00e1\u00a0<\/span><em><span>\u201em\u016f\u017ee v\u00e1\u017en\u011b br\u00e1nit m\u00edrov\u00e9mu procesu\u201c,<\/span><\/em><span>\u00a0je Zelensk\u00e9ho dekret z roku 2022, kter\u00fd\u00a0<\/span><em><span>\u201ezakazuje jak\u00e9koli ukrajinsk\u00e9 hlav\u011b st\u00e1tu jednat s prezidentem Putinem,\u201c<\/span><\/em><span>\u00a0\u0159ekl Peskov.\u00a0<\/span><\/p>\n<p><span>Zelensk\u00e9ho prezidentsk\u00fd mand\u00e1t form\u00e1ln\u011b vypr\u0161el 20. kv\u011btna. Odm\u00edtl uspo\u0159\u00e1dat volby v b\u0159eznu s odkazem na stann\u00e9 pr\u00e1vo zaveden\u00e9 kv\u016fli konfliktu s Ruskem. Argumentoval t\u00edm, \u017ee jeho mand\u00e1t byl de facto prodlou\u017een v souladu s ukrajinsk\u00fdm pr\u00e1vem.\u00a0<\/span><\/p>\n<p><span>Putin v posledn\u00edch m\u011bs\u00edc\u00edch n\u011bkolikr\u00e1t prohl\u00e1sil, \u017ee anal\u00fdza ukrajinsk\u00e9 \u00fastavy a dal\u0161\u00edch pr\u00e1vn\u00edch p\u0159edpis\u016f neponech\u00e1v\u00e1 \u017e\u00e1dn\u00fd prostor pro v\u00fdklad, kter\u00fd by Zelensk\u00e9mu umo\u017enil z\u016fstat u moci.\u00a0<\/span><\/p>\n<p><span>Putin v kv\u011btnu s odvol\u00e1n\u00edm na \u010dl\u00e1nek 111 ukrajinsk\u00e9 \u00fastavy tvrdil, \u017ee Zelensk\u00e9ho pravomoci m\u011bly b\u00fdt p\u0159evedeny na p\u0159edsedu ukrajinsk\u00e9ho parlamentu, Nejvy\u0161\u0161\u00ed radu.\u00a0<\/span><\/p>\n<p><span>P\u0159edseda Nejvy\u0161\u0161\u00ed rady Ruslan Stefan\u010duk v\u0161ak trv\u00e1 na tom, \u017ee Zelenskyj je legitimn\u00ed hlavou st\u00e1tu, a tvrdil, \u017ee kdokoli zpochyb\u0148uje jeho legitimitu, je\u00a0<\/span><em><span>\u201enep\u0159\u00edtel\u201c.<\/span><\/em><\/p>\n<p><span>Mluv\u010d\u00ed \u010d\u00ednsk\u00e9ho ministerstva zahrani\u010d\u00ed Mao Ning d\u0159\u00edve ve st\u0159edu novin\u00e1\u0159\u016fm \u0159ekla, \u017ee ukrajinsk\u00fd ministr zahrani\u010d\u00ed Dmitrij Kuleba b\u011bhem sv\u00e9 cesty do Pekingu dal jasn\u011b najevo, \u017ee je\u00a0<\/span><em><span>\u201ep\u0159ipraven a ochoten\u201c<\/span><\/em><span>\u00a0v\u00e9st m\u00edrov\u00e1 jedn\u00e1n\u00ed s Moskvou. Moskva reagovala t\u00edm, \u017ee po\u010dk\u00e1 na podrobnosti o ukrajinsk\u00e9 pozici.\u00a0<\/span><em><span>&#8222;Nesly\u0161eli jsme takov\u00e1 prohl\u00e1\u0161en\u00ed od samotn\u00e9ho Kuleby,&#8220;<\/span><\/em><span>\u00a0\u0159ekl Peskov ve st\u0159edu a dodal, \u017ee jedn\u00e1n\u00ed jsou\u00a0<\/span><em><span>&#8222;lep\u0161\u00ed&#8220;<\/span><\/em><span>\u00a0ne\u017e pokra\u010duj\u00edc\u00ed nep\u0159\u00e1telstv\u00ed.<\/span><\/p>\n<p><span>Jedn\u00e1n\u00ed mezi Ruskem a Ukrajinou zkrachovala na ja\u0159e 2022 a ob\u011b strany se vz\u00e1jemn\u011b obvi\u0148ovaly z nere\u00e1ln\u00fdch po\u017eadavk\u016f.<\/span><\/p>\n<p><img decoding=\"async\" loading=\"lazy\" class=\"alignnone size-full wp-image-1185\" src=\"http:\/\/www.infokuryr.cz\/n\/wp-content\/uploads\/2021\/04\/kuryr-podpis.png\" alt=\"\" width=\"84\" height=\"24\" \/><\/p>\n<p>&nbsp;<\/p>\n","protected":false},"excerpt":{"rendered":"<p>Status ukrajinsk\u00e9ho v\u016fdce by mohl b\u00fdt potenci\u00e1ln\u011b p\u0159ek\u00e1\u017ekou pro budouc\u00ed m\u00edrov\u00e1 jedn\u00e1n\u00ed, \u0159ekl mluv\u010d\u00ed Dmitrij&#8230;<\/p>\n","protected":false},"author":2,"featured_media":51158,"comment_status":"closed","ping_status":"closed","sticky":false,"template":"","format":"standard","meta":[],"categories":[7],"tags":[7122,26,1000],"_links":{"self":[{"href":"https:\/\/www.infokuryr.cz\/n\/wp-json\/wp\/v2\/posts\/58520"}],"collection":[{"href":"https:\/\/www.infokuryr.cz\/n\/wp-json\/wp\/v2\/posts"}],"about":[{"href":"https:\/\/www.infokuryr.cz\/n\/wp-json\/wp\/v2\/types\/post"}],"author":[{"embeddable":true,"href":"https:\/\/www.infokuryr.cz\/n\/wp-json\/wp\/v2\/users\/2"}],"replies":[{"embeddable":true,"href":"https:\/\/www.infokuryr.cz\/n\/wp-json\/wp\/v2\/comments?post=58520"}],"version-history":[{"count":0,"href":"https:\/\/www.infokuryr.cz\/n\/wp-json\/wp\/v2\/posts\/58520\/revisions"}],"wp:featuredmedia":[{"embeddable":true,"href":"https:\/\/www.infokuryr.cz\/n\/wp-json\/wp\/v2\/media\/51158"}],"wp:attachment":[{"href":"https:\/\/www.infokuryr.cz\/n\/wp-json\/wp\/v2\/media?parent=58520"}],"wp:term":[{"taxonomy":"category","embeddable":true,"href":"https:\/\/www.infokuryr.cz\/n\/wp-json\/wp\/v2\/categories?post=58520"},{"taxonomy":"post_tag","embeddable":true,"href":"https:\/\/www.infokuryr.cz\/n\/wp-json\/wp\/v2\/tags?post=58520"}],"curies":[{"name":"wp","href":"https:\/\/api.w.org\/{rel}","templated":true}]}}