{"id":5852,"date":"2021-11-02T03:31:44","date_gmt":"2021-11-02T02:31:44","guid":{"rendered":"http:\/\/www.infokuryr.cz\/n\/?p=5852"},"modified":"2021-11-02T03:31:44","modified_gmt":"2021-11-02T02:31:44","slug":"uz-se-zerou-pirati-vytahuji-spinave-pradlo-stan-nas-v-kampani-podvedl-rakusan-slibil-odvetnou-analyzu","status":"publish","type":"post","link":"https:\/\/www.infokuryr.cz\/n\/2021\/11\/02\/uz-se-zerou-pirati-vytahuji-spinave-pradlo-stan-nas-v-kampani-podvedl-rakusan-slibil-odvetnou-analyzu\/","title":{"rendered":"U\u017e se \u017eerou! Pir\u00e1ti vytahuji \u0161pinav\u00e9 pr\u00e1dlo: STAN n\u00e1s v kampani podvedl. Raku\u0161an sl\u00edbil odvetnou anal\u00fdzu"},"content":{"rendered":"<div id=\"fb-root\"><\/div>\n<p><strong>Server Neovlivn\u00ed.cz zve\u0159ejnil z\u00e1v\u011bry intern\u00ed anal\u00fdzy, kterou nechala vypracovat \u010cesk\u00e1 pir\u00e1tsk\u00e1 strana pot\u00e9, co ve volb\u00e1ch z\u00edskala jen \u010dty\u0159i poslaneck\u00e1 k\u0159esla. Z \u0161et\u0159en\u00ed vypl\u00fdv\u00e1, \u017ee z\u00e1stupci hnut\u00ed STAN poru\u0161ovali p\u0159ed volbami koali\u010dn\u00ed dohodu. \u0160\u00e9f starost\u016f V\u00edt Raku\u0161an mo\u017en\u00e9 poru\u0161en\u00ed odm\u00edtl. Anal\u00fdzu rovn\u011b\u017e kritizoval sen\u00e1tor STAN Zden\u011bk Hraba.<\/strong><\/p>\n<p>P\u0159ipome\u0148me, \u017ee uskupen\u00ed Pir\u00e1t\u016f a STAN v \u0159\u00edjnov\u00fdch volb\u00e1ch do sn\u011bmovny\u00a0z\u00edskalo\u00a037 mand\u00e1t\u016f za 15,6 procenta hlas\u016f. Kv\u016fli preferen\u010dn\u00edm hlas\u016fm v\u0161ak v doln\u00ed komo\u0159e zasedne 33 poslanc\u016f za STAN a \u010dty\u0159i za Pir\u00e1ty, kte\u0159\u00ed do koalice vstupovali jako siln\u011bj\u0161\u00ed uskupen\u00ed.<\/p>\n<p>Z intern\u00edho 27str\u00e1nkov\u00e9ho \u0161et\u0159en\u00ed vypl\u00fdv\u00e1, \u017ee Starostov\u00e9 podle Pir\u00e1t\u016f nadr\u017eovali sv\u00fdm kandid\u00e1t\u016fm v p\u0159edvolebn\u00ed kampani. Anal\u00fdza se op\u00edr\u00e1 o fakt, \u017ee na c\u00edlenou reklamu vynalo\u017eili Starostov\u00e9 mnohem v\u00edce pen\u011bz.<\/p>\n<p>\u201eMinim\u00e1ln\u011b v dev\u00edti p\u0159\u00edpadech vyzvali ke krou\u017ekov\u00e1n\u00ed p\u0159\u00edmo kandid\u00e1ti STAN. Sen\u00e1torsk\u00fd klub STAN a jeho konkr\u00e9tn\u00ed \u010dlenov\u00e9 samostatn\u011b opakovan\u011b podporovali formou vide\u00ed nebo facebookov\u00fdch status\u016f krou\u017ekov\u00e1n\u00ed kandid\u00e1t\u016f STAN,\u201c\u00a0cituje\u00a0server z anal\u00fdzy.<\/p>\n<p>D\u00edky preferen\u010dn\u00edm hlas\u016fm ve St\u0159edo\u010desk\u00e9m kraji nap\u0159\u00edklad usp\u011bla zastupitelka Doln\u00edch B\u0159e\u017ean a Raku\u0161anova spolupracovnice Barbora Urbanov\u00e1.<\/p>\n<p>\u201eV den voleb vyzval ke krou\u017ekov\u00e1n\u00ed sv\u00e9 asistentky p\u0159edseda STAN ve sponzorovan\u00e9m p\u0159\u00edsp\u011bvku. Tato asistentka byla na 12. m\u00edst\u011b kandid\u00e1tky, tedy na nevoliteln\u00e9m m\u00edst\u011b. N\u00e1sledn\u011b z\u00edskala mand\u00e1t poslankyn\u011b,\u201c stoj\u00ed v anal\u00fdze.<\/p>\n<p>Anal\u00fdza Starost\u016fm vy\u010d\u00edt\u00e1 konkr\u00e9tn\u00ed kroky. Strana m\u011bla podle kontrolor\u016f v kampani na starost takzvan\u00fd\u00a0<strong><em>mikrotargeting<\/em><\/strong>, co\u017e je forma kampan\u011b zac\u00edlen\u00e1 na ur\u010dit\u00e9 segmenty populace.<\/p>\n<p>\u201eSTAN c\u00edlen\u011b\u030c podporoval pouze sv\u00e9 kandid\u00e1ty, ze kter\u00fdch se polovina dostala do Poslaneck\u00e9 sn\u011bmovny. Na podporu mikrotargetingu STAN byla vynalo\u017eena v\u00edce ne\u017e dvakr\u00e1t vy\u0161\u0161\u00ed \u010d\u00e1stka ne\u017e na Pir\u00e1ty. Pir\u00e1ti p\u0159itom vlo\u017eili do kampan\u011b\u030c 2\/3 finan\u010dn\u00edch prost\u0159edk\u016f,\u201c p\u00ed\u0161e se d\u00e1le v anal\u00fdze.<\/p>\n<p>Pir\u00e1ti spo\u010d\u00edtali, \u017ee 68 procent vynalo\u017een\u00fdch finan\u010dn\u00edch prost\u0159edk\u016f na takzvan\u00fd mikrotargeting m\u00ed\u0159ilo na kandid\u00e1ty, kte\u0159\u00ed nakonec z\u00edskali mand\u00e1t. Drtiv\u00e1 v\u011bt\u0161ina nov\u00fdch poslanc\u016f STAN (26 z celkov\u00fdch 33) se v kampani mohla o tuto podporu op\u0159\u00edt.<\/p>\n<p>\u201eV ti\u0161t\u011bn\u00e9m a on-line m\u00e9diu byly realizov\u00e1ny PR osobn\u00ed \u010dl\u00e1nky kandid\u00e1tu\u030a STAN bez v\u011bdom\u00ed krajsk\u00e9ho volebn\u00edho \u0161t\u00e1bu jednotliv\u00fdch kraj\u016f. T\u00edm do\u0161lo k poru\u0161en\u00ed pravidel osobnostn\u00ed kampan\u011b. Z 23 inzerovan\u00fdch kandid\u00e1tu\u030a STAN (kombinace on-line\/off-line) se 21 dostalo do Sn\u011bmovny,\u201c dod\u00e1vaj\u00ed Pir\u00e1ti v anal\u00fdze.<\/p>\n<p><strong>V\u00edt Raku\u0161an: Nic jsme neporu\u0161ili<\/strong><\/p>\n<p>\u0160\u00e9f starost\u016f V\u00edt Raku\u0161an na sv\u00e9 facebookov\u00e9 str\u00e1nce uvedl, \u017ee o p\u0159\u00ed\u010din\u00e1ch\u00a0volebn\u00edho v\u00fdsledku\u00a0se m\u011blo nejprve jednat v r\u00e1mci koalice, pohled STAN na d\u016fvody v\u00fdsledk\u016f je jin\u00fd.<\/p>\n<p>\u201eSTAN byl p\u0159ipraven vym\u011bnit si vz\u00e1jemn\u011b sv\u00e9 anal\u00fdzy. N\u00e1\u0161 pohled na d\u016fvody volebn\u00edho v\u00fdsledku je zcela jin\u00fd, ale sd\u011bl\u00edme ho nejprve Pir\u00e1t\u016fm. Ale hlavn\u011b se te\u010f chceme pln\u011b soust\u0159edit na sestavov\u00e1n\u00ed nov\u00e9 vl\u00e1dy,\u201c uvedl.<\/p>\n<p>Raku\u0161an uvedl, \u017ee na osobnostn\u00ed kampani byla shoda a podpo\u0159ila ji i koali\u010dn\u00ed rada.<\/p>\n<p>\u201e\u017de ji d\u011blali Pir\u00e1ti jen ve velmi omezen\u00e9 m\u00ed\u0159e, ale tak\u00e9 d\u011blali, je fakt. To ov\u0161em nen\u00ed probl\u00e9mem \u010di chybou kandid\u00e1t\u016f za STAN. Koali\u010dn\u00ed smlouvu jsme neporu\u0161ili, o v\u0161em Pir\u00e1ty informovali,\u201c doplnil.<\/p>\n<p><strong>Reakce na anal\u00fdzu na soci\u00e1ln\u00edch s\u00edt\u00edch<\/strong><\/p>\n<p>K pir\u00e1tsk\u00e9 anal\u00fdze se vyj\u00e1d\u0159il na Twitteru investor Radovan V\u00e1vra.<\/p>\n<p>\u201ePir\u00e1ti te\u010f maj\u00ed dv\u011b mo\u017enosti. Odej\u00edt do opozice a d\u016fsledn\u011b d\u011blat pir\u00e1tskou politiku \u201apadni komu padni\u2018. To, co jejich voli\u010d chce a pro\u010d je vol\u00ed. Nebo se rozplynout jako socani ve vl\u00e1d\u011b ANO. Koryta pro p\u00e1r lid\u00ed proti budoucnosti strany,\u201c m\u00ednil s t\u00edm, \u017ee bude jejich rozhodnut\u00ed napjat\u011b sledovat.<\/p>\n<p>A r\u00fdpl si je\u0161t\u011b jednou: \u201eNejlep\u0161\u00ed anal\u00fdzu kampan\u011b Pir\u00e1t\u016f provedl m\u016fj syn, kdy\u017e mu bylo asi p\u011bt a hr\u00e1l si s Minecraftem. Zn\u011bla: Mo\u017en\u00e1 jsem ten baz\u00e9n s l\u00e1vou nem\u011bl d\u00e1vat na st\u0159echu.\u201c<\/p>\n<p>Pir\u00e1tskou anal\u00fdzu kritizuje sen\u00e1tor STAN Zden\u011bk Hraba, kter\u00fd Pir\u00e1t\u016fm p\u0159ipomn\u011bl n\u011bkter\u00e9 jejich v\u00fdroky z p\u0159edvolebn\u00ed kampan\u011b.<\/p>\n<p>\u201eB\u00fdt schopen n\u00e9st zodpov\u011bdnost za sv\u00e9 \u010diny a v\u00fdroky je znakem dosp\u011blosti. I v politice. Naopak v\u011b\u010dn\u00e9 h\u00e1zen\u00ed viny na ostatn\u00ed je stra\u0161n\u011b d\u011btinsk\u00e9. A mohl bych p\u0159ipomenout x re\u00e1ln\u00fdch pir\u00e1tsk\u00fdch v\u00fdrok\u016f, kter\u00e9 k takov\u00e9mu v\u00fdsledku mohly v\u00e9st,\u201c napsal Hraba na Twitteru.<\/p>\n<p>Nar\u00e1\u017e\u00ed tak na dva v\u00fdroky z leto\u0161n\u00edho l\u00e9ta. Prvn\u00ed z nich pat\u0159\u00ed exposlanci Ond\u0159eji Profantovi (Pir\u00e1ti).\u00a0<em>\u201eProbl\u00e9m je zcela jednoduch\u00fd. Sn\u011bmovna je pln\u00e1\u00a0konzervativn\u00edch b\u00edl\u00fdch p\u00e1prd\u016f\u00a0a velk\u00e1 \u010d\u00e1st inklinuje k fa\u0161ismu. V t\u00e9to situaci je to prosazovat docela t\u011b\u017ek\u00e9. A kdo tomu nev\u011b\u0159\u00edte, tak se pod\u00edvejte na projedn\u00e1v\u00e1n\u00ed prvn\u00edho \u010dten\u00ed man\u017eelstv\u00ed pro v\u0161echny,\u201c<\/em>\u00a0\u0159ekl tehdy Profant p\u0159i sn\u011bmovn\u00ed debat\u011b o man\u017eelstv\u00ed pro v\u0161echny.<\/p>\n<p>Druh\u00fd vyslovil na Twitteru dal\u0161\u00ed b\u00fdval\u00fd poslanec Pir\u00e1t\u016f\u00a0Franti\u0161ek Kop\u0159iva, kdy\u017e komentoval berl\u00ednsk\u00e9 vyvlast\u0148ov\u00e1n\u00ed byt\u016f.\u00a0<em>\u201eReminder pro m\u00edstn\u00ed konzervativn\u00ed obdivovatele Z\u00e1padu: V\u010dera se ob\u010dan\u00e9 vyslovili v jedn\u00e9 zemi pro man\u017eelstv\u00ed pro v\u0161echny a v metropoli druh\u00e9 zem\u011b pro vyvlastn\u011bn\u00ed \u010dtvrt milionu byt\u016f od nejv\u011bt\u0161\u00edch developer\u016f,\u201c<\/em>\u00a0uvedl exposlanec. Jeho v\u00fdrok b\u011bhem p\u0159edvolebn\u00ed kampan\u011b vzbudil rozruch.<\/p>\n<p><a href=\"https:\/\/cz.sputniknews.com\/20211101\/pirati-vytahuji-spinave-pradlo-stan-nas-v-kampani-podvedl-rakusan-slibil-odvetnou-analyzu-16365819.html\">ZDROJ<\/a><\/p>\n<p>&nbsp;<\/p>\n","protected":false},"excerpt":{"rendered":"<p>Server Neovlivn\u00ed.cz zve\u0159ejnil z\u00e1v\u011bry intern\u00ed anal\u00fdzy, kterou nechala vypracovat \u010cesk\u00e1 pir\u00e1tsk\u00e1 strana pot\u00e9, co ve&#8230;<\/p>\n","protected":false},"author":2,"featured_media":5853,"comment_status":"closed","ping_status":"closed","sticky":false,"template":"","format":"standard","meta":[],"categories":[6],"tags":[137,424,27],"_links":{"self":[{"href":"https:\/\/www.infokuryr.cz\/n\/wp-json\/wp\/v2\/posts\/5852"}],"collection":[{"href":"https:\/\/www.infokuryr.cz\/n\/wp-json\/wp\/v2\/posts"}],"about":[{"href":"https:\/\/www.infokuryr.cz\/n\/wp-json\/wp\/v2\/types\/post"}],"author":[{"embeddable":true,"href":"https:\/\/www.infokuryr.cz\/n\/wp-json\/wp\/v2\/users\/2"}],"replies":[{"embeddable":true,"href":"https:\/\/www.infokuryr.cz\/n\/wp-json\/wp\/v2\/comments?post=5852"}],"version-history":[{"count":0,"href":"https:\/\/www.infokuryr.cz\/n\/wp-json\/wp\/v2\/posts\/5852\/revisions"}],"wp:featuredmedia":[{"embeddable":true,"href":"https:\/\/www.infokuryr.cz\/n\/wp-json\/wp\/v2\/media\/5853"}],"wp:attachment":[{"href":"https:\/\/www.infokuryr.cz\/n\/wp-json\/wp\/v2\/media?parent=5852"}],"wp:term":[{"taxonomy":"category","embeddable":true,"href":"https:\/\/www.infokuryr.cz\/n\/wp-json\/wp\/v2\/categories?post=5852"},{"taxonomy":"post_tag","embeddable":true,"href":"https:\/\/www.infokuryr.cz\/n\/wp-json\/wp\/v2\/tags?post=5852"}],"curies":[{"name":"wp","href":"https:\/\/api.w.org\/{rel}","templated":true}]}}