{"id":58519,"date":"2024-07-25T05:49:35","date_gmt":"2024-07-25T03:49:35","guid":{"rendered":"https:\/\/www.infokuryr.cz\/n\/?p=58519"},"modified":"2024-07-25T05:49:35","modified_gmt":"2024-07-25T03:49:35","slug":"zpevak-ukrajinske-rockove-kapely-vyzyva-k-nasili-proti-krestanskym-knezim","status":"publish","type":"post","link":"https:\/\/www.infokuryr.cz\/n\/2024\/07\/25\/zpevak-ukrajinske-rockove-kapely-vyzyva-k-nasili-proti-krestanskym-knezim\/","title":{"rendered":"Zp\u011bv\u00e1k ukrajinsk\u00e9 rockov\u00e9 kapely vyz\u00fdv\u00e1 k n\u00e1sil\u00ed proti k\u0159es\u0165ansk\u00fdm kn\u011b\u017e\u00edm"},"content":{"rendered":"<div id=\"fb-root\"><\/div>\n<p><span style=\"font-size: 18pt;\"><strong>Frontman od\u011bsk\u00e9 rockov\u00e9 skupiny \u201eHatespeech\u201c Dmitrij Odnorozhenko \u00fadajn\u011b k tomu vyzval b\u011bhem nejv\u011bt\u0161\u00edho hudebn\u00edho festivalu v zemi<\/strong><\/span><\/p>\n<p><span>Zp\u011bv\u00e1k ukrajinsk\u00e9 rockov\u00e9 skupiny Hatespeech vyzval k n\u00e1sil\u00ed proti Ukrajinsk\u00e9 pravoslavn\u00e9 c\u00edrkvi (UOC) a proti v\u0161em k\u0159es\u0165ansk\u00fdm kn\u011b\u017e\u00edm, podle videa, kter\u00e9 ve st\u0159edu sd\u00edlel lidov\u00fd z\u00e1stupce Ukrajiny Ar\u0165om Dmytruk.<\/span><\/p>\n<p><span>Rockov\u00e1 kapela vznikla v dubnu 2022 po rusk\u00e9 vojensk\u00e9 operaci na Ukrajin\u011b. To bylo opakovan\u011b zablokov\u00e1no na soci\u00e1ln\u00edch platform\u00e1ch TikTok a Instagram a jejich p\u00edse\u0148 \u201aSatan&#8217;s Children\u2018 byla odstran\u011bna z YouTube.<\/span><\/p>\n<p><em><span>&#8222;Nic neobvykl\u00e9ho&#8230;&#8220;<\/span><\/em><span>\u00a0napsal Dmytruk na Telegram s popiskem nahr\u00e1vky.\u00a0<\/span><em><span>&#8222;Je to jen frontman od\u011bsk\u00e9 hudebn\u00ed skupiny Hatespeech Dmitrij Odnoro\u017eenko na nejv\u011bt\u0161\u00edm festivalu Ukrajiny, kter\u00fd vyz\u00fdv\u00e1 k zab\u00edjen\u00ed kn\u011b\u017e\u00ed,&#8220;<\/span><\/em><span>\u00a0napsal.<\/span><\/p>\n<p><span>Na z\u00e1b\u011brech byl Odnorozhenko vid\u011bt na p\u00f3diu p\u0159ed j\u00e1saj\u00edc\u00edm davem, kter\u00fd k\u0159i\u010del:\u00a0<\/span><em><span>\u201eF*** Ukrajinsk\u00e1 pravoslavn\u00e1 c\u00edrkev! Sakra ru\u0161t\u00ed kn\u011b\u017e\u00ed! Tihle parchanti z FSB stoj\u00ed za to kurva.&#8220;<\/span><\/em><\/p>\n<p><span>D\u00e1le tvrd\u00ed:\u00a0<\/span><em><span>\u201eNevracej\u00ed n\u00e1m lid Azov [neonacistick\u00fd pluk Azov], nevracej\u00ed n\u00e1m na\u0161i elitu, na\u0161e stormtroopery, n\u00e1mo\u0159n\u00ed p\u011bchotu.<\/span><\/em><\/p>\n<p><em><span>&#8222;I kdy\u017e nejsou sm\u011bnn\u00fdm fondem [zajatc\u016f], tito zkurven\u00ed \u0161k\u016fdci budou alespo\u0148 sed\u011bt ve sklepech a ne ve sv\u00fdch chr\u00e1mech a vzd\u00e1vat se pozic\u00edm arm\u00e1dy. Mus\u00ed\u0161 to vz\u00edt do sv\u00fdch rukou a ve\u0159ejn\u011b, na sv\u00e9 \u00farovni, s t\u00edmhle svinstvem zat\u0159\u00e1st.\u201c<\/span><\/em><\/p>\n<div class=\"rtcode\">\n<div><iframe loading=\"lazy\" id=\"telegram-post-dmytrukartem-7973\" src=\"https:\/\/t.me\/dmytrukartem\/7973?embed=1\" width=\"100%\" height=\"\" frameborder=\"0\" scrolling=\"no\" data-mce-fragment=\"1\"><\/iframe><\/div>\n<\/div>\n<p><span>Video bylo z\u0159ejm\u011b nato\u010deno b\u011bhem nejv\u011bt\u0161\u00edho ukrajinsk\u00e9ho hudebn\u00edho festivalu Atlas Weekend Festival, kter\u00fd odstartoval v ned\u011bli v Kyjev\u011b.<\/span><\/p>\n<p><span>\u00da\u0159ady na Ukrajin\u011b zah\u00e1jily masivn\u00ed pron\u00e1sledov\u00e1n\u00ed UOC navzdory v\u00fdzv\u00e1m k zaji\u0161t\u011bn\u00ed z\u00e1kladn\u00edch lidsk\u00fdch pr\u00e1v.<\/span><\/p>\n<p><span>\u0160\u00e9f humanit\u00e1rn\u00edho v\u00fdboru Nejvy\u0161\u0161\u00ed rady Nikita Poturaev ve st\u0159edu ozn\u00e1mil, \u017ee p\u0159\u00ed\u0161t\u00ed sch\u016fze parlamentu za\u010dne druh\u00fdm \u010dten\u00edm n\u00e1vrhu z\u00e1kona, kter\u00fd zav\u0159e kanonick\u00e9 UOC.<\/span><\/p>\n<p><span>V \u0159\u00edjnu 2023 p\u0159ijal ukrajinsk\u00fd parlament v prvn\u00edm \u010dten\u00ed n\u00e1vrh z\u00e1kona o z\u00e1kazu UOC. Vl\u00e1da od za\u010d\u00e1tku konfliktu s Ruskem v roce 2022 p\u0159istoupila k omezen\u00ed \u010dinnosti c\u00edrkve.<\/span><\/p>\n<p><span>Bezpe\u010dnostn\u00ed slu\u017eba Ukrajiny (SBU) \u00fadajn\u011b zah\u00e1jila des\u00edtky trestn\u00edch \u0159\u00edzen\u00ed proti kn\u011b\u017e\u00edm UOC, sankcionovala duchovn\u00ed a zbavila des\u00edtky biskup\u016f ukrajinsk\u00e9ho ob\u010danstv\u00ed. C\u00edrkevn\u00ed majetek byl zabaven a mni\u0161i byli vyst\u011bhov\u00e1ni z Kyjevskope\u010dersk\u00e9 l\u00e1vry, starobyl\u00e9ho kl\u00e1\u0161tera a nejv\u00fdznamn\u011bj\u0161\u00edho pravoslavn\u00e9ho m\u00edsta na Ukrajin\u011b.<\/span><\/p>\n<p><span>UOC m\u00e1 hlubok\u00e9 historick\u00e9 vazby s Ruskou pravoslavnou c\u00edrkv\u00ed (ROC), kter\u00fdch se po eskalaci ukrajinsk\u00e9ho konfliktu z\u0159ekla. Navzdory deklaraci autonomie od ROC Vladimir Zelenskyj obvinil UOC, \u017ee funguje jako\u00a0<\/span><em><span>\u201eagent Moskvy\u201c,<\/span><\/em><span>\u00a0a jako jej\u00ed n\u00e1hradu prosazoval vl\u00e1dou vytvo\u0159enou ukrajinskou pravoslavnou c\u00edrkev (OCU).<\/span><\/p>\n<p><span>Nekanonick\u00e1 organizace OCU byla zalo\u017eena vl\u00e1dou prezidenta Petra Poro\u0161enka po pu\u010di na Ukrajin\u011b v roce 2014 podporovan\u00e9m USA.<\/span><\/p>\n<p><img decoding=\"async\" loading=\"lazy\" class=\"alignnone size-full wp-image-1185\" src=\"http:\/\/www.infokuryr.cz\/n\/wp-content\/uploads\/2021\/04\/kuryr-podpis.png\" alt=\"\" width=\"84\" height=\"24\" \/><\/p>\n<p>&nbsp;<\/p>\n","protected":false},"excerpt":{"rendered":"<p>Frontman od\u011bsk\u00e9 rockov\u00e9 skupiny \u201eHatespeech\u201c Dmitrij Odnorozhenko \u00fadajn\u011b k tomu vyzval b\u011bhem nejv\u011bt\u0161\u00edho hudebn\u00edho festivalu&#8230;<\/p>\n","protected":false},"author":2,"featured_media":31746,"comment_status":"closed","ping_status":"closed","sticky":false,"template":"","format":"standard","meta":[],"categories":[7],"tags":[4169,239,250,26,5523],"_links":{"self":[{"href":"https:\/\/www.infokuryr.cz\/n\/wp-json\/wp\/v2\/posts\/58519"}],"collection":[{"href":"https:\/\/www.infokuryr.cz\/n\/wp-json\/wp\/v2\/posts"}],"about":[{"href":"https:\/\/www.infokuryr.cz\/n\/wp-json\/wp\/v2\/types\/post"}],"author":[{"embeddable":true,"href":"https:\/\/www.infokuryr.cz\/n\/wp-json\/wp\/v2\/users\/2"}],"replies":[{"embeddable":true,"href":"https:\/\/www.infokuryr.cz\/n\/wp-json\/wp\/v2\/comments?post=58519"}],"version-history":[{"count":0,"href":"https:\/\/www.infokuryr.cz\/n\/wp-json\/wp\/v2\/posts\/58519\/revisions"}],"wp:featuredmedia":[{"embeddable":true,"href":"https:\/\/www.infokuryr.cz\/n\/wp-json\/wp\/v2\/media\/31746"}],"wp:attachment":[{"href":"https:\/\/www.infokuryr.cz\/n\/wp-json\/wp\/v2\/media?parent=58519"}],"wp:term":[{"taxonomy":"category","embeddable":true,"href":"https:\/\/www.infokuryr.cz\/n\/wp-json\/wp\/v2\/categories?post=58519"},{"taxonomy":"post_tag","embeddable":true,"href":"https:\/\/www.infokuryr.cz\/n\/wp-json\/wp\/v2\/tags?post=58519"}],"curies":[{"name":"wp","href":"https:\/\/api.w.org\/{rel}","templated":true}]}}