{"id":58454,"date":"2024-07-24T05:26:35","date_gmt":"2024-07-24T03:26:35","guid":{"rendered":"https:\/\/www.infokuryr.cz\/n\/?p=58454"},"modified":"2024-07-24T05:26:35","modified_gmt":"2024-07-24T03:26:35","slug":"total-control-evropska-unie-chce-nejpozdeji-do-2-let-vytvorit-celoevropskou-databazi-movitych-a-nemovitych-majetku","status":"publish","type":"post","link":"https:\/\/www.infokuryr.cz\/n\/2024\/07\/24\/total-control-evropska-unie-chce-nejpozdeji-do-2-let-vytvorit-celoevropskou-databazi-movitych-a-nemovitych-majetku\/","title":{"rendered":"Total Control: Evropsk\u00e1 unie chce nejpozd\u011bji do 2 let vytvo\u0159it celoevropskou datab\u00e1zi movit\u00fdch a nemovit\u00fdch majetk\u016f &#8230;"},"content":{"rendered":"<div id=\"fb-root\"><\/div>\n<h4>Total Control: Evropsk\u00e1 unie chce nejpozd\u011bji do 2 let vytvo\u0159it celoevropskou datab\u00e1zi movit\u00fdch a nemovit\u00fdch majetk\u016f v\u0161ech ob\u010dan\u016f \u010dlensk\u00fdch zem\u00ed unie! Podle informac\u00ed m\u00e1 b\u00fdt Registr majetku EU z\u00e1kladn\u00edm pil\u00ed\u0159em pro zaveden\u00ed tzv. evropsk\u00fdch dan\u00ed, ze kter\u00fdch m\u00e1 b\u00fdt financov\u00e1n nejen provoz byro-apar\u00e1tu Evropsk\u00e9 unie, ale i chystan\u00e1 Evropsk\u00e1 arm\u00e1da a rovn\u011b\u017e rekonstrukce a obnova Ukrajiny!<\/h4>\n<p>A je to tady, d\u00e1my a p\u00e1nov\u00e9. Pr\u00e1v\u011b v dob\u011b dovolen\u00fdch, kdy lid\u00e9 jsou u mo\u0159e a nev\u011bnuj\u00ed pozornost politice a politick\u00fdm ud\u00e1lostem, se dostala na povrch dal\u0161\u00ed neuv\u011b\u0159iteln\u00e1 informace z d\u00edlen evropsk\u00e9ho unijn\u00edho apar\u00e1tu. N\u011bmeck\u00fd server\u00a0<strong>Focus toti\u017e upozornil [<a href=\"https:\/\/href.li\/?https:\/\/www.focus.de\/experts\/vermoegensregister-geplant-eu-will-umfassende-datenbank-zum-vermoegen-aller-buerger-aufbauen-was-dahinter-steckt_id_260158959.html\" target=\"_blank\" rel=\"nofollow noopener\">1<\/a>] na chystanou sm\u011brnici Evropsk\u00e9 unie, kter\u00e1 vytvo\u0159\u00ed tzv.\u00a0Registr majetku EU, kter\u00fd by obsahoval v\u0161echny vyjmenovan\u00e9 movit\u00e9 a nemovit\u00e9 majetky v\u0161ech ob\u010dan\u016f 27 zem\u00ed Evropsk\u00e9 unie.<\/strong>\u00a0Pokud v\u0161e p\u016fjde hladce a jednotliv\u00e9 zem\u011b EU na \u00farovni sv\u00fdch parlament\u016f s t\u00edm budou souhlasit, potom by Registr majetku EU mohl za\u010d\u00edt fungovat ji\u017e do 2 let. Oblig\u00e1tn\u011b se uv\u00e1d\u00ed, \u017ee opat\u0159en\u00ed m\u00e1 zabra\u0148ovat legalizaci v\u00fdnos\u016f z trestn\u00e9 \u010dinnosti a financov\u00e1n\u00ed terorismu. Jen\u017ee, jde \u00fapln\u011b o n\u011bco jin\u00e9ho.<\/p>\n<p>&nbsp;<\/p>\n<div id=\"rumble_v55tzez\">\n<div id=\"vid_v55tzez\" class=\"rumble_v55tzez-Rumble-cls\" tabindex=\"-1\">\n<div class=\"bigPlayUI ctp\">\n<div class='videoWrapper'>\r\n\t            <iframe src='https:\/\/rumble.com\/embed\/pj.v55tzez\/' frameborder='0' allowfullscreen><\/iframe>\r\n\t        <\/div>\n<div class=\"bigPlayUIInner ctp\"><\/div>\n<\/div>\n<\/div>\n<\/div>\n<p>&nbsp;<\/p>\n<p>Podle zdroj\u016f Focusu by do registru m\u011bla b\u00fdt zahrnuta v\u0161echna mo\u017en\u00e1 \u201caktiva\u201d ob\u010dan\u016f EU, a to jak movit\u00e1, tak nemovit\u00e1. Registr by m\u011bl obsahovat nemovitosti, domy, byty, chaty, chalupy, lesy a pozemky. D\u00e1le by m\u011bl obsahovat movit\u00fd majetek, jako jsou osobn\u00ed automobily, motocykly, n\u00e1kladn\u00ed automobily, lod\u011b, jachty, letadla, zem\u011bd\u011blskou techniku, karavany, obytn\u00e9 p\u0159\u00edv\u011bsy. Vedle toho by m\u011bl registr obsahovat i informace o v\u0161ech bankovn\u00edch \u00fa\u010dtech, ale i cenn\u00e9 pap\u00edry, dluhopisy a dokonce i \u0161perky, um\u011bleck\u00e1 d\u00edla, um\u011bleck\u00e9 sb\u00edrky, obrazy, staro\u017eitnosti vysok\u00e9 historick\u00e9 \u010di sb\u011bratelsk\u00e9 hodnoty a drah\u00e9 kovy.<\/p>\n<p>Seznam nen\u00ed hotov\u00fd, jde pouze o prvotn\u00ed n\u00e1vrhy europoslanc\u016f, zejm\u00e9na z Evropsk\u00e9 lidov\u00e9 strany. Jin\u00fdmi slovy, Evropsk\u00e1 unie chce vytvo\u0159it majetkov\u00fd registr v\u00edce ne\u017e 400 milion\u016f obyvatel zem\u00ed EU, aby n\u00e1sledn\u011b mohla v\u0161echny osoby disponuj\u00edc\u00ed t\u011bmito majetky samoz\u0159ejm\u011b zdanit tzv.\u00a0<em><strong>evropskou dan\u00ed<\/strong><\/em>, o kter\u00e9 se mluv\u00ed u\u017e skoro 20 let v kulo\u00e1rech EU. Je to snaha o amerikanizaci a pota\u017emo federalizaci dan\u00ed v EU.<\/p>\n<h6><span style=\"font-size: 18pt;\">Brusel se jednozna\u010dn\u011b chyst\u00e1 na zaveden\u00ed evropsk\u00e9 dan\u011b<\/span><\/h6>\n<p>Ten model je inspirovan\u00fd z USA, kde se naprosto netradi\u010dn\u011b v porovn\u00e1n\u00ed se zbytkem sv\u011bta plat\u00ed dva typy dan\u00ed, a to dan\u011b st\u00e1tn\u00ed a dan\u011b feder\u00e1ln\u00ed. Ameri\u010dan\u00e9 tak odv\u00e1d\u00ed ze sv\u00fdch p\u0159\u00edjm\u016f dan\u011b pro st\u00e1t, ve kter\u00e9m \u017eij\u00ed, a vedle toho je\u0161t\u011b odv\u00e1d\u00ed feder\u00e1ln\u00ed da\u0148 do Washingtonu.\u00a0<strong>A feder\u00e1ln\u00ed \u00fa\u0159ad IRS disponuje datab\u00e1z\u00ed o majetc\u00edch v\u0161ech ob\u010dan\u016f 50 st\u00e1t\u016f USA. Brusel se tak sna\u017e\u00ed v EU zav\u00e9st de facto \u00fapln\u011b to sam\u00e9, a\u017e na ten mal\u00fd detail, \u017ee Evropsk\u00e1 unie\u00a0\u201czat\u00edm\u201d\u00a0nen\u00ed feder\u00e1ln\u00edm \u00fatvarem.<\/strong>\u00a0M\u00e1 sice ji\u017e Evropsk\u00e9ho prezidenta, m\u00e1 Evropsku vl\u00e1du, m\u00e1 Evropsk\u00fd parlament p\u0159ipom\u00ednaj\u00edc\u00ed feder\u00e1ln\u00ed shrom\u00e1\u017ed\u011bn\u00ed poslanc\u016f ze 27 st\u00e1t\u016f, ale na institucion\u00e1ln\u00ed \u00farovni prost\u011b EU nen\u00ed federac\u00ed. Chyb\u00ed j\u00ed toti\u017e z\u00e1kladn\u00ed atributy feder\u00e1ln\u00edho \u00fatvaru, kter\u00fdm je 5 krok\u016f:<\/p>\n<ol>\n<li>Feder\u00e1ln\u00ed dan\u011b<\/li>\n<li>Feder\u00e1ln\u00ed fisk\u00e1ln\u00ed rozpo\u010det odvozovan\u00fd od kroku 1<\/li>\n<li>Feder\u00e1ln\u00ed zahrani\u010dn\u00ed politika zastupuj\u00edc\u00ed v\u0161ech 27 zem\u00ed<\/li>\n<li>Feder\u00e1ln\u00ed arm\u00e1da<\/li>\n<li>Feder\u00e1ln\u00ed soci\u00e1ln\u00ed odvody (d\u016fchody, zdravotn\u00ed poji\u0161t\u011bn\u00ed)<\/li>\n<\/ol>\n<p>Nic z toho zat\u00edm v EU neexistuje, a to ani p\u0159esto, \u017ee byla ustanovena pozice evropsk\u00e9ho ministra zahrani\u010d\u00ed, kterou vykon\u00e1v\u00e1 Josep Borrell. Ten ale nezastupuje 27 zem\u00ed EU ve smyslu feder\u00e1ln\u00edho \u00fatvaru, ale zastupuje organizaci EU jako takovou ve vztahu ke zbytku sv\u011bta. Jin\u00fdmi slovy, EU nem\u00e1 v \u017e\u00e1dn\u00e9m sou\u010dasn\u00e9m m\u011b\u0159\u00edtku status feder\u00e1ln\u00edho celku, ale informace n\u011bmeck\u00e9ho Focusu o p\u0159\u00edprav\u011b Registru majetku EU jasn\u011b potvrzuje, \u017ee jde o p\u0159\u00edpravu na transformaci EU do podoby federace. A jako prvn\u00ed, co se mus\u00ed logicky p\u0159i takov\u00e9m pl\u00e1nu ud\u011blat, je soupis majetk\u016f ob\u010dan\u016f v\u0161ech zem\u00ed EU, ze kter\u00e9ho se bude vypo\u010d\u00edt\u00e1vat tzv. da\u0148ov\u00fd prototyp evropsk\u00e9 dan\u011b.<\/p>\n<h6><span style=\"font-size: 18pt;\">P\u0159\u00edprava evropsk\u00e9ho da\u0148ov\u00e9ho prototypu je v pln\u00e9m proudu<\/span><\/h6>\n<p>Da\u0148ov\u00fd prototyp je statistick\u00fd n\u00e1stroj, kter\u00fd z datab\u00e1ze majetk\u016f vypo\u010d\u00edt\u00e1 n\u011bkolik \u00fadaj\u016f, p\u0159edev\u0161\u00edm objem majetk\u016f a mo\u017enou m\u00edru spole\u010densk\u00e9ho zdan\u011bn\u00ed t\u011bchto majetk\u016f. A k v\u00fdpo\u010dtu prototypu je naprosto nezbytn\u00e9 nejprve vytvo\u0159it vstupn\u00ed datab\u00e1zi, kter\u00e1 se napln\u00ed p\u0159edm\u011btn\u00fdm majetkem ke zdan\u011bn\u00ed. Je to stejn\u00fd postup, kter\u00fd byl proveden p\u0159i vytv\u00e1\u0159en\u00ed datab\u00e1ze ps\u016f, ko\u010dek a dr\u016fbe\u017ee. Prost\u011b c\u00edlem bylo vytvo\u0159it da\u0148ov\u00fd prototyp na poplatky za psy, za ko\u010dky, dr\u016fbe\u017e atd.<\/p>\n<p>Tvrzen\u00ed EU, \u017ee registr majetku EU m\u00e1 vzniknout kv\u016fli ochran\u011b p\u0159ed legalizac\u00ed \u0161pinav\u00fdch pen\u011bz a p\u0159ed financov\u00e1n\u00edm terorismu je pochopiteln\u011b bl\u00e1bol a \u017ev\u00e1st toho nejv\u011bt\u0161\u00edho kalibru.\u00a0<strong>Kdo chce legalizovat \u0161pinav\u00e9 pen\u00edze z drog, ten si v\u017edy cestu najde, a kdo chce financovat terorismus, ten si otev\u0159e neziskovku a spust\u00ed sb\u00edrku na drony pro Ukrajinu.<\/strong>\u00a0Anebo p\u0159inese v igelitce pen\u00edze do kampeli\u010dky a jin\u00fd \u010dlov\u011bk si je zase v igelitce odnese, u\u017e n\u00e1le\u017eit\u011b propran\u00e9.\u00a0<strong>N\u011bkdo pere na 40, n\u011bkdo pere do\u00a0fialova.<\/strong>\u00a0To u\u017e z\u00e1le\u017e\u00ed na vkusu ka\u017ed\u00e9ho soudruha.<\/p>\n<figure id=\"attachment_56398\" class=\"wp-caption aligncenter\" style=\"width: 695px;\"><a href=\"https:\/\/aeronet.news\/wp-content\/uploads\/EU_CommissionFlags.jpg\"><img decoding=\"async\" loading=\"lazy\" class=\"wp-image-56398 \" src=\"https:\/\/aeronet.news\/wp-content\/uploads\/EU_CommissionFlags-1024x640.jpg\" sizes=\"(max-width: 700px) 100vw, 700px\" srcset=\"https:\/\/aeronet.news\/wp-content\/uploads\/EU_CommissionFlags-1024x640.jpg 1024w, https:\/\/aeronet.news\/wp-content\/uploads\/EU_CommissionFlags-300x188.jpg 300w, https:\/\/aeronet.news\/wp-content\/uploads\/EU_CommissionFlags-768x480.jpg 768w, https:\/\/aeronet.news\/wp-content\/uploads\/EU_CommissionFlags-700x438.jpg 700w, https:\/\/aeronet.news\/wp-content\/uploads\/EU_CommissionFlags-571x357.jpg 571w, https:\/\/aeronet.news\/wp-content\/uploads\/EU_CommissionFlags-773x483.jpg 773w, https:\/\/aeronet.news\/wp-content\/uploads\/EU_CommissionFlags.jpg 1280w\" alt=\"\" width=\"695\" height=\"435\" \/><\/a><figcaption class=\"wp-caption-text\">Evropsk\u00e1 unie chyst\u00e1 dosud nejv\u011bt\u0161\u00ed z\u00e1sah do soukrom\u00ed ob\u010dan\u016f zem\u00ed EU<\/figcaption><\/figure>\n<p><strong>Vytvo\u0159en\u00ed datab\u00e1ze majetk\u016f v\u0161ech ob\u010dan\u016f EU sleduje jeden jedin\u00fd c\u00edl, a to je ustanoven\u00ed a prosazen\u00ed tzv. evropsk\u00e9 dan\u011b podle vzoru feder\u00e1ln\u00ed dan\u011b v USA.<\/strong>\u00a0Ob\u010dan\u00e9 zem\u00ed EU budou platit evropskou da\u0148 z p\u0159\u00edjmu fyzick\u00fdch a ur\u010dit\u011b i pr\u00e1vnick\u00fdch osob v n\u011bjak\u00e9 chv\u00edli, p\u0159i\u010dem\u017e v\u00fdnosy z t\u011bchto evropsk\u00fdch dan\u00ed se pou\u017eij\u00ed jak na provoz obrovsk\u00e9ho a mamut\u00edho byrokratick\u00e9ho apar\u00e1tu v Bruselu, tak p\u0159edev\u0161\u00edm na financov\u00e1n\u00ed chystan\u00e9 Evropsk\u00e9 arm\u00e1dy, do kter\u00e9 se postupn\u011b bude transformovat NATO.<\/p>\n<h6><span style=\"font-size: 18pt;\">Evropsk\u00e1 unie je na dn\u011b se sv\u00fdm financov\u00e1n\u00edm, a proto pot\u0159ebuje vlastn\u00ed fisk\u00e1ln\u00ed n\u00e1stroj \u2013 Evropskou da\u0148!<\/span><\/h6>\n<p>A n\u00e1klady budou tak obrovsk\u00e9, \u017ee to nep\u016fjde financovat z nep\u0159\u00edm\u00fdch dan\u00ed, kter\u00e9 dnes maj\u00ed podobu tzv. \u010dlensk\u00fdch p\u0159\u00edsp\u011bvk\u016f zem\u00ed EU na provoz byro-apar\u00e1tu Evropsk\u00e9 unie. Na provoz EU a na financov\u00e1n\u00ed fond\u016f ty p\u0159\u00edsp\u011bvky sta\u010d\u00ed, ale jen tak tak a jak\u00fdkoliv v\u00fdpadek z v\u00fdb\u011bru p\u0159\u00edsp\u011bvk\u016f navozuje krizi, co\u017e se uk\u00e1zalo p\u0159i odchodu Velk\u00e9 Brit\u00e1nie z EU, kter\u00e1 p\u0159isp\u00edvala obrovsk\u00fdm bal\u00edkem bezm\u00e1la 20 miliard liber za rok.<\/p>\n<p>O tyto pen\u00edze EU p\u0159i\u0161la odchodem Velk\u00e9 Brit\u00e1nie a od t\u00e9 doby je v evropsk\u00e9m rozpo\u010dtu ka\u017ed\u00fd rok citeln\u00e1 zej\u00edc\u00ed d\u00edra. Tak\u017ee financovat z takto d\u011brav\u00e9ho rozpo\u010dtu Evropskou arm\u00e1du je naprosto vylou\u010deno. Na to je pot\u0159eba naj\u00edt nov\u00fd zdroj, kter\u00fd poskytne pouze evropsk\u00e1 da\u0148.<\/p>\n<figure id=\"attachment_59929\" class=\"wp-caption aligncenter\" style=\"width: 704px;\"><a href=\"https:\/\/aeronet.news\/wp-content\/uploads\/PeaceSummitLuzernStage.jpg\"><img decoding=\"async\" loading=\"lazy\" class=\"wp-image-59929 \" src=\"https:\/\/aeronet.news\/wp-content\/uploads\/PeaceSummitLuzernStage-1024x684.jpg\" sizes=\"(max-width: 700px) 100vw, 700px\" srcset=\"https:\/\/aeronet.news\/wp-content\/uploads\/PeaceSummitLuzernStage-1024x684.jpg 1024w, https:\/\/aeronet.news\/wp-content\/uploads\/PeaceSummitLuzernStage-300x200.jpg 300w, https:\/\/aeronet.news\/wp-content\/uploads\/PeaceSummitLuzernStage-768x513.jpg 768w, https:\/\/aeronet.news\/wp-content\/uploads\/PeaceSummitLuzernStage-700x468.jpg 700w, https:\/\/aeronet.news\/wp-content\/uploads\/PeaceSummitLuzernStage-534x357.jpg 534w, https:\/\/aeronet.news\/wp-content\/uploads\/PeaceSummitLuzernStage-723x483.jpg 723w, https:\/\/aeronet.news\/wp-content\/uploads\/PeaceSummitLuzernStage.jpg 1280w\" alt=\"\" width=\"704\" height=\"471\" \/><\/a><figcaption class=\"wp-caption-text\">Rekonstrukce Ukrajiny bude st\u00e1t obrovsk\u00e9 pen\u00edze, kter\u00e9 te\u010f ale EU nem\u00e1. Konference o m\u00edru ve \u0161v\u00fdcarsk\u00e9m Luzernu to jenom potvrdila<\/figcaption><\/figure>\n<p>A to nen\u00ed po\u0159\u00e1d v\u0161echno, proto\u017ee p\u0159ed Bruselem je nov\u00e1 obrovsk\u00e1 v\u00fdzva, a to je mamut\u00ed n\u00e1kladov\u00e1 kalkulace na rekonstrukci a obnovu Ukrajiny. P\u0159esto\u017ee EU si na tuto obnovu, podobn\u011b jako americk\u00fd BlackRock, chce vz\u00edt mamut\u00ed \u00fav\u011bry od ECB, FEDu a od Sv\u011btov\u00e9 banky a Mezin\u00e1rodn\u00edho m\u011bnov\u00e9ho fondu, tak\u00a0<strong>poskytnut\u00ed takov\u00fdch mamut\u00edch \u00fav\u011br\u016f bude ze strany t\u011bchto bank podm\u00edn\u011bno modelem spl\u00e1cen\u00ed \u00fav\u011br\u016f, tedy zdrojem, ze kter\u00e9ho bude EU t\u011bmto bank\u00e1m takov\u00e9 \u00fav\u011bry spl\u00e1cet.<\/strong><\/p>\n<p>No a jedin\u00fdm takov\u00fd zdrojem a garanc\u00ed je zaveden\u00ed nov\u00e9 evropsk\u00e9 dan\u011b, kdy se bank\u00e9\u0159\u016fm p\u0159edlo\u017e\u00ed n\u00e1vrh prototypu evropsk\u00e9 dan\u011b, ze kter\u00e9 budou v\u00fdnosy pou\u017eity na spl\u00e1cen\u00ed \u00fav\u011br\u016f na rekonstrukci Ukrajiny. To je cel\u00e9! Banky neposkytnou tak velk\u00e9 \u00fav\u011bry veden\u00ed EU, pokud EU nebude m\u00edt vlastn\u00ed fisk\u00e1ln\u00ed zdroje na spl\u00e1cen\u00ed \u00fav\u011br\u016f.<\/p>\n<h6><span style=\"font-size: 18pt;\">Zaveden\u00edm evropsk\u00e9 dan\u011b dojde k transformaci EU na federaci<\/span><\/h6>\n<p>A proto\u017ee EU se chov\u00e1 jako federace, ale nem\u00e1 fisk\u00e1ln\u00ed n\u00e1stroje jako federace, tak prost\u011b p\u0159ich\u00e1z\u00ed na \u0159adu tlak na zru\u0161en\u00ed pr\u00e1va veta v Evropsk\u00e9 rad\u011b, co\u017e je nezbytnost pro ukotven\u00ed federalizovan\u00e9 struktury EU, kde se bude hlasovat v\u011bt\u0161inou, a spolu s t\u00edm jako krok \u010d. 2 p\u0159ich\u00e1z\u00ed zaveden\u00ed evropsk\u00e9 dan\u011b, co\u017e je nezbytn\u011b pro krok \u010d. 3 v podob\u011b zaveden\u00ed vlastn\u00ed fisk\u00e1ln\u00ed politiky EU odvozen\u00e9 nov\u011b ji\u017e ne od p\u0159\u00edsp\u011bvk\u016f st\u00e1t\u016f, ale od mandatorn\u011b vybran\u00fdch dan\u00ed od v\u0161ech ob\u010dan\u016f zem\u00ed EU. T\u00edm bude v podstat\u011b nastartov\u00e1na federalizace EU.<\/p>\n<figure id=\"attachment_60336\" class=\"wp-caption aligncenter\" style=\"width: 704px;\"><a href=\"https:\/\/aeronet.news\/wp-content\/uploads\/UrsulaZeleneskyEUdeal.jpg\"><img decoding=\"async\" loading=\"lazy\" class=\"wp-image-60336 \" src=\"https:\/\/aeronet.news\/wp-content\/uploads\/UrsulaZeleneskyEUdeal-1024x722.jpg\" sizes=\"(max-width: 700px) 100vw, 700px\" srcset=\"https:\/\/aeronet.news\/wp-content\/uploads\/UrsulaZeleneskyEUdeal-1024x722.jpg 1024w, https:\/\/aeronet.news\/wp-content\/uploads\/UrsulaZeleneskyEUdeal-300x212.jpg 300w, https:\/\/aeronet.news\/wp-content\/uploads\/UrsulaZeleneskyEUdeal-768x542.jpg 768w, https:\/\/aeronet.news\/wp-content\/uploads\/UrsulaZeleneskyEUdeal-700x494.jpg 700w, https:\/\/aeronet.news\/wp-content\/uploads\/UrsulaZeleneskyEUdeal-506x357.jpg 506w, https:\/\/aeronet.news\/wp-content\/uploads\/UrsulaZeleneskyEUdeal-685x483.jpg 685w, https:\/\/aeronet.news\/wp-content\/uploads\/UrsulaZeleneskyEUdeal.jpg 1280w\" alt=\"\" width=\"704\" height=\"497\" \/><\/a><figcaption class=\"wp-caption-text\">Tyto n\u00e1mluvy mezi EU a Ukrajinou maj\u00ed zaplatit ob\u010dan\u016f EU skrze novou evropskou da\u0148. Takov\u00fd je pl\u00e1n!<\/figcaption><\/figure>\n<p>Proto\u017ee kdy\u017e bude Brusel vyb\u00edrat od ob\u010dan\u016f 27 zem\u00ed sv\u00e9 vlastn\u00ed feder\u00e1ln\u00ed, resp. unijn\u00ed dan\u011b, odd\u011blen\u011b od dan\u00ed st\u00e1tn\u00edch, bude t\u00edm nakro\u010deno k institucion\u00e1ln\u00ed p\u0159em\u011bn\u011b EU na federaci.\u00a0<strong>Pokud toti\u017e vytvo\u0159\u00edte krok \u010d. 1. v podob\u011b evropsk\u00e9 dan\u011b, vytvo\u0159\u00edte t\u00edm\u00a0zdroj pro vznik vlastn\u00ed fisk\u00e1ln\u00ed politiky EU<\/strong>, kter\u00e1 si naproti t\u011bm dan\u00edm bude moci br\u00e1t \u00fav\u011bry na projekty, tedy na krok \u010d. 4 a vznik EU arm\u00e1dy, ale i na obnovu Ukrajiny atd.<\/p>\n<p>A jakmile tyto 4 kroky budou ukotveny, dojde na krok \u010d. 5 a vytvo\u0159en\u00ed evropsk\u00e9ho soci\u00e1ln\u00edho poji\u0161t\u011bn\u00ed, d\u016fchod\u016f, zdravotn\u00edho poji\u0161t\u011bn\u00ed a cel\u00e9 \u0159ady dal\u0161\u00edch soci\u00e1ln\u00edch titul\u016f. Vznikne t\u00edm feder\u00e1ln\u00ed \u00fatvar, kter\u00fd ji\u017e nebude 27 zem\u00ed EU zast\u0159e\u0161ovat. On je bude nahrazovat! Je to \u0161achov\u00e1 koncovka na likvidaci n\u00e1rodn\u00edch st\u00e1t\u016f v Evrop\u011b. Takov\u00e1 je realita!<\/p>\n<p><a href=\"https:\/\/aeronet.news\/total-control-evropska-unie-chce-nejpozdeji-do-2-let-vytvorit-celoevropskou-databazi-movitych-a-nemovitych-majetku-vsech-obcanu-clenskych-zemi-unie-podle-informaci-ma-byt-registr-majetku-eu\/\">-VK-<\/a><\/p>\n<p>&nbsp;<\/p>\n","protected":false},"excerpt":{"rendered":"<p>Total Control: Evropsk\u00e1 unie chce nejpozd\u011bji do 2 let vytvo\u0159it celoevropskou datab\u00e1zi movit\u00fdch a nemovit\u00fdch&#8230;<\/p>\n","protected":false},"author":2,"featured_media":58455,"comment_status":"closed","ping_status":"closed","sticky":false,"template":"","format":"standard","meta":[],"categories":[6],"tags":[236,41,463],"_links":{"self":[{"href":"https:\/\/www.infokuryr.cz\/n\/wp-json\/wp\/v2\/posts\/58454"}],"collection":[{"href":"https:\/\/www.infokuryr.cz\/n\/wp-json\/wp\/v2\/posts"}],"about":[{"href":"https:\/\/www.infokuryr.cz\/n\/wp-json\/wp\/v2\/types\/post"}],"author":[{"embeddable":true,"href":"https:\/\/www.infokuryr.cz\/n\/wp-json\/wp\/v2\/users\/2"}],"replies":[{"embeddable":true,"href":"https:\/\/www.infokuryr.cz\/n\/wp-json\/wp\/v2\/comments?post=58454"}],"version-history":[{"count":0,"href":"https:\/\/www.infokuryr.cz\/n\/wp-json\/wp\/v2\/posts\/58454\/revisions"}],"wp:featuredmedia":[{"embeddable":true,"href":"https:\/\/www.infokuryr.cz\/n\/wp-json\/wp\/v2\/media\/58455"}],"wp:attachment":[{"href":"https:\/\/www.infokuryr.cz\/n\/wp-json\/wp\/v2\/media?parent=58454"}],"wp:term":[{"taxonomy":"category","embeddable":true,"href":"https:\/\/www.infokuryr.cz\/n\/wp-json\/wp\/v2\/categories?post=58454"},{"taxonomy":"post_tag","embeddable":true,"href":"https:\/\/www.infokuryr.cz\/n\/wp-json\/wp\/v2\/tags?post=58454"}],"curies":[{"name":"wp","href":"https:\/\/api.w.org\/{rel}","templated":true}]}}