{"id":58433,"date":"2024-07-24T00:50:11","date_gmt":"2024-07-23T22:50:11","guid":{"rendered":"https:\/\/www.infokuryr.cz\/n\/?p=58433"},"modified":"2024-07-23T17:21:47","modified_gmt":"2024-07-23T15:21:47","slug":"ruske-ministerstvo-obrany-potvrdilo-kontrolu-nad-ivano-darievka-v-dpr","status":"publish","type":"post","link":"https:\/\/www.infokuryr.cz\/n\/2024\/07\/24\/ruske-ministerstvo-obrany-potvrdilo-kontrolu-nad-ivano-darievka-v-dpr\/","title":{"rendered":"Rusk\u00e9 ministerstvo obrany potvrdilo kontrolu nad Ivano-Darievka v DPR"},"content":{"rendered":"<div id=\"fb-root\"><\/div>\n<p><strong><span>23. \u010dervence rusk\u00e9 ministerstvo obrany ofici\u00e1ln\u011b potvrdilo plnou kontrolu nad vesnic\u00ed Ivano-Darievka v Don\u011bck\u00e9 lidov\u00e9 republice. Osada se nach\u00e1z\u00ed ve sm\u011bru Seversk.\u00a0<\/span><\/strong><\/p>\n<p><span>Rusk\u00e1 vlajka byla instalov\u00e1na ve vesnici Ivano-Darievka ji\u017e 19. \u010dervence. Rusk\u00e1 kontrola byla potvrzena z\u00e1b\u011bry:<\/p>\n<p><\/span><\/p>\n<div style=\"width: 640px;\" class=\"wp-video\"><!--[if lt IE 9]><script>document.createElement('video');<\/script><![endif]-->\n<video class=\"wp-video-shortcode\" id=\"video-58433-1\" width=\"640\" height=\"360\" preload=\"metadata\" controls=\"controls\"><source type=\"video\/mp4\" src=\"http:\/\/www.infokuryr.cz\/n\/wp-content\/uploads\/2024\/07\/Ivano_Darievka.mp4?_=1\" \/><a href=\"http:\/\/www.infokuryr.cz\/n\/wp-content\/uploads\/2024\/07\/Ivano_Darievka.mp4\">http:\/\/www.infokuryr.cz\/n\/wp-content\/uploads\/2024\/07\/Ivano_Darievka.mp4<\/a><\/video><\/div>\n<p>&nbsp;<\/p>\n<p><span>Rusk\u00e1 arm\u00e1da potvrzuje kontrolu dobyt\u00fdch osad po dokon\u010den\u00ed vy\u010di\u0161\u0165ovac\u00edch operac\u00ed, odrazu proti\u00fatok\u016f ozbrojen\u00fdch sil Ukrajiny a zaji\u0161t\u011bn\u00ed rusk\u00fdch vojensk\u00fdch pozic.<\/span><\/p>\n<p><span>Rusk\u00e1 ofenziva ve sm\u011bru Seversk prob\u00edh\u00e1 z n\u011bkolika sm\u011br\u016f. U Belogorovky na v\u00fdchod\u011b prob\u00edhaj\u00ed t\u011b\u017ek\u00e9 bitvy, ale frontov\u00e9 linie se tam nepohybuj\u00ed. Jihov\u00fdchodn\u011b od Seversku dr\u017e\u00ed ukrajinsk\u00e9 ozbrojen\u00e9 s\u00edly obranu na v\u00fd\u0161in\u00e1ch severn\u011b od Ivano-Darievky. Ji\u017en\u00edm sm\u011brem rusk\u00e1 arm\u00e1da roz\u0161i\u0159uje svou z\u00f3nu kontroly severn\u011b od Razdolovky. St\u0159ety pokra\u010duj\u00ed na ji\u017en\u00edm okraji Pereezdnoe.<\/span><\/p>\n<p><img decoding=\"async\" loading=\"lazy\" class=\"alignnone size-full wp-image-1185\" src=\"http:\/\/www.infokuryr.cz\/n\/wp-content\/uploads\/2021\/04\/kuryr-podpis.png\" alt=\"\" width=\"84\" height=\"24\" \/><\/p>\n<p>&nbsp;<\/p>\n","protected":false},"excerpt":{"rendered":"<p>23. \u010dervence rusk\u00e9 ministerstvo obrany ofici\u00e1ln\u011b potvrdilo plnou kontrolu nad vesnic\u00ed Ivano-Darievka v Don\u011bck\u00e9 lidov\u00e9&#8230;<\/p>\n","protected":false},"author":2,"featured_media":58435,"comment_status":"closed","ping_status":"closed","sticky":false,"template":"","format":"standard","meta":[],"categories":[7],"tags":[1917,22,889,724],"_links":{"self":[{"href":"https:\/\/www.infokuryr.cz\/n\/wp-json\/wp\/v2\/posts\/58433"}],"collection":[{"href":"https:\/\/www.infokuryr.cz\/n\/wp-json\/wp\/v2\/posts"}],"about":[{"href":"https:\/\/www.infokuryr.cz\/n\/wp-json\/wp\/v2\/types\/post"}],"author":[{"embeddable":true,"href":"https:\/\/www.infokuryr.cz\/n\/wp-json\/wp\/v2\/users\/2"}],"replies":[{"embeddable":true,"href":"https:\/\/www.infokuryr.cz\/n\/wp-json\/wp\/v2\/comments?post=58433"}],"version-history":[{"count":0,"href":"https:\/\/www.infokuryr.cz\/n\/wp-json\/wp\/v2\/posts\/58433\/revisions"}],"wp:featuredmedia":[{"embeddable":true,"href":"https:\/\/www.infokuryr.cz\/n\/wp-json\/wp\/v2\/media\/58435"}],"wp:attachment":[{"href":"https:\/\/www.infokuryr.cz\/n\/wp-json\/wp\/v2\/media?parent=58433"}],"wp:term":[{"taxonomy":"category","embeddable":true,"href":"https:\/\/www.infokuryr.cz\/n\/wp-json\/wp\/v2\/categories?post=58433"},{"taxonomy":"post_tag","embeddable":true,"href":"https:\/\/www.infokuryr.cz\/n\/wp-json\/wp\/v2\/tags?post=58433"}],"curies":[{"name":"wp","href":"https:\/\/api.w.org\/{rel}","templated":true}]}}