{"id":58425,"date":"2024-07-24T00:47:13","date_gmt":"2024-07-23T22:47:13","guid":{"rendered":"https:\/\/www.infokuryr.cz\/n\/?p=58425"},"modified":"2024-07-23T17:13:14","modified_gmt":"2024-07-23T15:13:14","slug":"ukrajinske-drony-zamirily-na-sevastopol-zasahly-trajekt-v-port-kavkaz","status":"publish","type":"post","link":"https:\/\/www.infokuryr.cz\/n\/2024\/07\/24\/ukrajinske-drony-zamirily-na-sevastopol-zasahly-trajekt-v-port-kavkaz\/","title":{"rendered":"Ukrajinsk\u00e9 drony zam\u00ed\u0159ily na Sevastopol, zas\u00e1hly trajekt v Port Kavkaz"},"content":{"rendered":"<div id=\"fb-root\"><\/div>\n<p><strong><span>Ozbrojen\u00e9 s\u00edly Ukrajiny se v noci na 23. \u010dervence pokusily o dal\u0161\u00ed masivn\u00ed dronov\u00fd \u00fatok na rusk\u00e9 \u00fazem\u00ed. Na rozd\u00edl od p\u0159edchoz\u00edho dne ukrajinsk\u00e9 s\u00edly vypustily mnohem m\u00e9n\u011b UAV, kter\u00e9 se zam\u011b\u0159ovaly p\u0159edev\u0161\u00edm na Krymsk\u00fd poloostrov.<\/span><\/strong><\/p>\n<p><span>Podle ofici\u00e1ln\u00ed zpr\u00e1vy rusk\u00e9ho ministerstva obrany se rusk\u00fdm sil\u00e1m PVO poda\u0159ilo b\u011bhem noci zni\u010dit 25 ukrajinsk\u00fdch UAV. Mezi zni\u010den\u00e9 drony pat\u0159ily:<\/span><\/p>\n<ul>\n<li><span>21 dron\u016f na Krymsk\u00e9m poloostrov\u011b a v \u010cern\u00e9m mo\u0159i;<\/span><\/li>\n<li><span>dva drony v Brjansk\u00e9 oblasti;<\/span><\/li>\n<li><span>dva drony v oblasti Belgorod.<\/span><\/li>\n<\/ul>\n<p><span>V\u011bt\u0161ina ukrajinsk\u00fdch dron\u016f zam\u00ed\u0159ila na m\u011bsto Sevastopol. Podle m\u00edstn\u00edch \u00fa\u0159ad\u016f byly ukrajinsk\u00e9 drony sest\u0159eleny a zachyceny elektronick\u00fdm bojem nad m\u011bstem a vodn\u00ed plochou. Na zemi nejsou \u017e\u00e1dn\u00e9 \u0161kody a nejsou ani \u017e\u00e1dn\u00e9 ob\u011bti.<\/span><\/p>\n<p><strong><span>Guvern\u00e9r Krasnodarsk\u00e9ho kraje r\u00e1no tvrdil, \u017ee ozbrojen\u00e9 s\u00edly Ukrajiny za\u00fato\u010dily drony na trajekt v Port Kavkaz v Ker\u010dsk\u00e9m pr\u016flivu.<\/span><\/strong><span>\u00a0V d\u016fsledku \u00fatoku trajekt za\u010dal ho\u0159et. Mezi pos\u00e1dkou a person\u00e1lem p\u0159\u00edstavu jsou zran\u011bn\u00ed a nejm\u00e9n\u011b jeden mrtv\u00fd.<\/span><\/p>\n<p><span>Port Kavkaz se nach\u00e1z\u00ed v Ker\u010dsk\u00e9m pr\u016flivu, termin\u00e1l pro cestuj\u00edc\u00ed zaji\u0161\u0165uje trajektovou p\u0159epravu mezi Krymem a Krasnodarsk\u00fdm krajem. Krom\u011b toho je zde n\u00e1kladn\u00ed termin\u00e1l schopn\u00fd odbavit velk\u00e9 objemy ropy a dal\u0161\u00edho n\u00e1kladu na export. P\u0159\u00edstav se nach\u00e1z\u00ed asi 12 km severn\u011b od Krymsk\u00e9ho mostu.<\/span><\/p>\n<p><span>P\u0159ed dv\u011bma m\u011bs\u00edci byly na v\u00fdchod\u011b Krymu po\u0161kozeny dva trajekty padaj\u00edc\u00edmi \u00falomky raket.<\/span><\/p>\n<p><img decoding=\"async\" loading=\"lazy\" class=\"alignnone size-full wp-image-1185\" src=\"http:\/\/www.infokuryr.cz\/n\/wp-content\/uploads\/2021\/04\/kuryr-podpis.png\" alt=\"\" width=\"84\" height=\"24\" \/><\/p>\n<p>&nbsp;<\/p>\n","protected":false},"excerpt":{"rendered":"<p>Ozbrojen\u00e9 s\u00edly Ukrajiny se v noci na 23. \u010dervence pokusily o dal\u0161\u00ed masivn\u00ed dronov\u00fd \u00fatok&#8230;<\/p>\n","protected":false},"author":2,"featured_media":58426,"comment_status":"closed","ping_status":"closed","sticky":false,"template":"","format":"standard","meta":[],"categories":[7],"tags":[751,3695,26,1863],"_links":{"self":[{"href":"https:\/\/www.infokuryr.cz\/n\/wp-json\/wp\/v2\/posts\/58425"}],"collection":[{"href":"https:\/\/www.infokuryr.cz\/n\/wp-json\/wp\/v2\/posts"}],"about":[{"href":"https:\/\/www.infokuryr.cz\/n\/wp-json\/wp\/v2\/types\/post"}],"author":[{"embeddable":true,"href":"https:\/\/www.infokuryr.cz\/n\/wp-json\/wp\/v2\/users\/2"}],"replies":[{"embeddable":true,"href":"https:\/\/www.infokuryr.cz\/n\/wp-json\/wp\/v2\/comments?post=58425"}],"version-history":[{"count":0,"href":"https:\/\/www.infokuryr.cz\/n\/wp-json\/wp\/v2\/posts\/58425\/revisions"}],"wp:featuredmedia":[{"embeddable":true,"href":"https:\/\/www.infokuryr.cz\/n\/wp-json\/wp\/v2\/media\/58426"}],"wp:attachment":[{"href":"https:\/\/www.infokuryr.cz\/n\/wp-json\/wp\/v2\/media?parent=58425"}],"wp:term":[{"taxonomy":"category","embeddable":true,"href":"https:\/\/www.infokuryr.cz\/n\/wp-json\/wp\/v2\/categories?post=58425"},{"taxonomy":"post_tag","embeddable":true,"href":"https:\/\/www.infokuryr.cz\/n\/wp-json\/wp\/v2\/tags?post=58425"}],"curies":[{"name":"wp","href":"https:\/\/api.w.org\/{rel}","templated":true}]}}