{"id":58423,"date":"2024-07-24T00:46:18","date_gmt":"2024-07-23T22:46:18","guid":{"rendered":"https:\/\/www.infokuryr.cz\/n\/?p=58423"},"modified":"2024-07-23T17:11:31","modified_gmt":"2024-07-23T15:11:31","slug":"ruska-fsb-objevila-dodavatelsky-retezec-vybusnin-z-evropy","status":"publish","type":"post","link":"https:\/\/www.infokuryr.cz\/n\/2024\/07\/24\/ruska-fsb-objevila-dodavatelsky-retezec-vybusnin-z-evropy\/","title":{"rendered":"Rusk\u00e1 FSB objevila dodavatelsk\u00fd \u0159et\u011bzec v\u00fdbu\u0161nin z Evropy"},"content":{"rendered":"<div id=\"fb-root\"><\/div>\n<p><strong><span>22. \u010dervence Feder\u00e1ln\u00ed bezpe\u010dnostn\u00ed slu\u017eba Rusk\u00e9 federace (FSB) ozn\u00e1mila, \u017ee objevila dodavatelsk\u00fd \u0159et\u011bzec v\u00fdbu\u0161nin z evropsk\u00fdch zem\u00ed do Ruska. Nebezpe\u010dn\u00fd n\u00e1klad byl zam\u011b\u0159en k prov\u00e1d\u011bn\u00ed teroristick\u00fdch \u00fatok\u016f na rusk\u00e9m \u00fazem\u00ed.<\/span><\/strong><\/p>\n<p><span>Podle ofici\u00e1ln\u00ed zpr\u00e1vy byly v\u00fdbu\u0161niny a rozbu\u0161ky zasl\u00e1ny do Ruska v n\u011bkolika z\u00e1silk\u00e1ch z It\u00e1lie a N\u011bmecka. Byly ukryty v dutin\u00e1ch n\u00e1hradn\u00edch d\u00edl\u016f automobil\u016f.<\/span><\/p>\n<p><span>V\u00fdbu\u0161niny\u00a0byly\u00a0skladov\u00e1ny\u00a02\u00a0m\u011bs\u00edce\u00a0v\u00a0petrohradsk\u00e9m\u00a0dopravn\u00edm\u00a0podniku\u00a0.<\/span><span data-src-align=\"0:10\">\u200b<\/span><span>\u200b\u200b\u00a0Vedouc\u00ed\u00a0spole\u010dnosti\u00a0se\u00a0pokusil\u00a0kontaktovat\u00a0p\u0159\u00edjemce\u00a0,\u00a0ale\u00a0ten\u00a0se\u00a0mu\u00a0neozval\u00a0.\u200b\u200b\u00a0Na\u00a0z\u00e1b\u011brech\u00a0sd\u00edlen\u00fdch\u00a0FSB\u00a0\u017eena\u00a0uvedla\u00a0,\u00a0\u017ee\u00a0zkontrolovali\u00a0z\u00e1silky\u00a0a\u00a0na\u0161li\u00a0v\u00fdbu\u0161niny\u00a0pot\u00e9\u00a0,\u00a0co\u00a0zjistili\u00a0,\u00a0\u017ee\u00a0p\u0159\u00edjemce\u00a0je\u00a0hled\u00e1n\u00a0.\u200b\u200b<\/span><\/p>\n<p><span>Bylo zah\u00e1jeno trestn\u00ed \u0159\u00edzen\u00ed podle \u00a7 226 odst. 1 trestn\u00edho z\u00e1kon\u00edku (pa\u0161ov\u00e1n\u00ed v\u00fdbu\u0161nin).<\/p>\n<p><\/span><\/p>\n<div style=\"width: 640px;\" class=\"wp-video\"><!--[if lt IE 9]><script>document.createElement('video');<\/script><![endif]-->\n<video class=\"wp-video-shortcode\" id=\"video-58423-1\" width=\"640\" height=\"360\" preload=\"metadata\" controls=\"controls\"><source type=\"video\/mp4\" src=\"http:\/\/www.infokuryr.cz\/n\/wp-content\/uploads\/2024\/07\/terr.mp4?_=1\" \/><a href=\"http:\/\/www.infokuryr.cz\/n\/wp-content\/uploads\/2024\/07\/terr.mp4\">http:\/\/www.infokuryr.cz\/n\/wp-content\/uploads\/2024\/07\/terr.mp4<\/a><\/video><\/div>\n<p>&nbsp;<\/p>\n<p><strong><span>FSB ofici\u00e1ln\u011b ozn\u00e1mila, \u017ee bezpe\u010dnostn\u00ed agentury si vy\u017e\u00e1daly p\u0159\u00edslu\u0161n\u00e9 evropsk\u00e9 speci\u00e1ln\u00ed slu\u017eby v r\u00e1mci spolupr\u00e1ce v oblasti boje proti mezin\u00e1rodn\u00edmu terorismu za \u00fa\u010delem identifikace organiz\u00e1tor\u016f a spolupachatel\u016f zma\u0159en\u00fdch sabot\u00e1\u017e\u00ed a terorismu. Dodnes tyto \u017e\u00e1dosti z\u016fstaly bez odpov\u011bdi.<\/span><\/strong><\/p>\n<p><span>Podobn\u00e9 sch\u00e9ma nebezpe\u010dn\u00fdch dod\u00e1vek bylo odhaleno loni v Krymsk\u00e9 republice. \u00dato\u010dn\u00edci p\u0159ipravovali teroristick\u00fd \u00fatok na Krymu pomoc\u00ed v\u00fdbu\u0161nin dodan\u00fdch z Evropy. Na operaci dohl\u00ed\u017eel Roman Mashovets, z\u00e1stupce vedouc\u00edho kancel\u00e1\u0159e prezidenta Ukrajiny Zelensk\u00e9ho. Ter\u010dem \u00fatoku byli \u0161\u00e9f Krymu Sergej Aksenov, p\u0159edseda m\u00edstn\u00edho parlamentu Vladimir Konstantinov a starostka Jalty Yanina Pavlenko. V dubnu 2024 ministerstvo vnitra za\u0159adilo Mashovetse na seznam hledan\u00fdch. Terorist\u00e9 na Krymu byli zadr\u017eeni.<\/span><\/p>\n<p><span>P\u0159edt\u00edm hlava Krymsk\u00e9 republiky uvedla, \u017ee byl za posledn\u00ed rok \u010dty\u0159ikr\u00e1t napaden a v\u0161ichni podez\u0159el\u00ed byli zadr\u017eeni. Na tresty podle \u00fa\u0159edn\u00edka \u010dek\u00e1 deset lid\u00ed.<\/span><\/p>\n<p><span>V dubnu 2024 FSB ozn\u00e1mila, \u017ee v z\u00e1silce ikon poch\u00e1zej\u00edc\u00edch z Ukrajiny na hranici s Loty\u0161skem bylo nalezeno 27 v\u00fdbu\u0161n\u00fdch za\u0159\u00edzen\u00ed, 70 kg v\u00fdbu\u0161nin a rozbu\u0161ek. V ikon\u00e1ch byl nalezen Hexogen, jeho\u017e kapacita je 1,5kr\u00e1t v\u011bt\u0161\u00ed ne\u017e TNT.<\/span><\/p>\n<p><img decoding=\"async\" loading=\"lazy\" class=\"alignnone size-full wp-image-1185\" src=\"http:\/\/www.infokuryr.cz\/n\/wp-content\/uploads\/2021\/04\/kuryr-podpis.png\" alt=\"\" width=\"84\" height=\"24\" \/><\/p>\n<p>&nbsp;<\/p>\n","protected":false},"excerpt":{"rendered":"<p>22. \u010dervence Feder\u00e1ln\u00ed bezpe\u010dnostn\u00ed slu\u017eba Rusk\u00e9 federace (FSB) ozn\u00e1mila, \u017ee objevila dodavatelsk\u00fd \u0159et\u011bzec v\u00fdbu\u0161nin z&#8230;<\/p>\n","protected":false},"author":2,"featured_media":27591,"comment_status":"closed","ping_status":"closed","sticky":false,"template":"","format":"standard","meta":[],"categories":[7],"tags":[143,22,889,7637],"_links":{"self":[{"href":"https:\/\/www.infokuryr.cz\/n\/wp-json\/wp\/v2\/posts\/58423"}],"collection":[{"href":"https:\/\/www.infokuryr.cz\/n\/wp-json\/wp\/v2\/posts"}],"about":[{"href":"https:\/\/www.infokuryr.cz\/n\/wp-json\/wp\/v2\/types\/post"}],"author":[{"embeddable":true,"href":"https:\/\/www.infokuryr.cz\/n\/wp-json\/wp\/v2\/users\/2"}],"replies":[{"embeddable":true,"href":"https:\/\/www.infokuryr.cz\/n\/wp-json\/wp\/v2\/comments?post=58423"}],"version-history":[{"count":0,"href":"https:\/\/www.infokuryr.cz\/n\/wp-json\/wp\/v2\/posts\/58423\/revisions"}],"wp:featuredmedia":[{"embeddable":true,"href":"https:\/\/www.infokuryr.cz\/n\/wp-json\/wp\/v2\/media\/27591"}],"wp:attachment":[{"href":"https:\/\/www.infokuryr.cz\/n\/wp-json\/wp\/v2\/media?parent=58423"}],"wp:term":[{"taxonomy":"category","embeddable":true,"href":"https:\/\/www.infokuryr.cz\/n\/wp-json\/wp\/v2\/categories?post=58423"},{"taxonomy":"post_tag","embeddable":true,"href":"https:\/\/www.infokuryr.cz\/n\/wp-json\/wp\/v2\/tags?post=58423"}],"curies":[{"name":"wp","href":"https:\/\/api.w.org\/{rel}","templated":true}]}}