{"id":58421,"date":"2024-07-24T00:45:06","date_gmt":"2024-07-23T22:45:06","guid":{"rendered":"https:\/\/www.infokuryr.cz\/n\/?p=58421"},"modified":"2024-07-23T17:06:32","modified_gmt":"2024-07-23T15:06:32","slug":"je-madarsko-na-pokraji-energeticke-krize-ukrajinske-zablokovani-ropovodu-druzba-predstavuje-velkou-hrozbu","status":"publish","type":"post","link":"https:\/\/www.infokuryr.cz\/n\/2024\/07\/24\/je-madarsko-na-pokraji-energeticke-krize-ukrajinske-zablokovani-ropovodu-druzba-predstavuje-velkou-hrozbu\/","title":{"rendered":"Je Ma\u010farsko na pokraji energetick\u00e9 krize? Ukrajinsk\u00e9 zablokov\u00e1n\u00ed ropovodu Dru\u017eba p\u0159edstavuje velkou hrozbu"},"content":{"rendered":"<div id=\"fb-root\"><\/div>\n<h2 class=\"s-tagline fw-tagline\"><span>Ma\u010farsko hroz\u00ed pr\u00e1vn\u00edmi kroky pot\u00e9, co Ukrajina nad\u00e1le blokuje tok rusk\u00e9 ropy a hroz\u00ed potenci\u00e1ln\u00ed energetick\u00e1 krize<\/span><\/h2>\n<p><span>Ma\u010farsko \u010del\u00ed potenci\u00e1ln\u00ed energetick\u00e9 krizi kv\u016fli pokra\u010duj\u00edc\u00edmu blokov\u00e1n\u00ed ropovodu Friendship (Dru\u017eba) ze strany Ukrajiny, p\u0159i\u010dem\u017e ukrajinsk\u00fd prezident Volodymyr Zelenskyj zv\u00fd\u0161il tlak na Ma\u010farsko jako nikdy p\u0159edt\u00edm. Nyn\u00ed n\u011bkte\u0159\u00ed \u010dlenov\u00e9 ma\u010farsk\u00e9 vl\u00e1dy otev\u0159en\u011b spekuluj\u00ed, zda tento krok neprosazuje samotn\u00e1 Ukrajina, ale \u017ee by jej mohli podpo\u0159it \u201elid\u00e9 v Bruselu nebo dokonce prov\u00e1le\u010dn\u00ed ameri\u010dt\u00ed demokrat\u00e9\u201c.<\/span><\/p>\n<p><span>\u201eTrestaj\u00ed n\u00e1s za na\u0161i podporu m\u00edru a nyn\u00ed \u00fato\u010d\u00ed na na\u0161i energetickou bezpe\u010dnost. A je docela dob\u0159e mo\u017en\u00e9, \u017ee to neiniciovala sama Ukrajina, ale pomohli tomu obyvatel\u00e9 Bruselu, nebo dokonce prov\u00e1le\u010dn\u00ed ameri\u010dt\u00ed demokrat\u00e9. Cht\u011bj\u00ed v\u0161emi prost\u0159edky zni\u010dit ty, kte\u0159\u00ed jsou pro m\u00edr. To je nespravedliv\u00e9, nep\u0159ijateln\u00e9 a nez\u00e1konn\u00e9. V ka\u017ed\u00e9m p\u0159\u00edpad\u011b si budeme st\u00e1t za sv\u00fdm pro-m\u00edrov\u00fdm postojem a br\u00e1nit se \u00fatok\u016fm v\u0161emi mo\u017en\u00fdmi zp\u016fsoby, v\u0161emi mo\u017en\u00fdmi prost\u0159edky,\u201c uvedl ve videu\u00a0<\/span><a href=\"https:\/\/www.facebook.com\/menczer.tamas\/videos\/788193090172795\/\"><span>zve\u0159ejn\u011bn\u00e9m<\/span><\/a><span>\u00a0na soci\u00e1ln\u00edch s\u00edt\u00edch Tam\u00e1s Menczer, \u0159editel komunikace Fidesz-KDNP.<\/span><\/p>\n<p><span>V sou\u010dasn\u00e9 dob\u011b se ma\u010far\u0161t\u00ed diplomat\u00e9 sna\u017e\u00ed zajistit, aby tok ropy byl obnoven bez p\u0159eru\u0161en\u00ed, ale Budape\u0161\u0165 mo\u017en\u00e1 najde v Bruselu jen m\u00e1lo lid\u00ed, kte\u0159\u00ed jsou ochotni zatla\u010dit proti Zelensk\u00e9mu, navzdory statutu Ma\u010farska jako \u010dlena EU a NATO. Ma\u010farsko nyn\u00ed tla\u010d\u00ed na EU, aby podnikla kroky proti Ukrajin\u011b, proto\u017ee Ma\u010farsko spol\u00e9h\u00e1 na Rusko ze 70 a\u017e 80 procent sv\u00e9ho dovozu ropy.<\/span><\/p>\n<p><span>Pot\u00e9, co ma\u010farsk\u00fd ministr zahrani\u010d\u00ed P\u00e9ter Szijj\u00e1rt\u00f3 pohrozil soudn\u00edm \u0159\u00edzen\u00edm, Ukrajina odpov\u011bd\u011bla, \u017ee nedo\u0161lo k \u017e\u00e1dn\u00e9mu sn\u00ed\u017een\u00ed dod\u00e1vek, co\u017e je naprost\u00e1 le\u017e, proto\u017ee toky ropy byly na t\u00fddny p\u0159eru\u0161eny.<\/span><\/p>\n<p><span>Oleksij \u010cernisov, prezident Naftogazu, ukrajinsk\u00e9ho energetick\u00e9ho gigantu, na obchodn\u00edm f\u00f3ru prohl\u00e1sil: \u201e\u010cervnov\u00e9 zp\u0159\u00edsn\u011bn\u00ed sankc\u00ed v\u016f\u010di Lukoilu neovlivnilo objem tranzitu ropy p\u0159es Ukrajinu.<\/span><\/p>\n<p><span>Podobn\u011b se vyj\u00e1d\u0159il i ukrajinsk\u00fd ministr zahrani\u010d\u00ed.<\/span><\/p>\n<p><span>\u201eV\u010dera jsem mluvil s ukrajinsk\u00fdm ministrem zahrani\u010d\u00ed a ten \u0159ekl, \u017ee umo\u017e\u0148uj\u00ed ka\u017ed\u00fd transfer ropy, ale nen\u00ed to pravda,\u201c \u0159ekl ma\u010farsk\u00fd ministr zahrani\u010d\u00ed P\u00e9ter Szijj\u00e1rt\u00f3. &#8222;Komise m\u00e1 t\u0159i dny na to, aby vy\u0159\u00eddila na\u0161i \u017e\u00e1dost, pot\u00e9 z\u00e1le\u017eitost p\u0159edlo\u017e\u00edme soudu.&#8220;<\/span><\/p>\n<p><span>Energetick\u00e1 krize dostihla i sousedn\u00ed Slovensko, kter\u00e9mu byly rovn\u011b\u017e omezeny dod\u00e1vky. Rusk\u00fd Lukoil, kter\u00fd je nyn\u00ed pod sankcemi Ukrajiny, tvo\u0159\u00ed t\u0159etinu dovozu ma\u010farsk\u00e9 ropy a asi 45 procent dovozu slovensk\u00e9 ropy.<\/span><\/p>\n<p><span>Ma\u010farsk\u00e1 vl\u00e1da p\u0159ijala \u0159adu do\u010dasn\u00fdch opat\u0159en\u00ed, aby podpo\u0159ila sv\u00e9 dod\u00e1vky energie, ale Szijj\u00e1rt\u00f3 \u0159\u00edk\u00e1, \u017ee tato opat\u0159en\u00ed ve st\u0159edn\u011bdob\u00e9m horizontu nepomohou.<\/span><\/p>\n<p><span>Loni Szijj\u00e1rt\u00f3 varoval p\u0159ed pl\u00e1ny unikl\u00fdmi z Washington Post, kter\u00e9 podrobn\u011b popisuj\u00ed, jak ukrajinsk\u00e1 vl\u00e1da v minulosti pl\u00e1novala vyhodit do pov\u011bt\u0159\u00ed ropovod Dru\u017eba,\u00a0<\/span><a href=\"https:\/\/rmx.news\/hungary\/a-threat-against-hungarys-sovereignty-hungarian-foreign-minister-slams-zelenskys-shocking-plan-to-blow-up-vital-oil-pipeline-and-cripple-hungarys-economy\/\"><span>konkr\u00e9tn\u011b s c\u00edlem potopit ma\u010farskou ekonomiku.<\/span><\/a><\/p>\n<p><img decoding=\"async\" loading=\"lazy\" class=\"alignnone size-full wp-image-1185\" src=\"http:\/\/www.infokuryr.cz\/n\/wp-content\/uploads\/2021\/04\/kuryr-podpis.png\" alt=\"\" width=\"84\" height=\"24\" \/><\/p>\n<p>&nbsp;<\/p>\n","protected":false},"excerpt":{"rendered":"<p>Ma\u010farsko hroz\u00ed pr\u00e1vn\u00edmi kroky pot\u00e9, co Ukrajina nad\u00e1le blokuje tok rusk\u00e9 ropy a hroz\u00ed potenci\u00e1ln\u00ed&#8230;<\/p>\n","protected":false},"author":2,"featured_media":58422,"comment_status":"closed","ping_status":"closed","sticky":false,"template":"","format":"standard","meta":[],"categories":[7],"tags":[3006,78,3008,26],"_links":{"self":[{"href":"https:\/\/www.infokuryr.cz\/n\/wp-json\/wp\/v2\/posts\/58421"}],"collection":[{"href":"https:\/\/www.infokuryr.cz\/n\/wp-json\/wp\/v2\/posts"}],"about":[{"href":"https:\/\/www.infokuryr.cz\/n\/wp-json\/wp\/v2\/types\/post"}],"author":[{"embeddable":true,"href":"https:\/\/www.infokuryr.cz\/n\/wp-json\/wp\/v2\/users\/2"}],"replies":[{"embeddable":true,"href":"https:\/\/www.infokuryr.cz\/n\/wp-json\/wp\/v2\/comments?post=58421"}],"version-history":[{"count":0,"href":"https:\/\/www.infokuryr.cz\/n\/wp-json\/wp\/v2\/posts\/58421\/revisions"}],"wp:featuredmedia":[{"embeddable":true,"href":"https:\/\/www.infokuryr.cz\/n\/wp-json\/wp\/v2\/media\/58422"}],"wp:attachment":[{"href":"https:\/\/www.infokuryr.cz\/n\/wp-json\/wp\/v2\/media?parent=58421"}],"wp:term":[{"taxonomy":"category","embeddable":true,"href":"https:\/\/www.infokuryr.cz\/n\/wp-json\/wp\/v2\/categories?post=58421"},{"taxonomy":"post_tag","embeddable":true,"href":"https:\/\/www.infokuryr.cz\/n\/wp-json\/wp\/v2\/tags?post=58421"}],"curies":[{"name":"wp","href":"https:\/\/api.w.org\/{rel}","templated":true}]}}