{"id":58420,"date":"2024-07-24T00:44:23","date_gmt":"2024-07-23T22:44:23","guid":{"rendered":"https:\/\/www.infokuryr.cz\/n\/?p=58420"},"modified":"2024-07-23T17:02:07","modified_gmt":"2024-07-23T15:02:07","slug":"rumunsko-planuje-letos-investovat-14-miliard-eur-do-modernizace-armady","status":"publish","type":"post","link":"https:\/\/www.infokuryr.cz\/n\/2024\/07\/24\/rumunsko-planuje-letos-investovat-14-miliard-eur-do-modernizace-armady\/","title":{"rendered":"Rumunsko pl\u00e1nuje letos investovat 14 miliard eur do modernizace arm\u00e1dy"},"content":{"rendered":"<div id=\"fb-root\"><\/div>\n<h2 class=\"s-tagline fw-tagline\"><span>Rumunsko prosazuje sv\u00e9 pl\u00e1ny na modernizaci arm\u00e1dy, jej\u00edm\u017e c\u00edlem je letos podepsat smlouvy v hodnot\u011b 14 miliard eur<\/span><\/h2>\n<p><span>Jak v\u00fdchodn\u00ed Evropa reaguje na pokra\u010duj\u00edc\u00ed v\u00e1lku na Ukrajin\u011b, zem\u011b jako\u00a0<\/span><a href=\"https:\/\/rmx.news\/article\/romanian-expats-send-home-a-record-amount-of-money\/\"><span>Rumunsko<\/span><\/a><span>\u00a0urychluj\u00ed sv\u00e9 programy modernizace obrany. Podle rumunsk\u00e9ho ministra obrany Angela T\u00eelv\u0103ra pl\u00e1nuje zem\u011b jen letos investovat do nov\u00e9ho vojensk\u00e9ho vybaven\u00ed zhruba 14 miliard eur.<\/span><\/p>\n<p><span>Tyto masivn\u00ed v\u00fddaje maj\u00ed zahrnovat pokro\u010dilou leteckou munici, st\u00edha\u010dky p\u00e1t\u00e9 generace a balistick\u00e9 st\u0159ely.<\/span><\/p>\n<p><span>Polsko se v posledn\u00edch letech dostalo na tituln\u00ed str\u00e1nky se sv\u00fdmi zak\u00e1zkami na obranu v hodnot\u011b mnoha miliard eur a nyn\u00ed je n\u00e1sleduje Rumunsko. Rumunsk\u00e9 ozbrojen\u00e9 s\u00edly, kter\u00e9 jsou s v\u00edce ne\u017e 70 000 p\u0159\u00edslu\u0161n\u00edky jednou z nejv\u011bt\u0161\u00edch ve v\u00fdchodn\u00ed Evrop\u011b, proch\u00e1zej\u00ed v\u00fdznamn\u00fdmi modernizacemi. Navzdory zastaral\u00e9 flotile letadel a vozidel, v\u010detn\u011b archaick\u00fdch tank\u016f TR-85 a T-55, Rumunsko za\u010dalo vy\u0159azovat svou flotilu letadel MiG-21, poprv\u00e9 vzl\u00e9tnut\u00fdch v 50. letech 20. stolet\u00ed.<\/span><\/p>\n<p><span>Moderniza\u010dn\u00ed \u00fasil\u00ed zahrnuje n\u00e1kup st\u00edha\u010dek F-16 z Portugalska a Norska, kter\u00e9 pos\u00edl\u00ed schopnosti Rumunska nad \u010cern\u00fdm mo\u0159em. Nav\u00edc USA souhlasily s prodejem 54\u00a0<\/span><a href=\"https:\/\/rmx.news\/poland\/armored-curtain-first-shipment-of-abrams-tanks-arrives-in-polish-port-of-szczecin\/\"><span>tank\u016f M1A2R Abrams<\/span><\/a><span>\u00a0Rumunsku a jihokorejsk\u00e9 zpr\u00e1vy nazna\u010duj\u00ed n\u00e1kup a\u017e 500 tank\u016f K2. Rumunsko tak\u00e9 souhlasilo s akvizic\u00ed 54 samohybn\u00fdch houfnic K9 z Koreje, co\u017e odr\u00e1\u017e\u00ed ned\u00e1vn\u00e9 akvizice Polska.<\/span><\/p>\n<p><span>Rumunsko pl\u00e1nuje letos zajistit kontrakty v hodnot\u011b 71 miliard lei (\u203914 miliard EUR), kter\u00e9 zahrnuj\u00ed potenci\u00e1ln\u00ed n\u00e1kup a\u017e 48\u00a0<\/span><a href=\"https:\/\/rmx.news\/article\/polands-f-35s-will-be-easy-to-modify\/\"><span>st\u00edha\u010dek F-35A<\/span><\/a><span>\u00a0. Rumunsk\u00e9 letectvo se nav\u00edc chyst\u00e1 po\u0159\u00eddit rakety a jeho arm\u00e1da obdr\u017e\u00ed americk\u00e9 protitankov\u00e9 st\u0159ely FGM-148 Javelin a balistick\u00e9 st\u0159ely MGM-140 ATACMS pro sv\u00e9 odpalovac\u00ed za\u0159\u00edzen\u00ed M142 HIMARS.<\/span><\/p>\n<p><span>Rumunsko tak\u00e9 investuje do boje s drony a po\u0159izuje 26 syst\u00e9m\u016f leteck\u00e9 munice Switchblade. Dal\u0161\u00ed kl\u00ed\u010dov\u00e1 akvizice zahrnuje 231 protiletadlov\u00fdch st\u0159el kr\u00e1tk\u00e9ho doletu Mistral 3, kter\u00e9 jsou schopn\u00e9 zas\u00e1hnout nep\u0159\u00e1telsk\u00e1 letadla a\u017e na vzd\u00e1lenost 8 kilometr\u016f, \u010d\u00edm\u017e pos\u00edl\u00ed obrann\u00e9 schopnosti Rumunska v rychle se m\u011bn\u00edc\u00edm bezpe\u010dnostn\u00edm prost\u0159ed\u00ed ve v\u00fdchodn\u00ed Evrop\u011b.<\/span><\/p>\n<p><img decoding=\"async\" loading=\"lazy\" class=\"alignnone size-full wp-image-1185\" src=\"http:\/\/www.infokuryr.cz\/n\/wp-content\/uploads\/2021\/04\/kuryr-podpis.png\" alt=\"\" width=\"84\" height=\"24\" \/><\/p>\n<p>&nbsp;<\/p>\n","protected":false},"excerpt":{"rendered":"<p>Rumunsko prosazuje sv\u00e9 pl\u00e1ny na modernizaci arm\u00e1dy, jej\u00edm\u017e c\u00edlem je letos podepsat smlouvy v hodnot\u011b&#8230;<\/p>\n","protected":false},"author":2,"featured_media":37945,"comment_status":"closed","ping_status":"closed","sticky":false,"template":"","format":"standard","meta":[],"categories":[7],"tags":[80,4825,196],"_links":{"self":[{"href":"https:\/\/www.infokuryr.cz\/n\/wp-json\/wp\/v2\/posts\/58420"}],"collection":[{"href":"https:\/\/www.infokuryr.cz\/n\/wp-json\/wp\/v2\/posts"}],"about":[{"href":"https:\/\/www.infokuryr.cz\/n\/wp-json\/wp\/v2\/types\/post"}],"author":[{"embeddable":true,"href":"https:\/\/www.infokuryr.cz\/n\/wp-json\/wp\/v2\/users\/2"}],"replies":[{"embeddable":true,"href":"https:\/\/www.infokuryr.cz\/n\/wp-json\/wp\/v2\/comments?post=58420"}],"version-history":[{"count":0,"href":"https:\/\/www.infokuryr.cz\/n\/wp-json\/wp\/v2\/posts\/58420\/revisions"}],"wp:featuredmedia":[{"embeddable":true,"href":"https:\/\/www.infokuryr.cz\/n\/wp-json\/wp\/v2\/media\/37945"}],"wp:attachment":[{"href":"https:\/\/www.infokuryr.cz\/n\/wp-json\/wp\/v2\/media?parent=58420"}],"wp:term":[{"taxonomy":"category","embeddable":true,"href":"https:\/\/www.infokuryr.cz\/n\/wp-json\/wp\/v2\/categories?post=58420"},{"taxonomy":"post_tag","embeddable":true,"href":"https:\/\/www.infokuryr.cz\/n\/wp-json\/wp\/v2\/tags?post=58420"}],"curies":[{"name":"wp","href":"https:\/\/api.w.org\/{rel}","templated":true}]}}