{"id":58364,"date":"2024-07-23T00:34:44","date_gmt":"2024-07-22T22:34:44","guid":{"rendered":"https:\/\/www.infokuryr.cz\/n\/?p=58364"},"modified":"2024-07-22T16:39:27","modified_gmt":"2024-07-22T14:39:27","slug":"007-sedm-dni-s-janou-bobosikovou-kazdou-nedeli-ve-1200","status":"publish","type":"post","link":"https:\/\/www.infokuryr.cz\/n\/2024\/07\/23\/007-sedm-dni-s-janou-bobosikovou-kazdou-nedeli-ve-1200\/","title":{"rendered":"007 Sedm dn\u00ed s Janou Bobo\u0161\u00edkovou ka\u017edou ned\u011bli ve 12:00"},"content":{"rendered":"<div id=\"fb-root\"><\/div>\n<p><span style=\"font-size: 18pt; color: #993366;\"><strong>\u0160tamgasti, okupuj\u00edc\u00ed \u017eidli\u010dky V\u00e1clava Moravce a CNN Prima News budou muset \u010delit konkuren\u010dn\u00edmu po\u0159adu nejlep\u0161\u00ed moder\u00e1torky Jany Bobo\u0161\u00edkov\u00e9.<\/p>\n<p><\/strong><\/span><\/p>\n<p><iframe loading=\"lazy\" title=\"007 Sedm dn\u00ed s Janou Bobo\u0161\u00edkovou: J. Rajchl (PRO) a M. Klus\u00e1\u010dek (STA\u010cILO!)\" width=\"640\" height=\"360\" src=\"https:\/\/www.youtube.com\/embed\/CqHAJtXCd44?feature=oembed\" frameborder=\"0\" allow=\"accelerometer; autoplay; clipboard-write; encrypted-media; gyroscope; picture-in-picture; web-share\" referrerpolicy=\"strict-origin-when-cross-origin\" allowfullscreen><\/iframe><\/p>\n<p>&nbsp;<\/p>\n<p><em>J. Rajchl (PRO) a M. Klus\u00e1\u010dek (STA\u010cILO!)<\/em><\/p>\n<p>Kone\u010dn\u011b se zrodil\u00a0 po\u0159ad, kter\u00fd bude \u010delit \u0161tamgast\u016fm V\u00e1clava Moravce, maj\u00edc\u00ed sv\u00e9 podepsan\u00e9 \u017eidli\u010dky v \u010ct a kam nesm\u00ed nikdo ze skute\u010dn\u00e9 opozice.<\/p>\n<p>P\u0159itom dodnes nev\u00edme, jak\u00fd m\u00e1 plat V\u00e1clav Moravec, ale v\u00edme, \u017ee budeme platit v\u00edc za koncesion\u00e1\u0159sk\u00e9 poplatky, proto\u017ee V\u00e1clav Moravec je chud\u00fd jak kosteln\u00ed my\u0161 a pot\u0159ebuje p\u0159idat na v\u00fdplat\u011b.<\/p>\n<p><strong>A propaganda \u0161tamgast\u016f na CNN Prima News je v podobn\u00e9m slo\u017een\u00ed, jako u ve\u0159ejnopr\u00e1vn\u00ed \u010ct V\u00e1clava Moravce, zat\u00edmco n\u00e1zory jin\u00fdch lid\u00ed tam zazn\u011bt tak\u00e9 skoro nesm\u00ed.<\/strong><\/p>\n<p><img decoding=\"async\" loading=\"lazy\" class=\"alignnone size-full wp-image-1185\" src=\"http:\/\/www.infokuryr.cz\/n\/wp-content\/uploads\/2021\/04\/kuryr-podpis.png\" alt=\"\" width=\"84\" height=\"24\" \/><\/p>\n<p>&nbsp;<\/p>\n","protected":false},"excerpt":{"rendered":"<p>\u0160tamgasti, okupuj\u00edc\u00ed \u017eidli\u010dky V\u00e1clava Moravce a CNN Prima News budou muset \u010delit konkuren\u010dn\u00edmu po\u0159adu nejlep\u0161\u00ed&#8230;<\/p>\n","protected":false},"author":2,"featured_media":58365,"comment_status":"closed","ping_status":"closed","sticky":false,"template":"","format":"standard","meta":[],"categories":[6],"tags":[7633,1342,1357,29,122,5940,889],"_links":{"self":[{"href":"https:\/\/www.infokuryr.cz\/n\/wp-json\/wp\/v2\/posts\/58364"}],"collection":[{"href":"https:\/\/www.infokuryr.cz\/n\/wp-json\/wp\/v2\/posts"}],"about":[{"href":"https:\/\/www.infokuryr.cz\/n\/wp-json\/wp\/v2\/types\/post"}],"author":[{"embeddable":true,"href":"https:\/\/www.infokuryr.cz\/n\/wp-json\/wp\/v2\/users\/2"}],"replies":[{"embeddable":true,"href":"https:\/\/www.infokuryr.cz\/n\/wp-json\/wp\/v2\/comments?post=58364"}],"version-history":[{"count":1,"href":"https:\/\/www.infokuryr.cz\/n\/wp-json\/wp\/v2\/posts\/58364\/revisions"}],"predecessor-version":[{"id":58366,"href":"https:\/\/www.infokuryr.cz\/n\/wp-json\/wp\/v2\/posts\/58364\/revisions\/58366"}],"wp:featuredmedia":[{"embeddable":true,"href":"https:\/\/www.infokuryr.cz\/n\/wp-json\/wp\/v2\/media\/58365"}],"wp:attachment":[{"href":"https:\/\/www.infokuryr.cz\/n\/wp-json\/wp\/v2\/media?parent=58364"}],"wp:term":[{"taxonomy":"category","embeddable":true,"href":"https:\/\/www.infokuryr.cz\/n\/wp-json\/wp\/v2\/categories?post=58364"},{"taxonomy":"post_tag","embeddable":true,"href":"https:\/\/www.infokuryr.cz\/n\/wp-json\/wp\/v2\/tags?post=58364"}],"curies":[{"name":"wp","href":"https:\/\/api.w.org\/{rel}","templated":true}]}}