{"id":5835,"date":"2021-11-01T03:26:21","date_gmt":"2021-11-01T02:26:21","guid":{"rendered":"http:\/\/www.infokuryr.cz\/n\/?p=5835"},"modified":"2021-11-01T03:26:21","modified_gmt":"2021-11-01T02:26:21","slug":"nedelnik-adama-b-bartose-60-o-tom-co-chceme-po-mladeznicich-a-o-tom-co-bychom-mladeznikum-meli-odkazat","status":"publish","type":"post","link":"https:\/\/www.infokuryr.cz\/n\/2021\/11\/01\/nedelnik-adama-b-bartose-60-o-tom-co-chceme-po-mladeznicich-a-o-tom-co-bychom-mladeznikum-meli-odkazat\/","title":{"rendered":"NED\u011aLN\u00cdK ADAMA B. BARTO\u0160E (60): O TOM, CO CHCEME PO ML\u00c1DE\u017dN\u00cdC\u00cdCH, A O TOM, CO BYCHOM ML\u00c1DE\u017dN\u00cdK\u016eM M\u011aLI ODK\u00c1ZAT"},"content":{"rendered":"<div id=\"fb-root\"><\/div>\n<p>Cht\u011bl jsem v\u00e1m ned\u011bli zpest\u0159it vskutku zaj\u00edmav\u00fdm ned\u011bln\u00edkem, ale nakonec z toho vznikl ned\u011bln\u00edk takov\u00fd norm\u00e1ln\u00ed, tuctov\u00fd.<span id=\"more-12448\"><\/span><\/p>\n<p>Dal jsem si tento t\u00fdden od politiky pohov a pono\u0159il se do kn\u00ed\u017eek, kter\u00e9 jsem si sliboval, \u017ee si po volb\u00e1ch za\u010dnu \u010d\u00edst. Alespo\u0148 jak\u00fdsi z\u00e1chv\u011bv star\u00e9ho sv\u011bta \u2013 knihy, knihy, knihy. Kdo m\u00e1 r\u00e1d jejich v\u016fni, jako j\u00e1, ten mi rozum\u00ed. A tak jsem si \u010detl a \u010detl a bu\u010f mi toho mnoho uniklo \u2013 a nebo se za cel\u00fd t\u00fdden nic podstatn\u00e9ho neud\u00e1lo\u2026<\/p>\n<p>Krom toho, \u017ee byl 28. \u0159\u00edjen. Letos poprv\u00e9 bez ud\u00edlen\u00ed st\u00e1tn\u00edch vyznamen\u00e1n\u00ed. Kdy\u017e u\u017e je prezident st\u00e1r a nemocen, museli si pam\u00e1te\u010dnost chv\u00edle p\u0159ipomenout alespo\u0148\u00a0<a href=\"https:\/\/www.youtube.com\/watch?v=qY-i_Y2TUbo\" target=\"_blank\" rel=\"noopener\"><em><strong>n\u00e1rodn\u00ed ml\u00e1de\u017en\u00edci<\/strong><\/em><\/a>, kte\u0159\u00ed ten den m\u011bli v Praze ustavuj\u00edc\u00ed sn\u011bm a odpoledne se spolu s ANS se\u0161li u Obecn\u00edho domu, kde se p\u0159ed 103 lety v\u0161echny ty slavn\u00e9 okam\u017eiky ud\u00e1ly. Odpoledne se zase na vy\u0161ehradsk\u00e9m ostrohu se\u0161li odv\u00e1\u017en\u00ed l\u00e9ka\u0159i kolem MUDr. Mare\u010dka, aby po\u017eadovali \u201eukon\u010den\u00ed pandemick\u00fdch her\u201c. Nemohl jsem tam b\u00fdt, tak jsem jim poslal tak\u00e9 zdravici. Nev\u00edm, k \u010demu nakonec dosp\u011bli, ale vypad\u00e1 to, \u017ee ka\u017edou ned\u011bli budou cht\u00edt d\u011blat protesty b\u00edl\u00fdch pl\u00e1\u0161\u0165\u016f na Palack\u00e9ho n\u00e1m\u011bst\u00ed p\u0159ed ministerstvem zdravotnictv\u00ed. To je mi sympatick\u00e9.<\/p>\n<p>Petr Hampl zalo\u017eil zase n\u011bjak\u00e9 nov\u00e9 sdru\u017een\u00ed. N\u011bkter\u00e9 lidi zkr\u00e1tka furt bav\u00ed n\u011bco zakl\u00e1dat. P\u0159eskakovat ze sdru\u017een\u00ed do sdru\u017een\u00ed. Je to p\u0159itom stejn\u00e9, jako s politick\u00fdmi stranami. Jeho nejnov\u011bj\u0161\u00ed po\u010din se jmenuje\u00a0<a href=\"https:\/\/www.facebook.com\/DrPetrHampl\/videos\/295992245511566\/\" target=\"_blank\" rel=\"noopener\"><em><strong>\u201eKudy z krize\u201c<\/strong><\/em><\/a>\u00a0. Cestu z n\u00ed n\u00e1m uk\u00e1\u017eou vedle Hampla i dal\u0161\u00ed zn\u00e1m\u00e9 firmy: Konvi\u010dka, Keller, Proch\u00e1zkov\u00e1, nov\u011b Sk\u00e1la a dal\u0161\u00ed. Tak\u017ee je to v cajku a j\u00e1 se mohu v\u011bnovat jin\u00fdm v\u011bcem, na kter\u00e9 jsem se po volb\u00e1ch t\u011b\u0161il\u2026<\/p>\n<p>T\u0159eba Knihovn\u011b Jana Sk\u00e1cela. Spolu s t\u00edm, jak na\u0161e d\u011bti odm\u00edtaj\u00ed \u010d\u00edst \u201etlust\u00e9 knihy\u201c nebo dokonce jen \u201eknihy\u201c, roste pot\u0159eba n\u00e1s, kte\u0159\u00ed knihy milujeme, na\u0161e knihy n\u011bkam um\u00edstit. A hlavn\u011b \u2013 n\u011bjak je ochr\u00e1nit p\u0159ed znehodnocen\u00edm. Nejhor\u0161\u00ed p\u0159edstava je pro n\u00e1s ta, \u017ee na\u0161e knihy na\u0161e d\u011bti po na\u0161\u00ed smrti um\u00edst\u00ed do kontejneru na pap\u00edr nebo to za hubi\u010dku prodaj\u00ed n\u011bjak\u00e9mu pra\u017esk\u00e9mu antikv\u00e1rn\u00edkovi, kter\u00fd si na tom namast\u00ed kapsy a zbytek d\u00e1 do stoupy.<\/p>\n<p><a href=\"http:\/\/knihyabb.cz\/domu\/1883-020-jan-skacel-pameti-na-zcela-neuspesneho-politika-listopad-2019.html\" target=\"_blank\" rel=\"noopener\"><em><strong>Jana Sk\u00e1cela<\/strong><\/em><\/a>\u00a0p\u0159edstavovat nemus\u00edm. A kdo by ho n\u00e1hodou neznal, p\u0159ipravuji malou kn\u00ed\u017ee\u010dku rozhovor\u016f s n\u00edm, ze kter\u00e9 sezn\u00e1te, \u017ee to byl \u010dlov\u011bk, jak\u00fdch u\u017e dnes na sv\u011bt\u011b nen\u00ed. Z\u016fstaly po n\u011bm knihy a s jeho synem a dal\u0161\u00edmi kolegy jsme se rozhodli, \u017ee kdy\u017e m\u016f\u017ee m\u00edt knihovnu kdejak\u00fd Havel, pro\u010d by ji nemohl m\u00edt i Jenda Sk\u00e1cel. Ale nebude to jen Honzova knihovna, proto\u017ee u\u017e te\u010f m\u00e1me rozpracov\u00e1no n\u011bkolik \u201eakvizic\u201c \u2013 lid\u00ed, kte\u0159\u00ed do knihovny p\u0159isp\u011bj\u00ed rovn\u011b\u017e sv\u00fdmi svazky a tento kni\u017en\u00ed fond ponese jejich jm\u00e9no. Nebudou tam ale \u017e\u00e1dn\u00e9 tuctov\u00e9 knihy, ale opravdov\u00e9 fajnovky, kter\u00e9 se jen tak n\u011bkde nese\u017eenou. Od je\u0161t\u011b \u017eij\u00edc\u00edch potomk\u016f Vlajka\u0159\u016f m\u00e1me p\u0159isl\u00edbeny kompletn\u00ed ro\u010dn\u00edky star\u00fdch vlasteneck\u00fdch \u010dasopis\u016f z prvn\u00ed republiky apod. Vlastene\u010dt\u00ed aktivist\u00e9 z 90. let projdou sv\u00e9 knihovny a co maj\u00ed v\u00edckr\u00e1t nebo co cht\u011bj\u00ed deponovat do Knihovny Jana Sk\u00e1cela, to tam p\u0159esunou. J\u00e1 tam d\u00e1m sv\u00e9 knihy, Bohou\u0161 tam d\u00e1 sv\u00e9 knihy. Z\u00edskali jsme knihovnu socha\u0159e V\u00e1clava \u0160ed\u00e9ho. No prost\u011b \u2013 bude to \u010dasem velk\u00e1 knihovna. V Klementinu budou z\u00e1vid\u011bt\u2026<\/p>\n<p>Krom toho budeme vyd\u00e1vat publikace, po\u0159\u00e1dat p\u0159edn\u00e1\u0161ky, diskuze, konference, ovliv\u0148ovat ve\u0159ejn\u00e9 m\u00edn\u011bn\u00ed. Budeme takov\u00e1 mozkovna. Kdyby kohokoli z v\u00e1s napadlo, jak n\u00e1m s t\u00edm pomoci, dejte v\u011bd\u011bt. Asi nejd\u016fle\u017eit\u011bj\u0161\u00ed jsou prostory. M\u00e1te-li n\u011bkdo k dispozici n\u011bjak\u00e9 honosn\u00e9 s\u00eddlo, kter\u00e9 by sv\u00fdm majest\u00e1tem odpov\u00eddalo velikosti t\u00e9to na\u0161\u00ed my\u0161lenky a s\u00eddlilo by ide\u00e1ln\u011b na vyhl\u00e1\u0161en\u00e9 pra\u017esk\u00e9 adrese, m\u016f\u017eete n\u00e1m ho prodat t\u0159eba za korunu. Ide\u00e1ln\u00ed by bylo, kdyby z n\u011bj bylo vid\u011bt na Knihovnu V\u00e1clava Havla, abychom na n\u011b mohli d\u011blat t\u016fdle n\u016fdle\u2026 Ale te\u010f v\u00e1\u017en\u011b:<\/p>\n<p>Je pot\u0159eba, aby po n\u00e1s, vlastenc\u00edch, n\u011bco z\u016fstalo. A proto\u017ee proniknout do politiky nen\u00ed tak jednoduch\u00e9, (ale i kdyby to se povedlo, nen\u00ed zaji\u0161t\u011bno, \u017ee po v\u00e1s n\u011bco z\u016fstane), pak je t\u0159eba, abychom n\u011bco odk\u00e1zali mlad\u0161\u00edm generac\u00edm vlastenc\u016f. Ide\u00e1ln\u011b pr\u00e1v\u011b institut Knihovny, kde se budou moci vzd\u011bl\u00e1vat z literatury, kter\u00e1 nebude b\u011b\u017en\u011b dostupn\u00e1. Pokud po na\u0161ich ml\u00e1de\u017en\u00edc\u00edch chceme a o\u010dek\u00e1v\u00e1me, \u017ee ponesou korouhev a budou se utk\u00e1vat se soro\u0161ov\u00fdmi poh\u016fnky (jak jsem psal ve zdravici jejich sn\u011bmu\u00a0<a href=\"https:\/\/narodnidemokracie.cz\/zdravice-abb-ustavujicimu-snemu-narodni-mladeze\/\" target=\"_blank\" rel=\"noopener\"><em><strong>zde<\/strong><\/em><\/a>), pak i my bychom m\u011bli ud\u011blat n\u011bco pro n\u011b a \u2013 jim zase m\u011bli n\u011bco odk\u00e1zat. A m\u011blo by to b\u00fdt n\u011bco hmatateln\u00e9ho. Instituce. Knihy. N\u011bco velkolep\u00e9ho, majest\u00e1tn\u00edho, star\u00e9ho, starobyl\u00e9ho, \u00factu vzbuzuj\u00edc\u00edho. Prost\u011b knihovnu\u2026<\/p>\n<p>Je mi jasn\u00e9, \u017ee hned z\u00edtra zalo\u017e\u00ed Petr Hampl Knihovnu Petra Hampla, ale o tom te\u010f nemluv\u00edm. Nepot\u0159ebujeme v\u00fd\u0161t\u011bk, ani pilotn\u00ed video, po kter\u00e9m bude n\u00e1sledovat velk\u00e9 prd. Pot\u0159ebujeme \u010diny, kter\u00e9 mluv\u00ed za v\u0161e. Po\u0159\u00e1dnou Knihovnu.<\/p>\n<p>m\u011bjte se fajn<\/p>\n<p>Adam B. Barto\u0161<\/p>\n<p>PS Aby byla Knihovna skute\u010dnou knihovnou a knihy se jen nev\u00e1lely n\u011bkde v ban\u00e1novk\u00e1ch, je pot\u0159eba m\u00edt prostory, ide\u00e1ln\u011b takov\u00e9, ze kter\u00fdch v\u00e1s nevykopnou za p\u016fl roku. Proto skute\u010dn\u011b p\u0159em\u00fd\u0161l\u00edme, kde by Knihovna Jana Sk\u00e1cela mohla fungovat, alespo\u0148 prozat\u00edmn\u011b. Je to ot\u00e1zka sp\u00ed\u0161e pro Pra\u017e\u00e1ky, proto\u017ee takov\u00e1 v\u00fdznamn\u00e1 instituce mus\u00ed b\u00fdt v Praze, aby byla protip\u00f3lem v\u0161em t\u011bm slun\u00ed\u010dkov\u00fdm, soro\u0161ovsk\u00fdm a neomarxistick\u00fdm neziskovk\u00e1m. Kdyby v\u00e1s n\u011bco napadlo, v\u00edte, kam napsat\u2026<\/p>\n<p><img decoding=\"async\" loading=\"lazy\" class=\"alignnone size-full wp-image-678\" src=\"http:\/\/www.infokuryr.cz\/n\/wp-content\/uploads\/2021\/04\/narodni_demokracie_logo.jpg\" alt=\"\" width=\"300\" height=\"85\" \/><\/p>\n<p>&nbsp;<\/p>\n<p>&nbsp;<\/p>\n","protected":false},"excerpt":{"rendered":"<p>Cht\u011bl jsem v\u00e1m ned\u011bli zpest\u0159it vskutku zaj\u00edmav\u00fdm ned\u011bln\u00edkem, ale nakonec z toho vznikl ned\u011bln\u00edk takov\u00fd&#8230;<\/p>\n","protected":false},"author":2,"featured_media":679,"comment_status":"closed","ping_status":"closed","sticky":false,"template":"","format":"standard","meta":[],"categories":[6],"tags":[367,29,85],"_links":{"self":[{"href":"https:\/\/www.infokuryr.cz\/n\/wp-json\/wp\/v2\/posts\/5835"}],"collection":[{"href":"https:\/\/www.infokuryr.cz\/n\/wp-json\/wp\/v2\/posts"}],"about":[{"href":"https:\/\/www.infokuryr.cz\/n\/wp-json\/wp\/v2\/types\/post"}],"author":[{"embeddable":true,"href":"https:\/\/www.infokuryr.cz\/n\/wp-json\/wp\/v2\/users\/2"}],"replies":[{"embeddable":true,"href":"https:\/\/www.infokuryr.cz\/n\/wp-json\/wp\/v2\/comments?post=5835"}],"version-history":[{"count":0,"href":"https:\/\/www.infokuryr.cz\/n\/wp-json\/wp\/v2\/posts\/5835\/revisions"}],"wp:featuredmedia":[{"embeddable":true,"href":"https:\/\/www.infokuryr.cz\/n\/wp-json\/wp\/v2\/media\/679"}],"wp:attachment":[{"href":"https:\/\/www.infokuryr.cz\/n\/wp-json\/wp\/v2\/media?parent=5835"}],"wp:term":[{"taxonomy":"category","embeddable":true,"href":"https:\/\/www.infokuryr.cz\/n\/wp-json\/wp\/v2\/categories?post=5835"},{"taxonomy":"post_tag","embeddable":true,"href":"https:\/\/www.infokuryr.cz\/n\/wp-json\/wp\/v2\/tags?post=5835"}],"curies":[{"name":"wp","href":"https:\/\/api.w.org\/{rel}","templated":true}]}}