{"id":58320,"date":"2024-07-22T05:33:45","date_gmt":"2024-07-22T03:33:45","guid":{"rendered":"https:\/\/www.infokuryr.cz\/n\/?p=58320"},"modified":"2024-07-22T05:36:26","modified_gmt":"2024-07-22T03:36:26","slug":"nato-vice-nez-500-tisic-vojaku-je-v-nejvyssi-pohotovosti","status":"publish","type":"post","link":"https:\/\/www.infokuryr.cz\/n\/2024\/07\/22\/nato-vice-nez-500-tisic-vojaku-je-v-nejvyssi-pohotovosti\/","title":{"rendered":"NATO: V\u00edce ne\u017e 500 tis\u00edc voj\u00e1k\u016f je v nejvy\u0161\u0161\u00ed pohotovosti"},"content":{"rendered":"<div id=\"fb-root\"><\/div>\n<p class=\"lead\"><strong>V\u00edce ne\u017e 500 000 voj\u00e1k\u016f NATO je v sou\u010dasn\u00e9 dob\u011b ve stavu nejvy\u0161\u0161\u00ed pohotovosti, uvedla mluv\u010d\u00ed aliance Farah Dahlallahov\u00e1.<\/strong><\/p>\n<p><em>\u201eOd roku 2014 pro\u0161lo NATO nejv\u00fdznamn\u011bj\u0161\u00ed transformac\u00ed na\u0161\u00ed kolektivn\u00ed obrany za posledn\u00ed generaci. Zavedli jsme nejkomplexn\u011bj\u0161\u00ed obrann\u00e9 pl\u00e1ny od studen\u00e9 v\u00e1lky s v\u00edce ne\u017e 500 000 voj\u00e1ky, kte\u0159\u00ed jsou v sou\u010dasn\u00e9 dob\u011b v nejvy\u0161\u0161\u00ed pohotovosti.\u201c<span class=\"after-quote\"> &#8211; \u0159ekla\u00a0 Dahlallahov\u00e1 CNN.<\/span><\/em><\/p>\n<p>Rusk\u00fd prezident\u00a0<strong>Vladimir Putin<\/strong>\u00a0u\u017e d\u0159\u00edve v rozhovoru s americk\u00fdm novin\u00e1\u0159em\u00a0<strong>Tuckerem Carlsonem<\/strong>\u00a0podrobn\u011b vysv\u011btlil, \u017ee Moskva se nechyst\u00e1 \u00fato\u010dit na zem\u011b NATO, to ned\u00e1v\u00e1 smysl. Rusk\u00fd v\u016fdce poznamenal, \u017ee z\u00e1padn\u00ed politici pravideln\u011b zastra\u0161uj\u00ed sv\u00e9 obyvatelstvo imagin\u00e1rn\u00ed ruskou hrozbou, aby odvr\u00e1tili pozornost od vnit\u0159n\u00edch probl\u00e9m\u016f.<\/p>\n<p><img decoding=\"async\" loading=\"lazy\" class=\"alignnone size-full wp-image-1185\" src=\"http:\/\/www.infokuryr.cz\/n\/wp-content\/uploads\/2021\/04\/kuryr-podpis.png\" alt=\"\" width=\"84\" height=\"24\" \/><\/p>\n<p>&nbsp;<\/p>\n","protected":false},"excerpt":{"rendered":"<p>V\u00edce ne\u017e 500 000 voj\u00e1k\u016f NATO je v sou\u010dasn\u00e9 dob\u011b ve stavu nejvy\u0161\u0161\u00ed pohotovosti, uvedla&#8230;<\/p>\n","protected":false},"author":2,"featured_media":1818,"comment_status":"closed","ping_status":"closed","sticky":false,"template":"","format":"standard","meta":[],"categories":[7],"tags":[39,1964,321],"_links":{"self":[{"href":"https:\/\/www.infokuryr.cz\/n\/wp-json\/wp\/v2\/posts\/58320"}],"collection":[{"href":"https:\/\/www.infokuryr.cz\/n\/wp-json\/wp\/v2\/posts"}],"about":[{"href":"https:\/\/www.infokuryr.cz\/n\/wp-json\/wp\/v2\/types\/post"}],"author":[{"embeddable":true,"href":"https:\/\/www.infokuryr.cz\/n\/wp-json\/wp\/v2\/users\/2"}],"replies":[{"embeddable":true,"href":"https:\/\/www.infokuryr.cz\/n\/wp-json\/wp\/v2\/comments?post=58320"}],"version-history":[{"count":0,"href":"https:\/\/www.infokuryr.cz\/n\/wp-json\/wp\/v2\/posts\/58320\/revisions"}],"wp:featuredmedia":[{"embeddable":true,"href":"https:\/\/www.infokuryr.cz\/n\/wp-json\/wp\/v2\/media\/1818"}],"wp:attachment":[{"href":"https:\/\/www.infokuryr.cz\/n\/wp-json\/wp\/v2\/media?parent=58320"}],"wp:term":[{"taxonomy":"category","embeddable":true,"href":"https:\/\/www.infokuryr.cz\/n\/wp-json\/wp\/v2\/categories?post=58320"},{"taxonomy":"post_tag","embeddable":true,"href":"https:\/\/www.infokuryr.cz\/n\/wp-json\/wp\/v2\/tags?post=58320"}],"curies":[{"name":"wp","href":"https:\/\/api.w.org\/{rel}","templated":true}]}}