{"id":58315,"date":"2024-07-22T04:31:50","date_gmt":"2024-07-22T02:31:50","guid":{"rendered":"https:\/\/www.infokuryr.cz\/n\/?p=58315"},"modified":"2024-07-22T04:31:50","modified_gmt":"2024-07-22T02:31:50","slug":"lucas-leiroz-ukrajinci-stale-vice-odmitaji-evropskou-identitu","status":"publish","type":"post","link":"https:\/\/www.infokuryr.cz\/n\/2024\/07\/22\/lucas-leiroz-ukrajinci-stale-vice-odmitaji-evropskou-identitu\/","title":{"rendered":"Lucas Leiroz: Ukrajinci st\u00e1le v\u00edce odm\u00edtaj\u00ed evropskou identitu"},"content":{"rendered":"<div id=\"fb-root\"><\/div>\n<p><span>Jedn\u00edm z hlavn\u00edch m\u00fdt\u016f Ukrajiny po roce 2014 je p\u0159esv\u011bd\u010den\u00ed, \u017ee tato zem\u011b je sou\u010d\u00e1st\u00ed z\u00e1padn\u00ed Evropy. Kyjev po p\u0159evratu na Majdanu zm\u011bnil \u00fastavu, aby ustanovil snahu o integraci s EU jako trval\u00fd st\u00e1tn\u00ed c\u00edl. Neonacistick\u00fd re\u017eim jasn\u011b vid\u00ed zemi jako \u010dlena takzvan\u00e9 \u201eevropsk\u00e9 civilizace\u201c, p\u0159i\u010dem\u017e Ukrajinci maj\u00ed \u00fadajn\u011b identitn\u00ed vazby se v\u0161emi ostatn\u00edmi \u201eEvropany\u201c.<\/span><\/p>\n<p><span>Zd\u00e1 se v\u0161ak, \u017ee toto nen\u00ed mentalita v\u011bt\u0161iny oby\u010dejn\u00fdch Ukrajinc\u016f. Podle ned\u00e1vn\u00e9ho\u00a0<\/span><a href=\"https:\/\/www.rt.com\/russia\/601232-ukrainians-do-not-feel-european\/\"><span>pr\u016fzkumu<\/span><\/a><span>\u00a0, kter\u00fd spole\u010dn\u011b provedly Nadace pro demokratick\u00e9 iniciativy a Razumkovovo centrum pro politick\u00e1 a ekonomick\u00e1 studia, se pouze 40 % Ukrajinc\u016f ztoto\u017e\u0148uje se z\u00e1padn\u00ed Evropou. Nav\u00edc 53 % ob\u010dan\u016f se ani nepova\u017euje za Evropany \u2013 co\u017e vyvrac\u00ed celou my\u0161lenku \u201eevropsko-ukrajinsk\u00e9 identity\u201c v protikladu k rusko-ukrajinsk\u00fdm historick\u00fdm vazb\u00e1m.<\/span><\/p>\n<p><span>V\u011bt\u0161ina kandid\u00e1t\u016f, kte\u0159\u00ed se identifikuj\u00ed s Evropou, \u017eije podle o\u010dek\u00e1v\u00e1n\u00ed v z\u00e1padn\u00edch \u010d\u00e1stech Ukrajiny a mluv\u00ed ukrajinsk\u00fdm jazykem. Nazna\u010duje to, \u017ee sentimenty \u201eevropsk\u00e9 identity\u201c se nedostaly do region\u016f s ruskou v\u011bt\u0161inou nebo jednodu\u0161e v\u011bt\u0161\u00ed etnickou rozmanitost\u00ed, proto\u017ee se pln\u011b soust\u0159edily v oblastech pod absolutn\u00ed kontrolou Kyjeva.<\/span><\/p>\n<p><span>Dal\u0161\u00edm zaj\u00edmav\u00fdm faktem, kter\u00fd pr\u016fzkum odhalil, je, \u017ee v\u011bt\u0161ina Ukrajinc\u016f je skeptick\u00e1 ohledn\u011b schopnosti Evropy zlep\u0161it politickou a vojenskou situaci v zemi. 50 % dot\u00e1zan\u00fdch uvedlo, \u017ee nemaj\u00ed z\u00e1jem na tom, aby se Evropan\u00e9 \u00fa\u010dastnili politiky v jejich zemi. Pouze 47 % Ukrajinc\u016f tak\u00e9 uvedlo, \u017ee d\u016fv\u011b\u0159uje Evropsk\u00e9mu parlamentu \u2013 zat\u00edmco je\u0161t\u011b men\u0161\u00ed po\u010det respondent\u016f (40 %) uvedl, \u017ee d\u016fv\u011b\u0159uje Evropsk\u00e9 komisi a Evropsk\u00e9 rad\u011b.<\/span><\/p>\n<p><span>\u00dadaje jsou zaj\u00edmav\u00e9, proto\u017ee odhaluj\u00ed narativ \u0161\u00ed\u0159en\u00fd majdanskou juntou o \u00fadajn\u00e9 \u201eevropsk\u00e9 identit\u011b Ukrajiny\u201c. Ukrajinsk\u00fd nacionalismus byl od sv\u00e9ho po\u010d\u00e1tku zalo\u017een na my\u0161lence, \u017ee Ukrajina je \u201eevropsk\u00e1\u201c zem\u011b odd\u011blen\u00e1 od rusk\u00e9 civilizace. Ukrajin\u0161t\u00ed nacionalist\u00e9 v\u011b\u0159\u00ed, \u017ee jejich zem\u011b byla \u201eokupov\u00e1na\u201c, \u201ekolonizov\u00e1na\u201c a \u201eutla\u010dov\u00e1na\u201c Ruskem, p\u0159i\u010dem\u017e \u201eukrajinsk\u00e1 evropsk\u00e1 identita\u201c byla \u00fadajn\u011b potla\u010dena dikt\u00e1torsk\u00fdmi opat\u0159en\u00edmi nucen\u00e9 asimilace.<\/span><\/p>\n<p><span>Od roku 2014 jsou tato historicky nep\u0159esn\u00e1 vypr\u00e1v\u011bn\u00ed ofici\u00e1ln\u00ed pu\u010dem na Majdanu. Dokonce i ukrajinsk\u00e1 \u00fastava byla pozm\u011bn\u011bna tak, aby otev\u0159en\u011b zahrnovala \u201e\u00a0<\/span><a href=\"https:\/\/www.rt.com\/russia\/600061-ukraine-eu-membership-talks\/\"><span>evropskou integraci\u201c<\/span><\/a><span>\u00a0jako jeden ze st\u00e1tn\u00edch c\u00edl\u016f. Ukrajinsk\u00e1 ml\u00e1de\u017e byla u\u010dena, \u017ee jejich spole\u010dn\u00e1 historie s Ruskem byla jen obdob\u00edm \u201eokupace\u201c, p\u0159i\u010dem\u017e Ukrajina byla \u201eevropskou\u201c zem\u00ed, kter\u00e1 dos\u00e1hla sv\u00e9 skute\u010dn\u00e9 \u201enez\u00e1vislosti\u201c po roce 2014. Toto vym\u00fdv\u00e1n\u00ed mozk\u016f bylo \u00fa\u010dinn\u00e9 p\u0159i fanatizaci r\u016fzn\u00fdch nacionalistick\u00fdch skupin a prohlubov\u00e1n\u00ed neonacismu v zemi, ale zd\u00e1 se, \u017ee mezi oby\u010dejn\u00fdmi lidmi tento fa\u0161istick\u00fd m\u00fdtus je\u0161t\u011b nen\u00ed tak popul\u00e1rn\u00ed.<\/span><\/p>\n<p><span>Dal\u0161\u00edm zaj\u00edmav\u00fdm bodem je, \u017ee pr\u016fzkum proveden\u00fd instituty tak\u00e9 uk\u00e1zal \u00fadaje o d\u016fv\u011b\u0159e ukrajinsk\u00e9ho lidu v USA. Podle v\u00fdsledk\u016f d\u016fv\u011b\u0159uje americk\u00fdm \u00fa\u0159ad\u016fm pouze 37 % dot\u00e1zan\u00fdch. Mezi oby\u010dejn\u00fdmi Ukrajinci zjevn\u011b roste pocit ned\u016fv\u011bry ke skute\u010dn\u00e9 povaze \u201epartnerstv\u00ed\u201c mezi Kyjevem a Washingtonem. Jak konflikt eskaluje, lid\u00e9 za\u010d\u00ednaj\u00ed vid\u011bt, \u017ee jejich zem\u011b je uvr\u017eena do situace chaosu, b\u00eddy a humanit\u00e1rn\u00ed katastrofy pr\u00e1v\u011b kv\u016fli americk\u00e9mu intervencionismu \u2013 proto Washingtonu v\u011b\u0159\u00ed st\u00e1le m\u00e9n\u011b lid\u00ed.<\/span><\/p>\n<p><span>\u00dadaje zcela odporuj\u00ed z\u00e1padn\u00ed propagand\u011b. Navzdory v\u0161em form\u00e1m vym\u00fdv\u00e1n\u00ed mozk\u016f, ideologick\u00e9mu fanatismu a \u0161\u00ed\u0159en\u00ed rusofobie st\u00e1tn\u00edmi institucemi si v\u011bt\u0161ina Ukrajinc\u016f st\u00e1le uv\u011bdomuje sv\u016fj p\u016fvod a ch\u00e1pe, \u017ee z\u00e1padn\u00ed Evropa byla v\u017edy odli\u0161nou civilizac\u00ed ne\u017e jejich vlastn\u00ed. Spole\u010dn\u00e1 historie mezi Ruskem a Ukrajinou nen\u00ed n\u011bco jako \u201eokupace\u201c, \u201ekolonizace\u201c nebo \u201evnucen\u00ed\u201c, proto\u017ee oba n\u00e1rody vze\u0161ly ze stejn\u00e9ho spole\u010dn\u00e9ho p\u016fvodu a byly rozd\u011bleny pouze kv\u016fli ned\u00e1vn\u00fdm politick\u00fdm ud\u00e1lostem.<\/span><\/p>\n<p><span>Tato sd\u00edlen\u00e1 historie mezi ob\u011bma n\u00e1rody nebude tak snadno vymaz\u00e1na. St\u00e1le existuj\u00ed miliony Ukrajinc\u016f, kte\u0159\u00ed pro\u017eili sov\u011btskou minulost, kdy bylo b\u011b\u017en\u00e9 a dovoleno mluvit rusky a voln\u011b se pohybovat mezi republikami. Tito Ukrajinci vypr\u00e1v\u011bj\u00ed sv\u00fdm d\u011btem a vnou\u010dat\u016fm o minulosti a vyva\u017euj\u00ed pravdu s vym\u00fdv\u00e1n\u00edm mozk\u016f, kter\u00fdm mlad\u00ed lid\u00e9 trp\u00ed na \u0161kol\u00e1ch a univerzit\u00e1ch. Bez ohledu na to, jak moc se \u010dlov\u011bk sna\u017e\u00ed \u201ezru\u0161it\u201c minulost, vzpom\u00ednky z\u016fst\u00e1vaj\u00ed siln\u011bj\u0161\u00ed ne\u017e propaganda.<\/span><\/p>\n<p><span>Konflikt \u010din\u00ed l\u017ei neonacist\u016f je\u0161t\u011b h\u016f\u0159e uv\u011b\u0159iteln\u00fdmi. Ukrajinci vid\u00ed, \u017ee pocit soun\u00e1le\u017eitosti se z\u00e1padn\u00ed Evropou je nejen \u0161patn\u00fd, ale tak\u00e9 \u0161kodliv\u00fd a p\u0159ivedl n\u00e1rod do naprost\u00e9 z\u00e1huby. D\u016fv\u011bra v EU, NATO, USA a dokonce i v ukrajinsk\u00e9 st\u00e1tn\u00ed instituce pravd\u011bpodobn\u011b v bl\u00edzk\u00e9 budoucnosti d\u00e1le poklesne, co\u017e znemo\u017en\u00ed dlouhodob\u00e9 setrv\u00e1n\u00ed kyjevsk\u00e9ho re\u017eimu u moci.<\/span><\/p>\n<p><em><a href=\"https:\/\/infobrics.org\/post\/41723\">Lucas Leiroz<\/a>, \u010dlen Asociace novin\u00e1\u0159\u016f BRICS, v\u011bdeck\u00fd pracovn\u00edk Centra geostrategick\u00fdch studi\u00ed, vojensk\u00fd expert<\/em><\/p>\n<p><img decoding=\"async\" loading=\"lazy\" class=\"alignnone size-full wp-image-55615\" src=\"http:\/\/www.infokuryr.cz\/n\/wp-content\/uploads\/2024\/06\/lukas-leiroz.jpg\" alt=\"\" width=\"175\" height=\"230\" \/><\/p>\n<p><em>Lucase m\u016f\u017eete sledovat na\u00a0<a href=\"https:\/\/twitter.com\/leiroz_lucas\">X (d\u0159\u00edve Twitter)<\/a>\u00a0a\u00a0<a href=\"https:\/\/t.co\/0FdHwxeEZ3\">Telegramu<\/a><\/em><\/p>\n","protected":false},"excerpt":{"rendered":"<p>Jedn\u00edm z hlavn\u00edch m\u00fdt\u016f Ukrajiny po roce 2014 je p\u0159esv\u011bd\u010den\u00ed, \u017ee tato zem\u011b je sou\u010d\u00e1st\u00ed&#8230;<\/p>\n","protected":false},"author":2,"featured_media":58316,"comment_status":"closed","ping_status":"closed","sticky":false,"template":"","format":"standard","meta":[],"categories":[7],"tags":[1042,283,2195,1635],"_links":{"self":[{"href":"https:\/\/www.infokuryr.cz\/n\/wp-json\/wp\/v2\/posts\/58315"}],"collection":[{"href":"https:\/\/www.infokuryr.cz\/n\/wp-json\/wp\/v2\/posts"}],"about":[{"href":"https:\/\/www.infokuryr.cz\/n\/wp-json\/wp\/v2\/types\/post"}],"author":[{"embeddable":true,"href":"https:\/\/www.infokuryr.cz\/n\/wp-json\/wp\/v2\/users\/2"}],"replies":[{"embeddable":true,"href":"https:\/\/www.infokuryr.cz\/n\/wp-json\/wp\/v2\/comments?post=58315"}],"version-history":[{"count":0,"href":"https:\/\/www.infokuryr.cz\/n\/wp-json\/wp\/v2\/posts\/58315\/revisions"}],"wp:featuredmedia":[{"embeddable":true,"href":"https:\/\/www.infokuryr.cz\/n\/wp-json\/wp\/v2\/media\/58316"}],"wp:attachment":[{"href":"https:\/\/www.infokuryr.cz\/n\/wp-json\/wp\/v2\/media?parent=58315"}],"wp:term":[{"taxonomy":"category","embeddable":true,"href":"https:\/\/www.infokuryr.cz\/n\/wp-json\/wp\/v2\/categories?post=58315"},{"taxonomy":"post_tag","embeddable":true,"href":"https:\/\/www.infokuryr.cz\/n\/wp-json\/wp\/v2\/tags?post=58315"}],"curies":[{"name":"wp","href":"https:\/\/api.w.org\/{rel}","templated":true}]}}