{"id":58297,"date":"2024-07-22T00:50:27","date_gmt":"2024-07-21T22:50:27","guid":{"rendered":"https:\/\/www.infokuryr.cz\/n\/?p=58297"},"modified":"2024-07-21T20:53:45","modified_gmt":"2024-07-21T18:53:45","slug":"biden-podporil-kamalu-harrisovou-za-americkou-prezidentku","status":"publish","type":"post","link":"https:\/\/www.infokuryr.cz\/n\/2024\/07\/22\/biden-podporil-kamalu-harrisovou-za-americkou-prezidentku\/","title":{"rendered":"Biden podpo\u0159il Kamalu Harrisovou za americkou prezidentku"},"content":{"rendered":"<div id=\"fb-root\"><\/div>\n<p><span style=\"font-size: 18pt;\"><strong>Prezident Biden, po ozn\u00e1men\u00ed sv\u00e9ho dostoupen\u00ed z volebn\u00edho kl\u00e1n\u00ed,\u00a0 form\u00e1ln\u011b podpo\u0159il svou viceprezidentku, aby se stala demokratickou kandid\u00e1tkou<\/strong><\/span><\/p>\n<p><span>Americk\u00fd prezident Joe Biden nab\u00eddl svou\u00a0<\/span><em><span>\u201eplnou podporu \u201c<\/span><\/em><span> viceprezidentce Kamale Harris, aby byla vybr\u00e1na jako kandid\u00e1tka Demokratick\u00e9 strany pro nadch\u00e1zej\u00edc\u00ed volby. Prezident prohl\u00e1sil svou podporu na X (d\u0159\u00edve Twitter), kr\u00e1tce pot\u00e9, co ozn\u00e1mil rozhodnut\u00ed odstoupit z volebn\u00edho kl\u00e1n\u00ed.<\/span><\/p>\n<p><span>Biden zopakoval sv\u00e9 rozhodnut\u00ed\u00a0<\/span><em><span>\u201enep\u0159ijmout nominaci\u201c<\/span><\/em><span>\u00a0a soust\u0159edit ve\u0161kerou svou\u00a0<\/span><em><span>\u201eenergii\u201c<\/span><\/em><span> na sv\u00e9 prezidentsk\u00e9 povinnosti a \u0159ekl, \u017ee vybrat si Harrisovou jako svoji viceprezidentku bylo <\/span><em><span>\u201enejlep\u0161\u00ed rozhodnut\u00ed\u201c,<\/span><\/em><span>\u00a0kter\u00e9 ud\u011blal.\u00a0<\/span><\/p>\n<p><em><span>\u201eDnes chci nab\u00eddnout svou plnou podporu a podporu tomu, aby se Kamala letos stala kandid\u00e1tkou na\u0161\u00ed strany. Demokrat\u00e9 \u2013 je \u010das sej\u00edt se a porazit Trumpa. Ud\u011blejme to,\u201c<\/span><\/em><span>\u00a0napsal Biden.<\/span><\/p>\n<p><span>Kr\u00e1tce p\u0159ed t\u00edm, ne\u017e podpo\u0159il Harrisovou, vydal Biden otev\u0159en\u00fd dopis, v n\u011bm\u017e ozn\u00e1mil sv\u00e9 odstoupen\u00ed z prezidentsk\u00e9ho kl\u00e1n\u00ed.\u00a0<\/span><\/p>\n<p><em><span>\u201eA\u010dkoli bylo m\u00fdm z\u00e1m\u011brem usilovat o znovuzvolen\u00ed, v\u011b\u0159\u00edm, \u017ee je v nejlep\u0161\u00edm z\u00e1jmu m\u00e9 strany a zem\u011b, abych odstoupil a soust\u0159edil se pouze na pln\u011bn\u00ed sv\u00fdch povinnost\u00ed jako prezident po zbytek sv\u00e9ho funk\u010dn\u00edho obdob\u00ed,\u201c<\/span><\/em><span>\u00a0napsal. , sl\u00edbil, \u017ee se pozd\u011bji v t\u00e9to v\u011bci obr\u00e1t\u00ed na n\u00e1rod.<\/span><\/p>\n<p><span>B\u00fdval\u00fd americk\u00fd prezident a kandid\u00e1t Republik\u00e1nsk\u00e9 strany Donald Trump rychle komentoval sta\u017een\u00ed sv\u00e9ho pravd\u011bpodobn\u00e9ho rivala a ozna\u010dil Bidena za\u00a0<\/span><em><span>\u201enejhor\u0161\u00edho prezidenta v\u016fbec\u201c.<\/span><\/em><span> Trump tak\u00e9 schv\u00e1lil podporu Harrisov\u00e9 a nazna\u010dil, \u017ee porazit ji <\/span><em><span>\u201ebude snaz\u0161\u00ed ne\u017e Bidena\u201c.<\/span><\/em><\/p>\n<p><img decoding=\"async\" loading=\"lazy\" class=\"alignnone size-full wp-image-1185\" src=\"http:\/\/www.infokuryr.cz\/n\/wp-content\/uploads\/2021\/04\/kuryr-podpis.png\" alt=\"\" width=\"84\" height=\"24\" \/><\/p>\n<p>&nbsp;<\/p>\n","protected":false},"excerpt":{"rendered":"<p>Prezident Biden, po ozn\u00e1men\u00ed sv\u00e9ho dostoupen\u00ed z volebn\u00edho kl\u00e1n\u00ed,\u00a0 form\u00e1ln\u011b podpo\u0159il svou viceprezidentku, aby se&#8230;<\/p>\n","protected":false},"author":2,"featured_media":58298,"comment_status":"closed","ping_status":"closed","sticky":false,"template":"","format":"standard","meta":[],"categories":[7],"tags":[72,4122,27],"_links":{"self":[{"href":"https:\/\/www.infokuryr.cz\/n\/wp-json\/wp\/v2\/posts\/58297"}],"collection":[{"href":"https:\/\/www.infokuryr.cz\/n\/wp-json\/wp\/v2\/posts"}],"about":[{"href":"https:\/\/www.infokuryr.cz\/n\/wp-json\/wp\/v2\/types\/post"}],"author":[{"embeddable":true,"href":"https:\/\/www.infokuryr.cz\/n\/wp-json\/wp\/v2\/users\/2"}],"replies":[{"embeddable":true,"href":"https:\/\/www.infokuryr.cz\/n\/wp-json\/wp\/v2\/comments?post=58297"}],"version-history":[{"count":0,"href":"https:\/\/www.infokuryr.cz\/n\/wp-json\/wp\/v2\/posts\/58297\/revisions"}],"wp:featuredmedia":[{"embeddable":true,"href":"https:\/\/www.infokuryr.cz\/n\/wp-json\/wp\/v2\/media\/58298"}],"wp:attachment":[{"href":"https:\/\/www.infokuryr.cz\/n\/wp-json\/wp\/v2\/media?parent=58297"}],"wp:term":[{"taxonomy":"category","embeddable":true,"href":"https:\/\/www.infokuryr.cz\/n\/wp-json\/wp\/v2\/categories?post=58297"},{"taxonomy":"post_tag","embeddable":true,"href":"https:\/\/www.infokuryr.cz\/n\/wp-json\/wp\/v2\/tags?post=58297"}],"curies":[{"name":"wp","href":"https:\/\/api.w.org\/{rel}","templated":true}]}}